{"id":1900666,"date":"2026-04-24T12:50:00","date_gmt":"2026-04-24T09:50:00","guid":{"rendered":"https:\/\/analyse.optim.biz\/?p=1900666"},"modified":"2026-04-24T12:50:00","modified_gmt":"2026-04-24T09:50:00","slug":"lo-scatto-di-malago-lex-n-1-dello-sport-italiano-convince-calciatori-e-allenatori-e","status":"publish","type":"post","link":"https:\/\/analyse.optim.biz\/?p=1900666","title":{"rendered":"Lo scatto di malago\u2019 &#8211; l&#8217;ex n.1 dello sport italiano convince calciatori e allenatori e"},"content":{"rendered":"<p>[analyse_image type=&#8221;featured&#8221; src=&#8221;https:\/\/static.dagospia.com\/img\/patch\/04-2026\/giancarlo-abete-giovanni-malago-2253240_600_q50.webp&#8221;]<\/p>\n<article>\n<div class=\"img-wrapper\"><img decoding=\"async\" src=\"https:\/\/static.dagospia.com\/img\/patch\/04-2026\/giancarlo-abete-giovanni-malago-2253240_600_q50.webp\" alt=\"giancarlo abete giovanni malag\u00f2\"><time class=\"data-ora\">24 apr 2026 14:50<\/time><\/div>\n<p><span>LO SCATTO DI MALAGO\u2019 &#8211;<\/span> L&#8217;EX N.1 DELLO SPORT ITALIANO CONVINCE CALCIATORI E ALLENATORI E <span>SEMBRA IN VANTAGGIO SU ABETE ANCHE SE LA DECISIONE FINALE DI\u00a0AIC\u00a0E ASSOALLENATORI (CHE SPOSTANO IL 30% DEI VOTI)<\/span> ARRIVER\u00c0 A FINE MESE &#8211; L\u2019ASSOCIAZIONE CALCIATORI\u00a0NON VUOLE STUDIARE CON ABETE UN ALTRO PROFILO DA CANDIDARE IN COMPETIZIONE A MALAG\u00d2 DI CUI HA GRADITO LA SCELTA DI AVERE UN EX GIOCATORE (MALDINI, DEL PIERO, ALBERTINI, ZOLA O COSTACURTA) NELLA SQUADRA\u2026<\/p>\n<\/article>\n<div class=\"share-section\">\n                Condividi  questo articolo<\/p>\n<div class=\"socials\"><a href=\"http:\/\/www.facebook.com\/sharer.php?u=http:\/\/www.dagospia.com\/sport\/scatto-malago-l-ex-n-1-sport-italiano-convince-calciatori-allenatori-471998\" target=\"_blank\"><img decoding=\"async\" src=\"https:\/\/static.dagospia.com\/img\/icons\/facebook.svg\" alt=\"Condividi su Facebook\"><\/a><a href=\"http:\/\/www.twitter.com\/share?url=http:\/\/www.dagospia.com\/sport\/scatto-malago-l-ex-n-1-sport-italiano-convince-calciatori-allenatori-471998&amp;text=LO%20SCATTO%20DI%20MALAGO%E2%80%99%20-%20L'EX%20N.1%20DELLO%20SPORT%20ITALIANO%20CONVINCE%20CALCIATORI%20E%20ALLENATORI%20E\" target=\"_blank\"><img decoding=\"async\" src=\"https:\/\/static.dagospia.com\/img\/icons\/x-icon.png\" alt=\"Condividi su X\"><\/a><a href=\"\/\/www.dagospia.com\/sport\/scatto-malago-l-ex-n-1-sport-italiano-convince-calciatori-allenatori-471998\" target=\"_blank\"><img decoding=\"async\" src=\"https:\/\/static.dagospia.com\/img\/icons\/whatsapp.svg\" alt=\"Condividi su Whatsapp\"><\/a><a href=\"mailto:?body=http:\/\/www.dagospia.com\/sport\/scatto-malago-l-ex-n-1-sport-italiano-convince-calciatori-allenatori-471998\" target=\"_blank\"><img decoding=\"async\" src=\"https:\/\/static.dagospia.com\/img\/icons\/mail.svg\" alt=\"Invia in email\"><\/a><\/div>\n<\/div>\n<div class=\"content\">\n<p class=\"disable\">\u00a0<\/p>\n<p class=\"disable\"><strong>MALAG\u00d2 CONVINCE CALCIATORI E ALLENATORI<\/strong><\/p>\n<p class=\"disable\"><strong>Monica Colombo per il <a href=\"http:\/\/www.corriere.it\" target=\"_blank\">\u201cCorriere della Sera\u201d &#8211; Estratti<\/a><\/strong><\/p>\n<p class=\"disable\">\u00a0<\/p>\n<p><a href=\"https:\/\/www.dagospia.com\/media-gallery\/dago-fotogallery-508426\/2252989\" class=\"float-right img-wrapper\"><img decoding=\"async\" id=\"2252989\" loading=\"lazy\" src=\"https:\/\/static.dagospia.com\/img\/foto\/04-2026\/malago-abete-2252989_800_q50.webp\"><span class=\"img-title\">MALAGO ABETE<\/span><\/a><\/p>\n<p class=\"disable\"><span data-ccp-props=\"{}\"><span data-contrast=\"auto\" xml:lang=\"IT-IT\">A 19 giorni dalla scadenza per la presentazione delle candidature alla corsa a presidente Figc, salgono le quotazioni di Giovanni Malag\u00f2. Il profilo che gi\u00e0 ha ricevuto il sostegno di 19 club della serie A ieri ha avuto un incontro molto positivo con le componenti tecniche che insieme pesano per il 30% nel computo elettorale.<\/span><\/span><\/p>\n<p class=\"disable\">\u00a0<\/p>\n<p class=\"disable\"><span data-ccp-props=\"{}\"><span data-contrast=\"auto\" xml:lang=\"IT-IT\">In pratica\u00a0Assocalciatori<\/span>\u00a0e Allenatori sono l\u2019ago della bilancia nel duello a distanza fra l\u2019ex presidente del Coni e Giancarlo Abete, numero uno dei Dilettanti. In mattinata si \u00e8 svolto un vertice di due ore con Malag\u00f2, alla presenza del presidente\u00a0<\/span>dell\u2019Aic, Calcagno con il dg Grazioli e del presidente dell\u2019associazione allenatori, Ulivieri. \u00abC\u2019\u00e8 stata condivisione sui principali temi in discussione\u00bb hanno chiarito le componenti<\/p>\n<p class=\"disable\">\u00a0<\/p>\n<p class=\"disable\">\u00a0<\/p>\n<p class=\"disable\"><span data-ccp-props=\"{}\"><span data-contrast=\"auto\" xml:lang=\"IT-IT\">Malag\u00f2 ha rassicurato giocatori e tecnici sulle misure a favore dei calciatori italiani, introducendo la premialit\u00e0; li ha tranquillizzati sul sostegno al calcio femminile e sulla scelta che verr\u00e0 condivisa in merito alla figura dell\u2019ex giocatore da coinvolgere in Club Italia. Nomi non ne sono stati fatti, ma certo Albertini e Zola sono graditi\u00a0all\u2019Aic<\/span>\u00a0mentre Maldini e Costacurta sono sul taccuino di Malag\u00f2.\u00a0<\/span>Occhio a Claudio Ranieri, dopo la crisi a Roma.<\/p>\n<p><a href=\"https:\/\/www.dagospia.com\/media-gallery\/dago-fotogallery-508426\/2254788\" class=\"float-left img-wrapper\"><img decoding=\"async\" id=\"2254788\" loading=\"lazy\" src=\"https:\/\/static.dagospia.com\/img\/foto\/04-2026\/giovanni-malago-2254788_800_q50.webp\"><span class=\"img-title\">giovanni malag\u00f2<\/span><\/a><\/p>\n<p class=\"disable\">\u00a0<\/p>\n<p class=\"disable\"><span data-ccp-props=\"{}\">(\u2026) <\/span>La sensazione \u00e8 che la base dei giocatori spinga per una figura nuova nel calcio, cio\u00e8 Malag\u00f2, mentre Abete faccia ancora breccia sugli allenatori. Il numero uno dei Dilettanti ha suggerito agli interlocutori di non uscire allo scoperto a breve ma di esporsi solo il 13 maggio.\u00a0L\u2019Aic\u00a0non vuole aspettare e neanche studiare con Abete un altro profilo da candidare in competizione a Malag\u00f2.<\/p>\n<p class=\"disable\">\u00a0<\/p>\n<p class=\"disable\">\u00a0<\/p>\n<p class=\"disable\"><span data-ccp-props=\"{}\"><span data-ccp-props=\"{}\"><span data-contrast=\"auto\" xml:lang=\"IT-IT\"><strong>CLUB ITALIA, VIVAI ED EX GIOCATORI TRA MALAG\u00d2 E CALCIATORI INTESA VICINA<\/strong><\/span><\/span><\/span><\/p>\n<p class=\"disable\"><strong><span data-ccp-props=\"{}\"><span data-ccp-props=\"{}\"><span data-contrast=\"auto\" xml:lang=\"IT-IT\">A. Ser.\u00a0per<a href=\"http:\/\/www.repubblica.it\" target=\"_blank\"> \u201cla Repubblica\u201d<\/a><\/span><\/span><\/span><a href=\"http:\/\/www.repubblica.it\" target=\"_blank\">\u00a0&#8211; Estratti<\/a><\/strong><\/p>\n<p class=\"disable\">\u00a0<\/p>\n<p><a href=\"https:\/\/www.dagospia.com\/media-gallery\/dago-fotogallery-508426\/1966781\" class=\"float-right img-wrapper\"><img decoding=\"async\" id=\"1966781\" loading=\"lazy\" src=\"https:\/\/static.dagospia.com\/img\/foto\/03-2024\/umberto-calcagno-1966781_800_q50.webp\"><span class=\"img-title\">umberto calcagno<\/span><\/a><\/p>\n<p class=\"disable\"><span data-ccp-props=\"{}\"><span data-ccp-props=\"{}\"><span data-contrast=\"auto\" xml:lang=\"IT-IT\">In vantaggio perch\u00e9 percepito come elemento di novit\u00e0.<\/span><\/span><\/span>\u00a0<\/p>\n<p class=\"disable\">\u00a0<\/p>\n<p class=\"disable\"><span data-ccp-props=\"{}\"><span data-ccp-props=\"{}\"><span data-contrast=\"auto\" xml:lang=\"IT-IT\">E non solo. Dopo il secondo round di colloqui con le associazioni di calciatori e allenatori, Giovanni Malag\u00f2 \u00e8 davanti nella corsa a due con Giancarlo Abete alla poltrona di presidente della Figc.<\/span><\/span><\/span>\u00a0<\/p>\n<p class=\"disable\">\u00a0<\/p>\n<p class=\"disable\"><span data-ccp-props=\"{}\"><span data-ccp-props=\"{}\"><span data-contrast=\"auto\" xml:lang=\"IT-IT\">Nulla \u00e8 definito, la decisione su chi appoggiare\u00a0Aic<\/span>\u00a0e\u00a0<\/span>Aiac<\/span>\u00a0(che spostano il 30% dei voti) la prenderanno entro fine mese. Ma il vantaggio \u00e8 chiaro.\u00a0<\/p>\n<p class=\"disable\">\u00a0<\/p>\n<p class=\"disable\"><span data-ccp-props=\"{}\"><span data-ccp-props=\"{}\"><span data-contrast=\"auto\" xml:lang=\"IT-IT\">Ieri mattina il valzer \u00e8 iniziato con Malag\u00f2, con cui le componenti tecniche (presenti tutti i vertici, compresi ovviamente i presidenti Calcagno e Ulivieri) hanno chiacchierato due ore. <\/span><\/span><\/span><\/p>\n<p class=\"disable\">\u00a0<\/p>\n<p><a href=\"https:\/\/www.dagospia.com\/media-gallery\/dago-fotogallery-508426\/2252987\" class=\"float-left img-wrapper\"><img decoding=\"async\" id=\"2252987\" loading=\"lazy\" src=\"https:\/\/static.dagospia.com\/img\/foto\/04-2026\/malago-abete-albertini-paolo-maldini-2252987_800_q50.webp\"><span class=\"img-title\">MALAGO ABETE ALBERTINI PAOLO MALDINI<\/span><\/a><\/p>\n<p class=\"disable\"><span data-ccp-props=\"{}\"><span data-ccp-props=\"{}\"><span data-contrast=\"auto\" xml:lang=\"IT-IT\">L&#8217;ex numero uno del Coni ha fatto tante domande, c&#8217;\u00e8 stato un fitto scambio di idee: lo conoscono di meno, Malag\u00f2 si \u00e8 esposto su diversi argomenti. <\/span><\/span><\/span><\/p>\n<p class=\"disable\">\u00a0<\/p>\n<p class=\"disable\"><span data-ccp-props=\"{}\"><span data-ccp-props=\"{}\"><span data-contrast=\"auto\" xml:lang=\"IT-IT\">Tra questi, si \u00e8 parlato dello studio di norme premiali che favoriscano l&#8217;impiego di calciatori convocabili in Nazionale, di contributi per il calcio femminile, della difesa della riforma dei settori giovanili voluta da Gravina, poi di ex calciatori autorevoli da coinvolgere nel progetto (\u00abUna necessit\u00e0 condivisa\u00bb, ha detto Calcagno). <\/span><\/span><\/span><\/p>\n<p class=\"disable\">\u00a0<\/p>\n<p><a href=\"https:\/\/www.dagospia.com\/media-gallery\/dago-fotogallery-508426\/2131936\" class=\"float-right img-wrapper\"><img decoding=\"async\" id=\"2131936\" loading=\"lazy\" src=\"https:\/\/static.dagospia.com\/img\/foto\/05-2025\/renzo-ulivieri-foto-mezzelani-gmt-034-2131936_800_q50.webp\"><span class=\"img-title\">renzo ulivieri foto mezzelani gmt 034<\/span><\/a><\/p>\n<p class=\"disable\"><span data-ccp-props=\"{}\"><span data-ccp-props=\"{}\"><span data-contrast=\"auto\" xml:lang=\"IT-IT\">Si \u00e8 discusso pi\u00f9 di ruoli che di nomi, eppure Malag\u00f2 ha detto di averne in mente un paio per rilanciare la Nazionale. <\/span><\/span><\/span><\/p>\n<p class=\"disable\">\u00a0<\/p>\n<p class=\"disable\"><span data-ccp-props=\"{}\"><span data-ccp-props=\"{}\"><span data-contrast=\"auto\" xml:lang=\"IT-IT\">L&#8217;idea \u00e8 di creare una figura simile a un direttore sportivo. L&#8217;ex n.1 del Coni pensa a Maldini e Del Piero, ma Zola sarebbe un profilo gradito a tutti: ha ben impressionato la riforma con cui in serie C (di cui \u00e8 vicepresidente) ha favorito l&#8217;utilizzo di giovani italiani.<\/span><\/span><\/span>\u00a0<\/p>\n<p><a href=\"https:\/\/www.dagospia.com\/media-gallery\/dago-fotogallery-508426\/2250079\" class=\"float-right img-wrapper\"><img decoding=\"async\" id=\"2250079\" loading=\"lazy\" src=\"https:\/\/static.dagospia.com\/img\/foto\/04-2026\/malago-abodi-meloni-2250079_800_q50.webp\"><span class=\"img-title\">MALAGO ABODI MELONI<\/span><\/a><a href=\"https:\/\/www.dagospia.com\/media-gallery\/dago-fotogallery-508426\/2249031\" class=\"float-left img-wrapper\"><img decoding=\"async\" id=\"2249031\" loading=\"lazy\" src=\"https:\/\/static.dagospia.com\/img\/foto\/04-2026\/malago-2249031_800_q50.webp\"><span class=\"img-title\">malago<\/span><\/a><a href=\"https:\/\/www.dagospia.com\/media-gallery\/dago-fotogallery-508426\/2078939\" class=\"float-right img-wrapper\"><img decoding=\"async\" id=\"2078939\" loading=\"lazy\" src=\"https:\/\/static.dagospia.com\/img\/foto\/12-2024\/renzo-ulivieri-2078939_800_q50.webp\"><span class=\"img-title\">renzo ulivieri<\/span><\/a><\/p>\n<p class=\"disable\">\u00a0<\/p>\n<p><a href=\"https:\/\/www.dagospia.com\/media-gallery\/dago-fotogallery-508426\/2252262\" class=\"float-right img-wrapper\"><img decoding=\"async\" id=\"2252262\" loading=\"lazy\" src=\"https:\/\/static.dagospia.com\/img\/foto\/04-2026\/malago-marotta-2252262_800_q50.webp\"><span class=\"img-title\">malago marotta<\/span><\/a><a href=\"https:\/\/www.dagospia.com\/media-gallery\/dago-fotogallery-508426\/2248305\" class=\"float-right img-wrapper\"><img decoding=\"async\" id=\"2248305\" loading=\"lazy\" src=\"https:\/\/static.dagospia.com\/img\/foto\/03-2026\/giovanni-malago-foto-mezzelani-gmt-31-2248305_800_q50.webp\"><span class=\"img-title\">giovanni malago foto mezzelani gmt 31<\/span><\/a><a href=\"https:\/\/www.dagospia.com\/media-gallery\/dago-fotogallery-508426\/2245015\" class=\"float-right img-wrapper\"><img decoding=\"async\" id=\"2245015\" loading=\"lazy\" src=\"https:\/\/static.dagospia.com\/img\/foto\/03-2026\/giovanni-malago-foto-mezzelani-gmt-0035-2245015_800_q50.webp\"><span class=\"img-title\">giovanni malago foto mezzelani gmt 0035<\/span><\/a><a href=\"https:\/\/www.dagospia.com\/media-gallery\/dago-fotogallery-508426\/514437\" class=\"float-right img-wrapper\"><img decoding=\"async\" id=\"514437\" loading=\"lazy\" src=\"https:\/\/static.dagospia.com\/img\/foto\/12-2013\/abete-beretta-malago-291281_800_q50.webp\"><span class=\"img-title\">Abete Beretta e Malago <\/span><\/a><\/p>\n<p class=\"disable\"><span data-ccp-props=\"{}\"><span data-ccp-props=\"{}\">(\u2026)<\/span><\/span><\/p>\n<\/div>\n<div class=\"share-section\">\n                Condividi  questo articolo<\/p>\n<div class=\"socials\"><a href=\"https:\/\/www.dagospia.com\/sport\/scatto-malago-l-ex-n-1-sport-italiano-convince-calciatori-allenatori-471998\"><img decoding=\"async\" src=\"https:\/\/static.dagospia.com\/img\/icons\/facebook.svg\" alt=\"Condividi su Facebook\"><\/a><a href=\"https:\/\/www.dagospia.com\/sport\/scatto-malago-l-ex-n-1-sport-italiano-convince-calciatori-allenatori-471998\"><img decoding=\"async\" src=\"https:\/\/static.dagospia.com\/img\/icons\/x-icon.png\" alt=\"Condividi su X\"><\/a><a href=\"https:\/\/www.dagospia.com\/sport\/scatto-malago-l-ex-n-1-sport-italiano-convince-calciatori-allenatori-471998\"><img decoding=\"async\" src=\"https:\/\/static.dagospia.com\/img\/icons\/whatsapp.svg\" alt=\"Condividi su Whatsapp\"><\/a><a href=\"https:\/\/www.dagospia.com\/sport\/scatto-malago-l-ex-n-1-sport-italiano-convince-calciatori-allenatori-471998\"><img decoding=\"async\" src=\"https:\/\/static.dagospia.com\/img\/icons\/mail.svg\" alt=\"Invia in email\"><\/a><\/div>\n<\/div>\n<div class=\"content\">\n<p class=\"disable\">\u00a0<\/p>\n<p class=\"disable\"><strong>MALAG\u00d2 CONVINCE CALCIATORI E ALLENATORI<\/strong><\/p>\n<p class=\"disable\"><strong>Monica Colombo per il <a href=\"http:\/\/www.corriere.it\" target=\"_blank\">\u201cCorriere della Sera\u201d &#8211; Estratti<\/a><\/strong><\/p>\n<p class=\"disable\">\u00a0<\/p>\n<p><a href=\"https:\/\/www.dagospia.com\/media-gallery\/dago-fotogallery-508426\/2252989\" class=\"float-right img-wrapper\"><img decoding=\"async\" id=\"2252989\" loading=\"lazy\" src=\"https:\/\/static.dagospia.com\/img\/foto\/04-2026\/malago-abete-2252989_800_q50.webp\"><span class=\"img-title\">MALAGO ABETE<\/span><\/a><\/p>\n<p class=\"disable\"><span data-ccp-props=\"{}\"><span data-contrast=\"auto\" xml:lang=\"IT-IT\">A 19 giorni dalla scadenza per la presentazione delle candidature alla corsa a presidente Figc, salgono le quotazioni di Giovanni Malag\u00f2. Il profilo che gi\u00e0 ha ricevuto il sostegno di 19 club della serie A ieri ha avuto un incontro molto positivo con le componenti tecniche che insieme pesano per il 30% nel computo elettorale.<\/span><\/span><\/p>\n<p class=\"disable\">\u00a0<\/p>\n<p class=\"disable\"><span data-ccp-props=\"{}\"><span data-contrast=\"auto\" xml:lang=\"IT-IT\">In pratica\u00a0Assocalciatori<\/span>\u00a0e Allenatori sono l\u2019ago della bilancia nel duello a distanza fra l\u2019ex presidente del Coni e Giancarlo Abete, numero uno dei Dilettanti. In mattinata si \u00e8 svolto un vertice di due ore con Malag\u00f2, alla presenza del presidente\u00a0<\/span>dell\u2019Aic, Calcagno con il dg Grazioli e del presidente dell\u2019associazione allenatori, Ulivieri. \u00abC\u2019\u00e8 stata condivisione sui principali temi in discussione\u00bb hanno chiarito le componenti<\/p>\n<p class=\"disable\">\u00a0<\/p>\n<p class=\"disable\">\u00a0<\/p>\n<p class=\"disable\"><span data-ccp-props=\"{}\"><span data-contrast=\"auto\" xml:lang=\"IT-IT\">Malag\u00f2 ha rassicurato giocatori e tecnici sulle misure a favore dei calciatori italiani, introducendo la premialit\u00e0; li ha tranquillizzati sul sostegno al calcio femminile e sulla scelta che verr\u00e0 condivisa in merito alla figura dell\u2019ex giocatore da coinvolgere in Club Italia. Nomi non ne sono stati fatti, ma certo Albertini e Zola sono graditi\u00a0all\u2019Aic<\/span>\u00a0mentre Maldini e Costacurta sono sul taccuino di Malag\u00f2.\u00a0<\/span>Occhio a Claudio Ranieri, dopo la crisi a Roma.<\/p>\n<p><a href=\"https:\/\/www.dagospia.com\/media-gallery\/dago-fotogallery-508426\/2254788\" class=\"float-left img-wrapper\"><img decoding=\"async\" id=\"2254788\" loading=\"lazy\" src=\"https:\/\/static.dagospia.com\/img\/foto\/04-2026\/giovanni-malago-2254788_800_q50.webp\"><span class=\"img-title\">giovanni malag\u00f2<\/span><\/a><\/p>\n<p class=\"disable\">\u00a0<\/p>\n<p class=\"disable\"><span data-ccp-props=\"{}\">(\u2026) <\/span>La sensazione \u00e8 che la base dei giocatori spinga per una figura nuova nel calcio, cio\u00e8 Malag\u00f2, mentre Abete faccia ancora breccia sugli allenatori. Il numero uno dei Dilettanti ha suggerito agli interlocutori di non uscire allo scoperto a breve ma di esporsi solo il 13 maggio.\u00a0L\u2019Aic\u00a0non vuole aspettare e neanche studiare con Abete un altro profilo da candidare in competizione a Malag\u00f2.<\/p>\n<p class=\"disable\">\u00a0<\/p>\n<p class=\"disable\">\u00a0<\/p>\n<p class=\"disable\"><span data-ccp-props=\"{}\"><span data-ccp-props=\"{}\"><span data-contrast=\"auto\" xml:lang=\"IT-IT\"><strong>CLUB ITALIA, VIVAI ED EX GIOCATORI TRA MALAG\u00d2 E CALCIATORI INTESA VICINA<\/strong><\/span><\/span><\/span><\/p>\n<p class=\"disable\"><strong><span data-ccp-props=\"{}\"><span data-ccp-props=\"{}\"><span data-contrast=\"auto\" xml:lang=\"IT-IT\">A. Ser.\u00a0per<a href=\"http:\/\/www.repubblica.it\" target=\"_blank\"> \u201cla Repubblica\u201d<\/a><\/span><\/span><\/span><a href=\"http:\/\/www.repubblica.it\" target=\"_blank\">\u00a0&#8211; Estratti<\/a><\/strong><\/p>\n<p class=\"disable\">\u00a0<\/p>\n<p><a href=\"https:\/\/www.dagospia.com\/media-gallery\/dago-fotogallery-508426\/1966781\" class=\"float-right img-wrapper\"><img decoding=\"async\" id=\"1966781\" loading=\"lazy\" src=\"https:\/\/static.dagospia.com\/img\/foto\/03-2024\/umberto-calcagno-1966781_800_q50.webp\"><span class=\"img-title\">umberto calcagno<\/span><\/a><\/p>\n<p class=\"disable\"><span data-ccp-props=\"{}\"><span data-ccp-props=\"{}\"><span data-contrast=\"auto\" xml:lang=\"IT-IT\">In vantaggio perch\u00e9 percepito come elemento di novit\u00e0.<\/span><\/span><\/span>\u00a0<\/p>\n<p class=\"disable\">\u00a0<\/p>\n<p class=\"disable\"><span data-ccp-props=\"{}\"><span data-ccp-props=\"{}\"><span data-contrast=\"auto\" xml:lang=\"IT-IT\">E non solo. Dopo il secondo round di colloqui con le associazioni di calciatori e allenatori, Giovanni Malag\u00f2 \u00e8 davanti nella corsa a due con Giancarlo Abete alla poltrona di presidente della Figc.<\/span><\/span><\/span>\u00a0<\/p>\n<p class=\"disable\">\u00a0<\/p>\n<p class=\"disable\"><span data-ccp-props=\"{}\"><span data-ccp-props=\"{}\"><span data-contrast=\"auto\" xml:lang=\"IT-IT\">Nulla \u00e8 definito, la decisione su chi appoggiare\u00a0Aic<\/span>\u00a0e\u00a0<\/span>Aiac<\/span>\u00a0(che spostano il 30% dei voti) la prenderanno entro fine mese. Ma il vantaggio \u00e8 chiaro.\u00a0<\/p>\n<p class=\"disable\">\u00a0<\/p>\n<p class=\"disable\"><span data-ccp-props=\"{}\"><span data-ccp-props=\"{}\"><span data-contrast=\"auto\" xml:lang=\"IT-IT\">Ieri mattina il valzer \u00e8 iniziato con Malag\u00f2, con cui le componenti tecniche (presenti tutti i vertici, compresi ovviamente i presidenti Calcagno e Ulivieri) hanno chiacchierato due ore. <\/span><\/span><\/span><\/p>\n<p class=\"disable\">\u00a0<\/p>\n<p><a href=\"https:\/\/www.dagospia.com\/media-gallery\/dago-fotogallery-508426\/2252987\" class=\"float-left img-wrapper\"><img decoding=\"async\" id=\"2252987\" loading=\"lazy\" src=\"https:\/\/static.dagospia.com\/img\/foto\/04-2026\/malago-abete-albertini-paolo-maldini-2252987_800_q50.webp\"><span class=\"img-title\">MALAGO ABETE ALBERTINI PAOLO MALDINI<\/span><\/a><\/p>\n<p class=\"disable\"><span data-ccp-props=\"{}\"><span data-ccp-props=\"{}\"><span data-contrast=\"auto\" xml:lang=\"IT-IT\">L&#8217;ex numero uno del Coni ha fatto tante domande, c&#8217;\u00e8 stato un fitto scambio di idee: lo conoscono di meno, Malag\u00f2 si \u00e8 esposto su diversi argomenti. <\/span><\/span><\/span><\/p>\n<p class=\"disable\">\u00a0<\/p>\n<p class=\"disable\"><span data-ccp-props=\"{}\"><span data-ccp-props=\"{}\"><span data-contrast=\"auto\" xml:lang=\"IT-IT\">Tra questi, si \u00e8 parlato dello studio di norme premiali che favoriscano l&#8217;impiego di calciatori convocabili in Nazionale, di contributi per il calcio femminile, della difesa della riforma dei settori giovanili voluta da Gravina, poi di ex calciatori autorevoli da coinvolgere nel progetto (\u00abUna necessit\u00e0 condivisa\u00bb, ha detto Calcagno). <\/span><\/span><\/span><\/p>\n<p class=\"disable\">\u00a0<\/p>\n<p><a href=\"https:\/\/www.dagospia.com\/media-gallery\/dago-fotogallery-508426\/2131936\" class=\"float-right img-wrapper\"><img decoding=\"async\" id=\"2131936\" loading=\"lazy\" src=\"https:\/\/static.dagospia.com\/img\/foto\/05-2025\/renzo-ulivieri-foto-mezzelani-gmt-034-2131936_800_q50.webp\"><span class=\"img-title\">renzo ulivieri foto mezzelani gmt 034<\/span><\/a><\/p>\n<p class=\"disable\"><span data-ccp-props=\"{}\"><span data-ccp-props=\"{}\"><span data-contrast=\"auto\" xml:lang=\"IT-IT\">Si \u00e8 discusso pi\u00f9 di ruoli che di nomi, eppure Malag\u00f2 ha detto di averne in mente un paio per rilanciare la Nazionale. <\/span><\/span><\/span><\/p>\n<p class=\"disable\">\u00a0<\/p>\n<p class=\"disable\"><span data-ccp-props=\"{}\"><span data-ccp-props=\"{}\"><span data-contrast=\"auto\" xml:lang=\"IT-IT\">L&#8217;idea \u00e8 di creare una figura simile a un direttore sportivo. L&#8217;ex n.1 del Coni pensa a Maldini e Del Piero, ma Zola sarebbe un profilo gradito a tutti: ha ben impressionato la riforma con cui in serie C (di cui \u00e8 vicepresidente) ha favorito l&#8217;utilizzo di giovani italiani.<\/span><\/span><\/span>\u00a0<\/p>\n<p><a href=\"https:\/\/www.dagospia.com\/media-gallery\/dago-fotogallery-508426\/2250079\" class=\"float-right img-wrapper\"><img decoding=\"async\" id=\"2250079\" loading=\"lazy\" src=\"https:\/\/static.dagospia.com\/img\/foto\/04-2026\/malago-abodi-meloni-2250079_800_q50.webp\"><span class=\"img-title\">MALAGO ABODI MELONI<\/span><\/a><a href=\"https:\/\/www.dagospia.com\/media-gallery\/dago-fotogallery-508426\/2249031\" class=\"float-left img-wrapper\"><img decoding=\"async\" id=\"2249031\" loading=\"lazy\" src=\"https:\/\/static.dagospia.com\/img\/foto\/04-2026\/malago-2249031_800_q50.webp\"><span class=\"img-title\">malago<\/span><\/a><a href=\"https:\/\/www.dagospia.com\/media-gallery\/dago-fotogallery-508426\/2078939\" class=\"float-right img-wrapper\"><img decoding=\"async\" id=\"2078939\" loading=\"lazy\" src=\"https:\/\/static.dagospia.com\/img\/foto\/12-2024\/renzo-ulivieri-2078939_800_q50.webp\"><span class=\"img-title\">renzo ulivieri<\/span><\/a><\/p>\n<p class=\"disable\">\u00a0<\/p>\n<p><a href=\"https:\/\/www.dagospia.com\/media-gallery\/dago-fotogallery-508426\/2252262\" class=\"float-right img-wrapper\"><img decoding=\"async\" id=\"2252262\" loading=\"lazy\" src=\"https:\/\/static.dagospia.com\/img\/foto\/04-2026\/malago-marotta-2252262_800_q50.webp\"><span class=\"img-title\">malago marotta<\/span><\/a><a href=\"https:\/\/www.dagospia.com\/media-gallery\/dago-fotogallery-508426\/2248305\" class=\"float-right img-wrapper\"><img decoding=\"async\" id=\"2248305\" loading=\"lazy\" src=\"https:\/\/static.dagospia.com\/img\/foto\/03-2026\/giovanni-malago-foto-mezzelani-gmt-31-2248305_800_q50.webp\"><span class=\"img-title\">giovanni malago foto mezzelani gmt 31<\/span><\/a><a href=\"https:\/\/www.dagospia.com\/media-gallery\/dago-fotogallery-508426\/2245015\" class=\"float-right img-wrapper\"><img decoding=\"async\" id=\"2245015\" loading=\"lazy\" src=\"https:\/\/static.dagospia.com\/img\/foto\/03-2026\/giovanni-malago-foto-mezzelani-gmt-0035-2245015_800_q50.webp\"><span class=\"img-title\">giovanni malago foto mezzelani gmt 0035<\/span><\/a><a href=\"https:\/\/www.dagospia.com\/media-gallery\/dago-fotogallery-508426\/514437\" class=\"float-right img-wrapper\"><img decoding=\"async\" id=\"514437\" loading=\"lazy\" src=\"https:\/\/static.dagospia.com\/img\/foto\/12-2013\/abete-beretta-malago-291281_800_q50.webp\"><span class=\"img-title\">Abete Beretta e Malago <\/span><\/a><\/p>\n<p class=\"disable\"><span data-ccp-props=\"{}\"><span data-ccp-props=\"{}\">(\u2026)<\/span><\/span><\/p>\n<\/div>\n<article><a href=\"https:\/\/www.dagospia.com\/politica\/brera-volta-pinacoteca-milanese-e-diventata-discount-471997\"><\/p>\n<div class=\"img-wrapper\"><img decoding=\"async\" src=\"https:\/\/static.dagospia.com\/img\/patch\/04-2026\/giancarla-rondinelli-brera-2256327_600_q50.webp\" alt=\"giancarla rondinelli brera \" loading=\"lazy\"><time class=\"data-ora\">24 apr 16:00<\/time><\/div>\n<div class=\"excerpt\">\n<p>BRERA UNA VOLTA &#8211; <span>LA PINACOTECA MILANESE\u00a0\u00c8 DIVENTATA UN DISCOUNT DELL\u2019INTRATTENIMENTO: LA BIBLIOTECA BRAIDENSE OSPITER\u00c0\u00a0IL 4 MAGGIO LA PRESENTAZIONE DI UN LIBRO SU GARLASCO, \u201cL\u2019IMPRONTA\u201d, DI GIANCARLA RONDINELLI<\/span> (GIORNALISTA DEL TG1 ED EX MOGLIE DI GIUSEPPE MALARA, VICEDIRETTORE DELL\u2019APPROFONDIMENTO RAI). PER L\u2019OCCASIONE, SI PRESENTER\u00c0 NIENTEPOPODIMENO CHE IL PRESIDENTE DEL SENATO, IGNAZIO LA RUSSA \u2013 <span>UN VOLUMETTO TRUE CRIME PRESENTATO IN UNA DELLE ISTITUZIONI CULTURALI PI\u00d9\u00a0IMPORTANTI DEL PAESE<\/span>, A POCHI PASSI DALLA CENA IN EMMAUS DI CARAVAGGIO, DAL BACIO DI HAEYZ E IL CRISTO MORTO DI MANTEGNA? DOPO LE CREMINE DELL\u2019ESTETISTA CINICA E LA SESSIONE DI FITNESS DI IRENE FORTE, SEMBRA QUASI UN PASSO AVANTI (ALMENO \u00c8\u00a0UN LIBRO)<\/p>\n<\/div>\n<p><\/a><\/article>\n<article><a href=\"https:\/\/www.dagospia.com\/business\/salutame-calta-cda-mps-rifila-vaffa-all-83enne-costruttore-cesare-471949\"><\/p>\n<div class=\"img-wrapper\"><img decoding=\"async\" src=\"https:\/\/static.dagospia.com\/img\/patch\/04-2026\/monte-dei-paschi-di-siena-mps-francesco-gaetano-caltagirone-luigi-lovaglio-cesar-2256179_600_q50.webp\" alt=\"monte dei paschi di siena mps francesco gaetano caltagirone luigi lovaglio cesare bisoni gaetano caputi vittorio grilli \" loading=\"lazy\"><time class=\"data-ora\">23 apr 20:06<\/time><\/div>\n<div class=\"excerpt\">\n<p>SALUTAME A \u201cCALTA\u201d \u2013 <span>IL CDA DI MPS RIFILA UN ALTRO \u201cVAFFA\u201d ALL\u201983ENNE COSTRUTTORE: CESARE BISONI \u00c8 STATO NOMINATO COME PRESIDENTE DEL \u201cMONTE\u201d CON I SOLI VOTI DELLA LISTA DI \u201cPLT\u201d<\/span> \u2013 SI VOCIFERA CHE \u201cCALTA-RICCONE\u201d ABBIA LA DENTIERA AVVELENATA, IN PARTICOLARE, CON DUE PERSONE: IL PRESIDENTE DI MEDIOBANCA, VITTORIO GRILLI (CHE DOPO LA FUSIONE PRENDER\u00c0\u00a0IL POSTO DI BISONI) E IL CAPO DI GABINETTO DI PALAZZO CHIGI, GAETANO CAPUTI. NON \u00c8\u00a0SFUGGITO ALL\u2019OTTUAGENARIO EDITORE DEL \u201cMESSAGGERO\u201d CHE ENASARCO, LA CASSA PREVIDENZIALE DEGLI AGENTI DI COMMERCIO IN OTTIMI RAPPORTI CON CAPUTI, ABBIA VOTATO A FAVORE DI LOVAGLIO COME AD\u2026<\/p>\n<\/div>\n<p><\/a><\/article>\n<article><a href=\"https:\/\/www.dagospia.com\/politica\/ignazio-russa-legge-dagospia-non-si-trova-per-nulla-d-accordo-ci-manda-471827\"><\/p>\n<div class=\"img-wrapper\"><img decoding=\"async\" src=\"https:\/\/static.dagospia.com\/img\/patch\/12-2025\/meloni-la-russa-2209089_600_q50.webp\" alt=\"meloni la russa\" loading=\"lazy\"><time class=\"data-ora\">22 apr 20:49<\/time><\/div>\n<div class=\"excerpt\">\n<p><span>IL CO-FONDATORE DI FRATELLI D\u2019ITALIA E SECONDA CARICA DELLO STATO, IL POCO PALUDATO PRESIDENTE DEL SENATO IGNAZIO LA RUSSA, LEGGE DAGOSPIA<\/span>\u00a0E NON SI TROVA PER NULLA D\u2019ACCORDO SU QUANTO SCRIVIAMO SUL SUO RAPPORTO NON IDILLIACO (EUFEMISMO) CON GIORGIA MELONI (DALLE DIMISSIONI DELLA PITONESSA SANTANCHE\u2019 AL CANDIDATO ALLE PROSSIME COMUNALI DI MILANO, CASINI IN SICILIA COMPRESI) E CI SCRIVE UNA ZUCCHEROSA, A RISCHIO DIABETE, LETTERINA:\u00a0<span>\u2018\u2019CARO D&#8217;AGOSTINO, POSSIBILE CHE QUANDO (SPESSO) TI OCCUPI DI ME NON NE AZZECCHI UNA?<\/span>\u00a0FANTASCIENZA ALLO STATO PURO UN ANCORCH\u00c9 MINIMO DISSENSO CON GIORGIA MELONI CHE PER ME \u00c8 E RESTER\u00c0 SEMPRE, UNA SORELLA MINORE SUL PIANO AFFETTIVO E UNA LEADER INIMITABILE SUL PIANO POLITICO &#8211;\u00a0<span>SE VUOI SONO SEMPRE PRONTO A DARTI NOTIZIE CHE RIGUARDANO ME, CORRETTE E DI PRIMA MANO. MA FORSE NON TI INTERESSANO\u201d<\/span> (CIAO CORE&#8230;)<\/p>\n<\/div>\n<p><\/a><\/article>\n<article><a href=\"https:\/\/www.dagospia.com\/politica\/dagoreport-nemico-piu-ostico-per-giorgia-meloni-e-ignazio-russa-471807\"><\/p>\n<div class=\"img-wrapper\"><img decoding=\"async\" src=\"https:\/\/static.dagospia.com\/img\/patch\/04-2026\/meloni-la-russa-manlio-messina-cannella-dell-utri-2255763_600_q50.webp\" alt=\"meloni la russa manlio messina cannella dell'utri\" loading=\"lazy\"><time class=\"data-ora\">22 apr 20:01<\/time><\/div>\n<div class=\"excerpt\">\n<p>DAGOREPORT &#8211; <span>IL PROBLEMA PI\u00d9 OSTICO PER LA MELONA AZZOPPATA NON \u00c8 CONTE N\u00c9 SCHLEIN: SI CHIAMA FRATELLI D&#8217;ITALIA, A PARTIRE DA LA RUSSA<\/span>\u00a0\u2013 IL PRESIDENTE DEL SENATO BRIGA, METTE BOCCA, PRETENDE LA SCELTA DEL SINDACO DI MILANO: <span>LA PROVA SI \u00c8 AVUTA OGGI CON LA NOMINA DEI SICILIANI GIAMPIERO CANNELLA E MASSIMO DELL\u2019UTRI A SOTTOSEGRETARI &#8211;<\/span>\u00a0\u2018GNAZIO VOLEVA UNA \u201cCOMPENSAZIONE\u201d PER IL TRASLOCO DEL &#8220;SUO&#8221; GIANMARCO MAZZI AL TURISMO, PER NON LASCIARE AL SOLO EMANUELE MERLINO (UOMO DI FAZZOLARI) IL COMPITO DI &#8221;BADANTE&#8221; DEL MINISTRO GIULI-VO \u2013\u00a0<span>IL CAOS IN SICILIA, TRA INCHIESTE SULLA GIUNTA, I SEGRETI \u201cSCOTTANTI\u201d MINACCIATI E MAI RIVELATI DA MANLIO MESSINA<\/span> E LA DEBOLEZZA DEL TAJANEO SCHIFANI CHE SENTE IL FIATO SUL COLLO DI GIORGIO MULE&#8217; (CARO AI BERLUSCONI),\u00a0CHE PUNTA A PRENDERE IL SUO POSTO E CHIEDE DI COMMISSARIARE FORZA ITALIA IN SICILIA, DOPO IL PESSIMO RISULTATO AL REFERENDUM&#8230;<\/p>\n<\/div>\n<p><\/a><\/article>\n<article><a href=\"https:\/\/www.dagospia.com\/politica\/dagoreport-forza-italia-ribolle-marina-berlusconi-martusciello-mosse-471646\"><\/p>\n<div class=\"img-wrapper\"><img decoding=\"async\" src=\"https:\/\/static.dagospia.com\/img\/patch\/04-2026\/marina-berlusconi-antonio-tajani-fulvio-martusciello-2255164_600_q50.webp\" alt=\"marina berlusconi antonio tajani fulvio martusciello\" loading=\"lazy\"><time class=\"data-ora\">21 apr 20:02<\/time><\/div>\n<div class=\"excerpt\">\n<p><span>DAGOREPORT &#8211;<\/span> LA PRESA DI TAJANI SU FORZA ITALIA SI \u00c8 RIDOTTA DOPO IL SILURAMENTO DEI SUOI &#8220;DIOSCURI&#8221;, BARELLI E GASPARRI.<span> IL PARTITO ORA \u00c8 IN EBOLLIZIONE:\u00a0<\/span><span>VOGLIONO RIMUOVERE FULVIO MARTUSCIELLO<\/span> DA CAPOGRUPPO DI FORZA ITALIA A BRUXELLES. AL SUO POSTO, SI FANNO AVANTI LETIZIA MORATTI E MASSIMILIANO SALINI &#8211; <span>E IL &#8220;MAGGIORDOMO CIOCIARO&#8221; DI CASA MELONI, CHE FA? RESTA IN TRINCEA BLOCCANDO LA NOMINA DI FEDERICO FRENI ALLA CONSOB <\/span>PER FORZARE IL GOVERNO A TROVARE UNA SISTEMAZIONE AL SUO CONSUOCERO BARELLI E ALLA SUA FEDELISSIMA CHIARA TENERINI, LANCIATA CONTRO LA DEBORA BERGAMINI DI MARINA\u2026<\/p>\n<\/div>\n<p><\/a><\/article>\n<article><a href=\"https:\/\/www.dagospia.com\/politica\/figura-terna-per-giorgia-nell-aprile-2023-meloni-si-vantava-nomina-471652\"><\/p>\n<div class=\"img-wrapper\"><img decoding=\"async\" src=\"https:\/\/static.dagospia.com\/img\/patch\/04-2026\/giuseppina-di-foggia-giorgia-meloni-arianna-claudio-descalzi-terna-eni-2255189_600_q50.webp\" alt=\"giuseppina di foggia giorgia meloni arianna claudio descalzi terna eni\" loading=\"lazy\"><time class=\"data-ora\">21 apr 13:20<\/time><\/div>\n<div class=\"excerpt\">\n<p><span>CHE FIGURA DI TERNA PER GIORGIA!<\/span>\u00a0\u2013 NELL\u2019APRILE 2023 MELONI SI VANTAVA DELLA NOMINA DI GIUSEPPINA DI FOGGIA ALLA GUIDA DI TERNA:\u00a0<span>\u201c\u00c8 LA PRIMA DONNA AD DI UNA GRANADE PARTECIPATA PUBBLICA\u201d\u00a0<\/span>\u2013 CHISSA COME SI SAR\u00c0 PENTITA DI QUELLA SCELTA, SPONSORIZZATA DALLA SORELLA ARIANNA, ORA CHE\u00a0<span>LA MANAGER\u00a0HA DECISO DI INCASSARE FINO ALL\u2019ULTIMO EURO DELLA SUA BUONUSCITA DA 7,3 MILIONI, <\/span>ALLA FACCIA DELLA CRISI ENERGETICA,\u00a0ED \u00c8 PRONTA A RINUNCIARE ALLA PRESIDENZA DI ENI CHE LE \u00c8 STATA OFFERTA COME \u201cPARACADUTE\u201d, PUR DI TENERE IL PUNTO \u2013 DI FOGGIA PRETENDEVA DI ESSERE CONFERMATA IN TERNA O DI AVERE COMUNQUE UN RUOLO OPERATIVO IN UN ALTRO COLOSSO STATALE:\u00a0SA BENE CHE <span>LA POLTRONA DA PRESIDENTE DEL CANE A SEI ZAMPE \u00c8 DI RAPPRESENTANZA, DAL MOMENTO CHE IN CASA ENI TUTTO PASSA PER L\u2019AD CLAUDIO DESCALZI\u00a0<\/span>\u2013\u00a0IL VERBALE DI TERNA CHE INGUAIA PALAZZO CHIGI<\/p>\n<\/div>\n<p><\/a><\/article>\n<article><a href=\"https:\/\/www.dagospia.com\/politica\/pasqua-merda-per-matteo-piantedosi-dopo-claudia-conte-rivelato-urbi-et-469960\"><\/p>\n<div class=\"img-wrapper\"><img decoding=\"async\" src=\"https:\/\/static.dagospia.com\/img\/patch\/04-2026\/matteo-piantedosi-come-gennaro-sangiuliano-meme-claudia-conte-2249972_600_q50.webp\" alt=\"matteo piantedosi come gennaro sangiuliano meme claudia conte \" loading=\"lazy\"><\/div>\n<div class=\"excerpt\">CHE PASQUA DI MERDA PER MATTEO PIANTEDOSI! &#8211; DOPO CHE CLAUDIA CONTE HA RIVELATO URBI ET ORBI DI\u2026<\/div>\n<p><\/a><\/article>\n<article><a href=\"https:\/\/www.dagospia.com\/cronache\/michael-jackson-mi-abbasso-i-pantaloncini-mentre-giocavo-game-boy-470026\"><\/p>\n<div class=\"img-wrapper\"><img decoding=\"async\" src=\"https:\/\/static.dagospia.com\/img\/patch\/04-2026\/michael-jackson-aldo-cascio-2250437_600_q50.webp\" alt=\"michael jackson aldo cascio \" loading=\"lazy\"><\/div>\n<div class=\"excerpt\">\u201cMICHAEL JACKSON MI ABBASS\u00d2 I PANTALONCINI MENTRE GIOCAVO AL GAME BOY\u201d \u2013 LE TESTIMONIANZE DEI\u2026<\/div>\n<p><\/a><\/article>\n<article><a href=\"https:\/\/www.dagospia.com\/media-tv\/pillole-gossip-saffo-power-gaia-levante-nuredini-471524\"><\/p>\n<div class=\"img-wrapper\"><img decoding=\"async\" src=\"https:\/\/static.dagospia.com\/img\/patch\/04-2026\/pillole-avanti-gossip-2254824_600_q50.webp\" alt=\"pillole avanti gossip\" loading=\"lazy\"><\/div>\n<div class=\"excerpt\">PILLOLE DI GOSSIP! SAFFO POWER: GAIA IN CONCERTO A MILANO BACIA (DI NUOVO) IN BOCCA LEVANTE DOPO\u2026<\/div>\n<p><\/a><\/article>\n<article><a href=\"https:\/\/www.dagospia.com\/media-tv\/pillole-gossip-giulia-stabile-geolier-chiara-frattesi-escort-472018\"><\/p>\n<div class=\"img-wrapper\"><img decoding=\"async\" src=\"https:\/\/static.dagospia.com\/img\/patch\/04-2026\/pillole-avanti-gossip-2256413_600_q50.webp\" alt=\"pillole avanti gossip\" loading=\"lazy\"><\/div>\n<div class=\"excerpt\">PILLOLE DI GOSSIP! GIULIA STABILE: \u201cHO FREQUENTATO UN CANTANTE PI\u00d9 GRANDE DI ME POI HO SCOPERTO CHE\u2026<\/div>\n<p><\/a><\/article>\n<article><a href=\"https:\/\/www.dagospia.com\/media-tv\/riconoscete-58enne-non-chiuso-boutique-l-amore-per-trovarlo-so-472054\"><\/p>\n<div class=\"img-wrapper\"><img decoding=\"async\" src=\"https:\/\/static.dagospia.com\/img\/patch\/04-2026\/paola-barale-2256564_600_q50.webp\" alt=\"paola barale\" loading=\"lazy\"><\/div>\n<div class=\"excerpt\">LA RICONOSCETE? LA 58ENNE NON HA CHIUSO LA BOUTIQUE. L\u2019AMORE? ORA PER TROVARLO SO CHE DEVO\u2026<\/div>\n<p><\/a><\/article>\n<article><a href=\"https:\/\/www.dagospia.com\/politica\/brera-volta-pinacoteca-milanese-e-diventata-discount-471997\"><\/p>\n<div class=\"img-wrapper\"><img decoding=\"async\" src=\"https:\/\/static.dagospia.com\/img\/patch\/04-2026\/giancarla-rondinelli-brera-2256327_600_q50.webp\" alt=\"giancarla rondinelli brera \" loading=\"lazy\"><\/div>\n<div class=\"excerpt\">BRERA UNA VOLTA &#8211; LA PINACOTECA MILANESE\u00a0\u00c8 DIVENTATA UN DISCOUNT DELL\u2019INTRATTENIMENTO: LA\u2026<\/div>\n<p><\/a><\/article>\n<article><a href=\"https:\/\/www.dagospia.com\/business\/salutame-calta-cda-mps-rifila-vaffa-all-83enne-costruttore-cesare-471949\"><\/p>\n<div class=\"img-wrapper\"><img decoding=\"async\" src=\"https:\/\/static.dagospia.com\/img\/patch\/04-2026\/monte-dei-paschi-di-siena-mps-francesco-gaetano-caltagirone-luigi-lovaglio-cesar-2256179_600_q50.webp\" alt=\"monte dei paschi di siena mps francesco gaetano caltagirone luigi lovaglio cesare bisoni gaetano caputi vittorio grilli \" loading=\"lazy\"><\/div>\n<div class=\"excerpt\">SALUTAME A \u201cCALTA\u201d \u2013 IL CDA DI MPS RIFILA UN ALTRO \u201cVAFFA\u201d ALL\u201983ENNE COSTRUTTORE: CESARE BISONI \u00c8\u2026<\/div>\n<p><\/a><\/article>\n<article><a href=\"https:\/\/www.dagospia.com\/politica\/ignazio-russa-legge-dagospia-non-si-trova-per-nulla-d-accordo-ci-manda-471827\"><\/p>\n<div class=\"img-wrapper\"><img decoding=\"async\" src=\"https:\/\/static.dagospia.com\/img\/patch\/12-2025\/meloni-la-russa-2209089_600_q50.webp\" alt=\"meloni la russa\" loading=\"lazy\"><\/div>\n<div class=\"excerpt\">IL CO-FONDATORE DI FRATELLI D\u2019ITALIA E SECONDA CARICA DELLO STATO, IL POCO PALUDATO PRESIDENTE DEL\u2026<\/div>\n<p><\/a><\/article>\n<article><a href=\"https:\/\/www.dagospia.com\/politica\/dagoreport-nemico-piu-ostico-per-giorgia-meloni-e-ignazio-russa-471807\"><\/p>\n<div class=\"img-wrapper\"><img decoding=\"async\" src=\"https:\/\/static.dagospia.com\/img\/patch\/04-2026\/meloni-la-russa-manlio-messina-cannella-dell-utri-2255763_600_q50.webp\" alt=\"meloni la russa manlio messina cannella dell'utri\" loading=\"lazy\"><\/div>\n<div class=\"excerpt\">DAGOREPORT &#8211; IL PROBLEMA PI\u00d9 OSTICO PER LA MELONA AZZOPPATA NON \u00c8 CONTE N\u00c9 SCHLEIN: SI CHIAMA\u2026<\/div>\n<p><\/a><\/article>\n<article><a href=\"https:\/\/www.dagospia.com\/politica\/dagoreport-forza-italia-ribolle-marina-berlusconi-martusciello-mosse-471646\"><\/p>\n<div class=\"img-wrapper\"><img decoding=\"async\" src=\"https:\/\/static.dagospia.com\/img\/patch\/04-2026\/marina-berlusconi-antonio-tajani-fulvio-martusciello-2255164_600_q50.webp\" alt=\"marina berlusconi antonio tajani fulvio martusciello\" loading=\"lazy\"><\/div>\n<div class=\"excerpt\">DAGOREPORT &#8211; LA PRESA DI TAJANI SU FORZA ITALIA SI \u00c8 RIDOTTA DOPO IL SILURAMENTO DEI SUOI\u2026<\/div>\n<p><\/a><\/article>\n<article><a href=\"https:\/\/www.dagospia.com\/politica\/figura-terna-per-giorgia-nell-aprile-2023-meloni-si-vantava-nomina-471652\"><\/p>\n<div class=\"img-wrapper\"><img decoding=\"async\" src=\"https:\/\/static.dagospia.com\/img\/patch\/04-2026\/giuseppina-di-foggia-giorgia-meloni-arianna-claudio-descalzi-terna-eni-2255189_600_q50.webp\" alt=\"giuseppina di foggia giorgia meloni arianna claudio descalzi terna eni\" loading=\"lazy\"><\/div>\n<div class=\"excerpt\">CHE FIGURA DI TERNA PER GIORGIA!\u00a0\u2013 NELL\u2019APRILE 2023 MELONI SI VANTAVA DELLA NOMINA DI GIUSEPPINA DI\u2026<\/div>\n<p><\/a><\/article>\n<article><a href=\"https:\/\/www.dagospia.com\/business\/borsa-italiana-comandano-i-francesi-faccia-delle-regole-tutto-bene-per-471554\"><\/p>\n<div class=\"img-wrapper\"><img decoding=\"async\" src=\"https:\/\/static.dagospia.com\/img\/patch\/04-2026\/borsa-italiana-dario-scannapieco-fabrizio-testa-cdp-cassa-depositi-e-prestiti-2254922_600_q50.webp\" alt=\"borsa italiana dario scannapieco fabrizio testa cdp cassa depositi e prestiti\" loading=\"lazy\"><\/div>\n<div class=\"excerpt\">DAGOREPORT &#8211; PERCHE&#8217; ALLA BORSA ITALIANA COMANDANO I FRANCESI? \u2013 INFURIA LA BATTAGLIA SULLA\u2026<\/div>\n<p><\/a><\/article>\n<article><a href=\"https:\/\/www.dagospia.com\/politica\/sdeng-sovranismo-bancario-e-finito-nel-cestino-delle-cazzate-471333\"><\/p>\n<div class=\"img-wrapper\"><img decoding=\"async\" src=\"https:\/\/static.dagospia.com\/img\/patch\/08-2025\/procuratore-milano-viola-procura-milano-luigi-lovaglio-francesco-gaetano-caltagi-2168544_600_q50.webp\" alt=\"procuratore milano viola procura milano luigi lovaglio - francesco gaetano caltagirone - giancarlo giorgetti - milleri - alberto nagel - philippe donnet mediobanca mps giorgia meloni \" loading=\"lazy\"><\/div>\n<div class=\"excerpt\">DAGOREPORT &#8211;\u00a0SDENG! ANCHE IL \u2018\u2019SOVRANISMO BANCARIO\u2019\u2019 \u00c8 FINITO NEL CESTINO DELLE CAZZATE DELL\u2019ARMATA\u2026<\/div>\n<p><\/a><\/article>\n<article><a href=\"https:\/\/www.dagospia.com\/politica\/dagoreport-e-piu-facile-parlare-l-uomo-piu-potente-mondo-giorgia-471175\"><\/p>\n<div class=\"img-wrapper\"><img decoding=\"async\" src=\"https:\/\/static.dagospia.com\/img\/patch\/04-2026\/giorgia-meloni-trump-viviana-mazza-netanyahu-2253904_600_q50.webp\" alt=\"giorgia meloni trump viviana mazza netanyahu\" loading=\"lazy\"><\/div>\n<div class=\"excerpt\">DAGOREPORT \u2013 PERCH\u00c8 \u00c8\u00a0PI\u00d9 FACILE PARLARE CON L\u2019UOMO PI\u00d9\u00a0POTENTE (E DEMENTE) DEL MONDO CHE CON\u2026<\/div>\n<p><\/a><\/article>\n<article><a href=\"https:\/\/www.dagospia.com\/politica\/dagoreport-marina-berlusconi-non-e-soddisfatta-avrebbe-voluto-i-suoi-471181\"><\/p>\n<div class=\"img-wrapper\"><img decoding=\"async\" src=\"https:\/\/static.dagospia.com\/img\/patch\/04-2026\/marina-berlusconi-antonio-tajani-giorgia-meloni-pier-silvio-nicola-porro-paolo-d-2253735_600_q50.webp\" alt=\"marina berlusconi antonio tajani giorgia meloni pier silvio nicola porro paolo del debbio tommaso cerno \" loading=\"lazy\"><\/div>\n<div class=\"excerpt\">DAGOREPORT &#8211; MARINA BERLUSCONI NON \u00c8 MICA SODDISFATTA: AVREBBE VOLUTO I SUOI FEDELISSIMI BERGAMINI\u2026<\/div>\n<p><\/a><\/article>\n<article><a href=\"https:\/\/www.dagospia.com\/cafonal\/ne-andavo-quella-roma-nella-capitale-in-zona-talenti-intitolato-parco-remo-472030\"><\/p>\n<div class=\"img-wrapper\"><img decoding=\"async\" src=\"https:\/\/static.dagospia.com\/img\/patch\/04-2026\/inaugurazione-del-parco-remo-remotti-massimiliano-bruno-nicola-pistoia-michela-a-2256496_600_q50.webp\" alt=\"inaugurazione del parco remo remotti - massimiliano bruno nicola pistoia michela andreozzi luisa pistoia sabina guzzanti stefano fresi tommaso zanello piotta federica remotti - 5\" loading=\"lazy\"><\/div>\n<div class=\"excerpt\">VIDEO!&#8221;ME NE ANDAVO DA QUELLA ROMA\u2026!&#8221; NELLA CAPITALE, IN ZONA TALENTI, E\u2019 STATO INTITOLATO UN PARCO\u2026<\/div>\n<p><\/a><\/article>\n<article><a href=\"https:\/\/www.dagospia.com\/cafonal\/cafonal-all-opera-mi-porti-luca-guadagnino-maggio-fiorentino-the-death-471907\"><\/p>\n<div class=\"img-wrapper\"><img decoding=\"async\" src=\"https:\/\/static.dagospia.com\/img\/patch\/04-2026\/guadagnino-2256066_600_q50.webp\" alt=\"guadagnino\" loading=\"lazy\"><\/div>\n<div class=\"excerpt\">CAFONAL ALL\u2019OPERA &#8211; MI PORTI UN LUCA GUADAGNINO A FIRENZE \u2013 IL REGISTA PORTA IN SCENA AL MAGGIO\u2026<\/div>\n<p><\/a><\/article>\n<article><a href=\"https:\/\/www.dagospia.com\/cafonal\/cafonal-pallitto-chanel-totti-metri-trash-figlia-pupone-diventa-471192\"><\/p>\n<div class=\"img-wrapper\"><img decoding=\"async\" src=\"https:\/\/static.dagospia.com\/img\/patch\/04-2026\/2026pallitto-2253852_600_q50.webp\" alt loading=\"lazy\"><\/div>\n<div class=\"excerpt\">CAFONAL \u2013 PALLITTO-CHANEL TOTTI: TRE METRI SOPRA IL TRASH! LA FIGLIA DEL PUPONE DIVENTA LA\u2026<\/div>\n<p><\/a><\/article>\n<article><a href=\"https:\/\/www.dagospia.com\/cafonal\/cafonalino-cinema-caravaggio-roma-l-anteprima-film-a-year-in-london-471080\"><\/p>\n<div class=\"img-wrapper\"><img decoding=\"async\" src=\"https:\/\/static.dagospia.com\/img\/patch\/04-2026\/2026fendi-2253486_600_q50.webp\" alt=\"2026fendi\" loading=\"lazy\"><\/div>\n<div class=\"excerpt\">CAFONALINO! &#8211; AL CINEMA CARAVAGGIO DI ROMA ACCORRE UNA NUTRITA RAPPRESENTANZA DELLA FAMIGLIA FENDI\u2026<\/div>\n<p><\/a><\/article>\n<article><a href=\"https:\/\/www.dagospia.com\/cafonal\/cafonalino-maxxi-serena-bortone-presenta-suo-romanzo-quel-provolone-470822\"><\/p>\n<div class=\"img-wrapper\"><img decoding=\"async\" src=\"https:\/\/static.dagospia.com\/img\/patch\/04-2026\/2026bortone-serena-bortone-2252798_600_q50.webp\" alt=\"2026bortone serena bortone\" loading=\"lazy\"><\/div>\n<div class=\"excerpt\">CAFONALINO! \u2013\u00a0AL MAXXI DI ROMA SERENA BORTONE PRESENTA IL SUO ROMANZO \u201cLE DIRIMPETTAIE\u201d, AFFIANCATA\u2026<\/div>\n<p><\/a><\/article>\n<article><a href=\"https:\/\/www.dagospia.com\/cafonal\/cafonalino-c-era-palazzo-farnese-serata-gala-rassegna-cinematografica-470324\"><\/p>\n<div class=\"img-wrapper\"><img decoding=\"async\" src=\"https:\/\/static.dagospia.com\/img\/patch\/04-2026\/2026cinemafrancese-rassegna-cinema-francese-rendez-vous-2251329_600_q50.webp\" alt=\"2026cinemafrancese rassegna cinema francese rendez-vous \" loading=\"lazy\"><\/div>\n<div class=\"excerpt\">CAFONALINO! \u2013 A PALAZZO FARNESE LA SERATA DI GALA PER LA XVI EDIZIONE DELLA RASSEGNA DI CINEMA\u2026<\/div>\n<p><\/a><\/article>\n<p>[analyse_source url=&#8221;https:\/\/www.dagospia.com\/sport\/scatto-malago-l-ex-n-1-sport-italiano-convince-calciatori-allenatori-471998&#8243;]<\/p>\n","protected":false},"excerpt":{"rendered":"<p>[analyse_image type=&#8221;featured&#8221; src=&#8221;https:\/\/static.dagospia.com\/img\/patch\/04-2026\/giancarlo-abete-giovanni-malago-2253240_600_q50.webp&#8221;] 24 apr 2026 14:50 LO SCATTO DI MALAGO\u2019 &#8211; L&#8217;EX N.1 DELLO SPORT ITALIANO CONVINCE CALCIATORI E ALLENATORI E SEMBRA IN VANTAGGIO SU ABETE ANCHE SE LA DECISIONE FINALE DI\u00a0AIC\u00a0E ASSOALLENATORI (CHE SPOSTANO IL 30% DEI VOTI) ARRIVER\u00c0 A FINE MESE &#8211; L\u2019ASSOCIAZIONE CALCIATORI\u00a0NON VUOLE STUDIARE CON ABETE UN ALTRO PROFILO DA [&hellip;]<\/p>\n","protected":false},"author":1,"featured_media":0,"comment_status":"open","ping_status":"","sticky":false,"template":"","format":"standard","meta":{"footnotes":""},"categories":[87],"tags":[226,149],"class_list":["post-1900666","post","type-post","status-publish","format-standard","hentry","category-italy","tag-crawlmanager","tag-dagospia-com"],"_links":{"self":[{"href":"https:\/\/analyse.optim.biz\/index.php?rest_route=\/wp\/v2\/posts\/1900666","targetHints":{"allow":["GET"]}}],"collection":[{"href":"https:\/\/analyse.optim.biz\/index.php?rest_route=\/wp\/v2\/posts"}],"about":[{"href":"https:\/\/analyse.optim.biz\/index.php?rest_route=\/wp\/v2\/types\/post"}],"author":[{"embeddable":true,"href":"https:\/\/analyse.optim.biz\/index.php?rest_route=\/wp\/v2\/users\/1"}],"replies":[{"embeddable":true,"href":"https:\/\/analyse.optim.biz\/index.php?rest_route=%2Fwp%2Fv2%2Fcomments&post=1900666"}],"version-history":[{"count":0,"href":"https:\/\/analyse.optim.biz\/index.php?rest_route=\/wp\/v2\/posts\/1900666\/revisions"}],"wp:attachment":[{"href":"https:\/\/analyse.optim.biz\/index.php?rest_route=%2Fwp%2Fv2%2Fmedia&parent=1900666"}],"wp:term":[{"taxonomy":"category","embeddable":true,"href":"https:\/\/analyse.optim.biz\/index.php?rest_route=%2Fwp%2Fv2%2Fcategories&post=1900666"},{"taxonomy":"post_tag","embeddable":true,"href":"https:\/\/analyse.optim.biz\/index.php?rest_route=%2Fwp%2Fv2%2Ftags&post=1900666"}],"curies":[{"name":"wp","href":"https:\/\/api.w.org\/{rel}","templated":true}]}}