{"id":1900663,"date":"2026-04-24T15:51:47","date_gmt":"2026-04-24T12:51:47","guid":{"rendered":"https:\/\/analyse.optim.biz\/?p=1900663"},"modified":"2026-04-24T15:51:47","modified_gmt":"2026-04-24T12:51:47","slug":"impact-intre-un-autoturism-si-un-autotren-dupa-ce-soferul-masinii-a-evitat-un-alt-vehicul-stiri-suceava","status":"publish","type":"post","link":"https:\/\/analyse.optim.biz\/?p=1900663","title":{"rendered":"Impact \u00eentre un autoturism \u0219i un autotren dup\u0103 ce \u0219oferul ma\u0219inii a evitat un alt vehicul &#8211; Stiri Suceava"},"content":{"rendered":"<p>[analyse_image type=&#8221;featured&#8221; src=&#8221;https:\/\/www.informatiata.ro\/wp-content\/uploads\/2026\/04\/IMG-20260423-WA0011.jpg&#8221;]<\/p>\n<div class=\"td-post-content tagdiv-type\">\n<div class=\"td-post-featured-image\"><a href=\"https:\/\/www.informatiata.ro\/wp-content\/uploads\/2026\/04\/IMG-20260423-WA0011.jpg\" data-caption><img loading=\"lazy\" decoding=\"async\" width=\"696\" height=\"880\" class=\"entry-thumb td-modal-image\" src=\"https:\/\/www.informatiata.ro\/wp-content\/uploads\/2026\/04\/IMG-20260423-WA0011-696x880.jpg\" alt title=\"IMG-20260423-WA0011\"><img loading=\"lazy\" decoding=\"async\" width=\"696\" height=\"880\" class=\"entry-thumb td-modal-image\" src=\"https:\/\/www.informatiata.ro\/wp-content\/uploads\/2026\/04\/IMG-20260423-WA0011-696x880.jpg\" alt title=\"IMG-20260423-WA0011\"><\/a><\/div>\n<p>Impact \u00eentre un autoturism \u0219i un autotren dup\u0103 ce \u0219oferul ma\u0219inii a evitat un alt vehicul. <\/p>\n<p>Accidentul rutier s-a produs joi, 23 aprilie 2026, \u00een jurul orei 13:50, pe DN2, la Cump\u0103r\u0103tura, jude\u021b Suceava<\/p>\n<div class=\"td-a-rec td-a-rec-id-content_inlineright  tdi_6 td_block_template_1\"><img loading=\"lazy\" decoding=\"async\" class=\"aligncenter size-full wp-image-64758\" src=\"https:\/\/www.informatiata.ro\/wp-content\/uploads\/2026\/04\/SAVCOM-14.gif\" alt width=\"299\" height=\"250\"><img loading=\"lazy\" decoding=\"async\" class=\"aligncenter size-full wp-image-64758\" src=\"https:\/\/www.informatiata.ro\/wp-content\/uploads\/2026\/04\/SAVCOM-14.gif\" alt width=\"299\" height=\"250\"><img loading=\"lazy\" decoding=\"async\" class=\"aligncenter size-full wp-image-64759\" src=\"https:\/\/www.informatiata.ro\/wp-content\/uploads\/2026\/04\/FACOS-12.gif\" alt width=\"300\" height=\"250\"><img loading=\"lazy\" decoding=\"async\" class=\"aligncenter size-full wp-image-64759\" src=\"https:\/\/www.informatiata.ro\/wp-content\/uploads\/2026\/04\/FACOS-12.gif\" alt width=\"300\" height=\"250\"><\/div>\n<p>Un b\u0103rbat de 30 de ani, din municipiul Bac\u0103u, care conducea un autoturism marca Nissan Qashqai, a \u00eencercat s\u0103 evite un alt autoturism (marca Volvo) care circula \u00een fa\u021ba sa. <\/p>\n<p>Pentru a evita impactul, acesta a p\u0103truns pe sensul opus de mers \u0219i a intrat \u00een coliziune frontal\u0103 cu o autoutilitar\u0103 marca Scania care tracta o semiremorc\u0103, condus\u0103 de un cet\u0103\u021bean ucrainean.<\/p>\n<p>\u00cen urma impactului, conduc\u0103torul autoturismului Nissan a fost r\u0103nit grav \u0219i transportat de ambulan\u021b\u0103 la Spitalul Jude\u021bean de Urgen\u021b\u0103 \u201eSf. Ioan cel Nou\u201d Suceava.<\/p>\n<p>O a doua persoan\u0103 a fost r\u0103nit\u0103 \u00een acela\u0219i accident \u0219i a primit \u00eengrijiri la fa\u021ba locului. <\/p>\n<p>Cei trei conduc\u0103tori auto implica\u021bi au fost testa\u021bi cu aparatul etilometru, rezultatele fiind negative \u00een toate cazurile. <\/p>\n<p>Poli\u021bi\u0219tii au \u00eentocmit dosar de cercetare penal\u0103 sub aspectul s\u0103v\u00e2r\u0219irii infrac\u021biunii de v\u0103t\u0103mare corporal\u0103 din culp\u0103.<br \/><img loading=\"lazy\" decoding=\"async\" src=\"https:\/\/www.informatiata.ro\/wp-content\/uploads\/2026\/04\/IMG-20260423-WA0012-768x1024.jpg\" alt width=\"696\" height=\"928\" class=\"aligncenter size-large wp-image-64794\"><img loading=\"lazy\" decoding=\"async\" src=\"https:\/\/www.informatiata.ro\/wp-content\/uploads\/2026\/04\/IMG-20260423-WA0012-768x1024.jpg\" alt width=\"696\" height=\"928\" class=\"aligncenter size-large wp-image-64794\"><\/p>\n<p><img loading=\"lazy\" decoding=\"async\" src=\"https:\/\/www.informatiata.ro\/wp-content\/uploads\/2026\/04\/IMG-20260423-WA0010-1024x523.jpg\" alt width=\"696\" height=\"355\" class=\"aligncenter size-large wp-image-64795\"><img loading=\"lazy\" decoding=\"async\" src=\"https:\/\/www.informatiata.ro\/wp-content\/uploads\/2026\/04\/IMG-20260423-WA0010-1024x523.jpg\" alt width=\"696\" height=\"355\" class=\"aligncenter size-large wp-image-64795\"><\/p>\n<div class=\"td-a-rec td-a-rec-id-content_bottom  tdi_7 td_block_template_1\"><img loading=\"lazy\" decoding=\"async\" class=\"aligncenter size-full wp-image-64758\" src=\"https:\/\/www.informatiata.ro\/wp-content\/uploads\/2026\/04\/SAVCOM-14.gif\" alt width=\"299\" height=\"250\"><img loading=\"lazy\" decoding=\"async\" class=\"aligncenter size-full wp-image-64758\" src=\"https:\/\/www.informatiata.ro\/wp-content\/uploads\/2026\/04\/SAVCOM-14.gif\" alt width=\"299\" height=\"250\"><img loading=\"lazy\" decoding=\"async\" class=\"aligncenter size-full wp-image-64759\" src=\"https:\/\/www.informatiata.ro\/wp-content\/uploads\/2026\/04\/FACOS-12.gif\" alt width=\"300\" height=\"250\"><img loading=\"lazy\" decoding=\"async\" class=\"aligncenter size-full wp-image-64759\" src=\"https:\/\/www.informatiata.ro\/wp-content\/uploads\/2026\/04\/FACOS-12.gif\" alt width=\"300\" height=\"250\"><\/div>\n<\/div>\n<p>[analyse_source url=&#8221;https:\/\/www.informatiata.ro\/impact-masina-autotren-evitare-alt-vehicul\/&#8221;]<\/p>\n","protected":false},"excerpt":{"rendered":"<p>[analyse_image type=&#8221;featured&#8221; src=&#8221;https:\/\/www.informatiata.ro\/wp-content\/uploads\/2026\/04\/IMG-20260423-WA0011.jpg&#8221;] Impact \u00eentre un autoturism \u0219i un autotren dup\u0103 ce \u0219oferul ma\u0219inii a evitat un alt vehicul. Accidentul rutier s-a produs joi, 23 aprilie 2026, \u00een jurul orei 13:50, pe DN2, la Cump\u0103r\u0103tura, jude\u021b Suceava Un b\u0103rbat de 30 de ani, din municipiul Bac\u0103u, care conducea un autoturism marca Nissan Qashqai, a \u00eencercat [&hellip;]<\/p>\n","protected":false},"author":1,"featured_media":0,"comment_status":"open","ping_status":"","sticky":false,"template":"","format":"standard","meta":{"footnotes":""},"categories":[89],"tags":[226,167],"class_list":["post-1900663","post","type-post","status-publish","format-standard","hentry","category-romania","tag-crawlmanager","tag-informatiata-ro"],"_links":{"self":[{"href":"https:\/\/analyse.optim.biz\/index.php?rest_route=\/wp\/v2\/posts\/1900663","targetHints":{"allow":["GET"]}}],"collection":[{"href":"https:\/\/analyse.optim.biz\/index.php?rest_route=\/wp\/v2\/posts"}],"about":[{"href":"https:\/\/analyse.optim.biz\/index.php?rest_route=\/wp\/v2\/types\/post"}],"author":[{"embeddable":true,"href":"https:\/\/analyse.optim.biz\/index.php?rest_route=\/wp\/v2\/users\/1"}],"replies":[{"embeddable":true,"href":"https:\/\/analyse.optim.biz\/index.php?rest_route=%2Fwp%2Fv2%2Fcomments&post=1900663"}],"version-history":[{"count":0,"href":"https:\/\/analyse.optim.biz\/index.php?rest_route=\/wp\/v2\/posts\/1900663\/revisions"}],"wp:attachment":[{"href":"https:\/\/analyse.optim.biz\/index.php?rest_route=%2Fwp%2Fv2%2Fmedia&parent=1900663"}],"wp:term":[{"taxonomy":"category","embeddable":true,"href":"https:\/\/analyse.optim.biz\/index.php?rest_route=%2Fwp%2Fv2%2Fcategories&post=1900663"},{"taxonomy":"post_tag","embeddable":true,"href":"https:\/\/analyse.optim.biz\/index.php?rest_route=%2Fwp%2Fv2%2Ftags&post=1900663"}],"curies":[{"name":"wp","href":"https:\/\/api.w.org\/{rel}","templated":true}]}}