{"id":1900424,"date":"2026-04-24T10:09:00","date_gmt":"2026-04-24T07:09:00","guid":{"rendered":"https:\/\/analyse.optim.biz\/?p=1900424"},"modified":"2026-04-24T10:09:00","modified_gmt":"2026-04-24T07:09:00","slug":"perche-gli-inquirenti-che-indagano-sulle-morti-di-antonella-di-ielsi-e-sara-di-vita-hanno","status":"publish","type":"post","link":"https:\/\/analyse.optim.biz\/?p=1900424","title":{"rendered":"Perch\u00c9 gli inquirenti che indagano sulle morti di antonella di ielsi e sara di vita hanno&#8230;"},"content":{"rendered":"<p>[analyse_image type=&#8221;featured&#8221; src=&#8221;https:\/\/static.dagospia.com\/img\/patch\/03-2026\/antonella-di-ielsi-e-sara-di-vita-ricina-2248930_600_q50.webp&#8221;]<\/p>\n<article>\n<div class=\"img-wrapper\"><img decoding=\"async\" src=\"https:\/\/static.dagospia.com\/img\/patch\/03-2026\/antonella-di-ielsi-e-sara-di-vita-ricina-2248930_600_q50.webp\" alt=\"antonella di ielsi e sara di vita ricina\"><time class=\"data-ora\">24 apr 2026 12:09<\/time><\/div>\n<p><span>PERCH\u00c9 GLI INQUIRENTI CHE INDAGANO SULLE MORTI DI ANTONELLA DI IELSI E SARA DI VITA HANNO SEQUESTRATO SOLO IL CELLULARE DI ALICE, FIGLIA E SORELLA DELLE VITTIME?<\/span> \u2013 LA RAGAZZA (NON INDAGATA) SI SAREBBE SEGNATA SULLE NOTE DEL TELEFONINO TUTTI I CIBI CONSUMATI DALLA FAMIGLIA TRA IL 22 E IL 25 DICEMBRE (COME MAI?) \u2013 LA SERA DEL 23 DICEMBRE, QUANDO LE DUE VITTIME AVREBBERO MANGIATO DEL CIBO CONTAMINATO CON DELLA RICINA, <span>LA 19ENNE NON CEN\u00d2 CON LA FAMIGLIA<\/span> \u2013 LE RICERCHE SULLO SMARTPHONE SI CONCENTRANO SULLE CHAT E MAIL SCAMBIATE CON ALTRE 11 PERSONE: SEMBREREBBE CHE LA RAGAZZA ABBIA UN AMICO CHE FREQUENTA L&#8217;ISTITUTO AGRARIO DI RICCIA (NEI MESI PRECEDENTI ALLA MORTE DELLE DUE, DAI PC DELLA SCUOLA SAREBBERO STATE FATTE DELLE RICERCHE SUL VELENO)<\/p>\n<div class=\"share-section\">\n                Condividi  questo articolo<\/p>\n<div class=\"socials\"><a href=\"http:\/\/www.facebook.com\/sharer.php?u=http:\/\/www.dagospia.com\/cronache\/perche-gli-inquirenti-indagano-sulle-morti-antonella-ielsi-vita-hanno-471985\" target=\"_blank\"><img decoding=\"async\" src=\"https:\/\/static.dagospia.com\/img\/icons\/facebook.svg\" alt=\"Condividi su Facebook\"><\/a><a href=\"http:\/\/www.twitter.com\/share?url=http:\/\/www.dagospia.com\/cronache\/perche-gli-inquirenti-indagano-sulle-morti-antonella-ielsi-vita-hanno-471985&amp;text=PERCH%C3%89%20GLI%20INQUIRENTI%20CHE%20INDAGANO%20SULLE%20MORTI%20DI%20ANTONELLA%20DI%20IELSI%20E%20SARA%20DI%20VITA%20HANNO...\" target=\"_blank\"><img decoding=\"async\" src=\"https:\/\/static.dagospia.com\/img\/icons\/x-icon.png\" alt=\"Condividi su X\"><\/a><a href=\"\/\/www.dagospia.com\/cronache\/perche-gli-inquirenti-indagano-sulle-morti-antonella-ielsi-vita-hanno-471985\" target=\"_blank\"><img decoding=\"async\" src=\"https:\/\/static.dagospia.com\/img\/icons\/whatsapp.svg\" alt=\"Condividi su Whatsapp\"><\/a><a href=\"mailto:?body=http:\/\/www.dagospia.com\/cronache\/perche-gli-inquirenti-indagano-sulle-morti-antonella-ielsi-vita-hanno-471985\" target=\"_blank\"><img decoding=\"async\" src=\"https:\/\/static.dagospia.com\/img\/icons\/mail.svg\" alt=\"Invia in email\"><\/a><\/div>\n<\/div>\n<div class=\"content\">\n<p class=\"disable\"><strong>1 &#8211; CHAT, MAIL, CHIAMATE E SOCIAL LE RICERCHE SUL CELLULARE DI ALICE SI CONCENTRANO SU UNDICI NOMI<\/strong><\/p>\n<p class=\"disable\"><strong>Estratto dell\u2019articolo di Alessandro Fulloni per il <a href=\"http:\/\/www.corriere.it\" target=\"_blank\">&#8220;Corriere della Sera&#8221;<\/a><\/strong><\/p>\n<p><a href=\"https:\/\/www.dagospia.com\/media-gallery\/dago-fotogallery-508413\/2256140\" class=\"float-right img-wrapper\"><img decoding=\"async\" id=\"2256140\" loading=\"lazy\" src=\"https:\/\/static.dagospia.com\/img\/foto\/04-2026\/la-famiglia-di-vita-2256140_800_q50.webp\"><span class=\"img-title\">la famiglia di vita <\/span><\/a><\/p>\n<p class=\"disable\">\u00a0<\/p>\n<p class=\"disable\">Il cellulare di Alice Di Vita \u00e8 nelle mani della Mobile dallo scorso 13 aprile. \u00abMa lo abbiamo solo acquisito, e non sequestrato\u00bb puntualizzano per ribadire che la 19enne non \u00e8 indagata, restando parte offesa. Impossibile stabilire se gli esperti della Scientifica vi abbiano gi\u00e0 dato una sommaria occhiata, cercando chat, ricerche sul web, video e foto di quei drammatici giorni sotto Natale, in vista dell\u2019\u00abaccertamento irripetibile\u00bb previsto marted\u00ec.<\/p>\n<p class=\"disable\">\u00a0<\/p>\n<p class=\"disable\">Ma \u00e8 certo che l\u2019appuntamento, finalizzato a ottenere la copia forense dell\u2019iPhone 12, costituisce uno snodo importante in quest\u2019indagine, sinora contro ignoti, che la Procura di Larino conduce per doppio omicidio premeditato. Parliamo delle morti per un avvelenamento dovuto alla letale ricina \u2014 ipotesi confermata ieri dal Centro antiveleni di Pavia \u2014 della mamma e della sorella di Alice, Antonella Di Ielsi, 50 anni e Sara, 15.<\/p>\n<p><a href=\"https:\/\/www.dagospia.com\/media-gallery\/dago-fotogallery-508413\/2255865\" class=\"float-left img-wrapper\"><img decoding=\"async\" id=\"2255865\" loading=\"lazy\" src=\"https:\/\/static.dagospia.com\/img\/foto\/04-2026\/sara-di-vita-2255865_800_q50.webp\"><span class=\"img-title\">sara di vita<\/span><\/a><\/p>\n<p class=\"disable\">\u00a0<\/p>\n<p class=\"disable\">In Questura, il cellulare della giovane sar\u00e0 esaminato davanti agli avvocati dei cinque medici dell\u2019ospedale di Campobasso indagati per omicidio colposo avendo sottovalutato \u2014 era l\u2019iniziale convinzione degli inquirenti \u2014 i malori di madre e figlia segnalati al Pronto soccorso. Un\u2019ipotesi di reato che sta sciogliendosi, vista la direzione presa dall\u2019inchiesta.<\/p>\n<p class=\"disable\">\u00a0<\/p>\n<p class=\"disable\">[\u2026] Tra cinque giorni sar\u00e0 scandagliato quanto custodito nel cellulare della liceale tra cui spostamenti e alcune \u00abnote\u00bb sui pasti consumati dalla famiglia tra il 22 dicembre e Natale. Gli investigatori recupereranno chat \u00abinerenti ai contatti\u00bb della ragazza con pap\u00e0, mamma e sorella. [\u2026]<\/p>\n<p class=\"disable\">\u00a0<\/p>\n<p class=\"disable\">[\u2026] Il clima di quei giorni sar\u00e0 ricostruito anche grazie a \u00abchat e mail\u00bb scambiate, pure sui social, con altre 11 persone \u00abche a vario titolo intrattenevano rapporti con Alice\u00bb. [\u2026] Un elenco in cui compare anche Laura, la cugina di Gianni ospitato, con la figlia, proprio da lei, in una casa a Pietracatella di fronte a quella sotto sequestro dei Di Vita.<\/p>\n<p class=\"disable\">\u00a0<\/p>\n<p class=\"disable\">Presto la donna dovrebbe essere chiamata per un terzo interrogatorio. A La Vita in diretta , l\u2019avvocato Facciolla ribadisce \u00abche Gianni non \u00e8 preoccupato dall\u2019evoluzione dell\u2019indagine\u00bb. Quanto a Laura, \u00ablui esclude categoricamente il coinvolgimento di lei\u00bb nel duplice delitto.<\/p>\n<p><a href=\"https:\/\/www.dagospia.com\/media-gallery\/dago-fotogallery-508413\/2215327\" class=\"float-right img-wrapper\"><img decoding=\"async\" id=\"2215327\" loading=\"lazy\" src=\"https:\/\/static.dagospia.com\/img\/foto\/12-2025\/antonella-di-ielsi-2215327_800_q50.webp\"><span class=\"img-title\">antonella di ielsi <\/span><\/a><\/p>\n<p class=\"disable\">\u00a0<\/p>\n<p class=\"disable\">Ma perch\u00e9 \u00e8 stato sequestrato solo il cellulare della 19enne? Se la procuratrice Antonelli si limita a dire di \u00abesigenze tecniche\u00bb, Facciolla ipotizza che \u00abgli inquirenti vogliano fare le attivit\u00e0 di indagine un po\u2019 alla volta. Forse ora si stanno concentrando su un aspetto, poi lo faranno su altro\u00bb.<\/p>\n<p class=\"disable\">\u00a0<\/p>\n<p class=\"disable\">Circa i dati che andranno a comporre la copia forense del telefonino, si risalir\u00e0 all\u2019indietro sino al 1\u00b0 dicembre, dunque un mese prima dei decessi. \u00abMa \u00e8 un tempo troppo breve, bisognerebbe scavare da ancora prima\u00bb puntualizza Pietro Terminello, legale di uno dei medici pronto a inoltrare un\u2019istanza dopo aver inoltrato una memoria difensiva in Procura in cui si adombra l\u2019ipotesi di un avvelenamento in due tappe. Dubbioso, osserva: \u00abDimesse la sera del 26, si sono aggravate all\u2019indomani. Forse hanno ingerito ricina anche a Santo Stefano\u00bb.<\/p>\n<p class=\"disable\">\u00a0<\/p>\n<p><a href=\"https:\/\/www.dagospia.com\/media-gallery\/dago-fotogallery-508413\/2248929\" class=\"float-left img-wrapper\"><img decoding=\"async\" id=\"2248929\" loading=\"lazy\" src=\"https:\/\/static.dagospia.com\/img\/foto\/03-2026\/antonella-di-ielsi-e-sara-di-vita-2248929_800_q50.webp\"><span class=\"img-title\">antonella di ielsi e sara di vita<\/span><\/a><\/p>\n<p class=\"disable\">L\u2019indagine procede a 360 gradi e non \u00e8 un modo di dire: c\u2019\u00e8 da chiarire perch\u00e9 da un computer dell\u2019Istituto agrario del Fortore, dietro Pietracatella, qualcuno abbia fatto ricerche sulla ricina. In quella stessa scuola, peraltro, \u00e8 anche coltivata la pianta del ricino.<\/p>\n<p class=\"disable\">\u00a0<\/p>\n<p class=\"disable\">Poi si scava, soprattutto, sul passato sentimentale dell\u2019ex sindaco pd, ed ex tesoriere regionale, di Pietracatella Gianni. Considerato da tutti in paese un uomo charmant , che piace alle donne. E chiss\u00e0 se dietro quel veleno indirizzato a casa sua attorno al 23 dicembre, quando i Di Vita cenarono assieme senza Alice, fuori per una pizza, non ci sia proprio una mano femminile.<\/p>\n<p class=\"disable\">\u00a0<\/p>\n<p class=\"disable\"><strong>2 &#8211; \u201cINTOSSICATE CON LA RICINA\u201d CACCIA AGLI APPUNTI SUI MENU NELLO SMARTPHONE DI ALICE<\/strong><\/p>\n<p class=\"disable\"><strong>Estratto dell\u2019articolo di Alessandra Ziniti per <a href=\"http:\/\/www.repubblica.it\" target=\"_blank\">&#8220;la Repubblica&#8221;<\/a><\/strong><\/p>\n<p class=\"disable\">\u00a0<\/p>\n<p><a href=\"https:\/\/www.dagospia.com\/media-gallery\/dago-fotogallery-508413\/2248935\" class=\"float-right img-wrapper\"><img decoding=\"async\" id=\"2248935\" loading=\"lazy\" src=\"https:\/\/static.dagospia.com\/img\/foto\/03-2026\/ricina-2248935_800_q50.webp\"><span class=\"img-title\">ricina<\/span><\/a><\/p>\n<p class=\"disable\">La conferma attesa da giorni \u00e8 arrivata: su Sara Di Vita e Antonella Di Ielsi, le due vittime del giallo di Pietracatella, \u00e8 stata riscontrata una \u00abgrave intossicazione da ricina\u00bb. Lo scrivono gli esperti del Centro antiveleni di Pavia nella relazione inviata alla procura di Larino, sottolineando che la sostanza \u00e8 \u00abin concentrazioni compatibili con un quadro di intossicazione acuta nei campioni ematici prelevati durante le autopsie\u00bb.<\/p>\n<p class=\"disable\">\u00a0<\/p>\n<p class=\"disable\">Intanto si continua a scavare nell&#8217;Iphone di Alice Di Vita. [\u2026] \u00a0Nelle settimane precedenti all&#8217;avvelenamento, nei giorni di Natale in cui le due donne hanno fatto avanti e indietro dall&#8217;ospedale di Campobasso, ma anche nei mesi successivi, in cui si \u00e8 proceduto contro i medici, accusati di non averle curate a dovere. Fino alle ultime settimane, quando l&#8217;indiscrezione sulla ricina, filtrata dal centro antiveleni, ha fatto virare l&#8217;indagine sulla gravissima ipotesi di reato di duplice omicidio premeditato.<\/p>\n<p class=\"disable\">\u00a0<\/p>\n<p><a href=\"https:\/\/www.dagospia.com\/media-gallery\/dago-fotogallery-508413\/2215328\" class=\"float-left img-wrapper\"><img decoding=\"async\" id=\"2215328\" loading=\"lazy\" src=\"https:\/\/static.dagospia.com\/img\/foto\/12-2025\/antonella-di-ielsi-con-il-marito-gianni-di-vita-e-le-figlie-2215328_800_q50.webp\"><span class=\"img-title\">antonella di ielsi con il marito gianni di vita e le figlie <\/span><\/a><\/p>\n<p class=\"disable\">Le conversazioni della ragazza, dunque, ma anche la cronologia delle sue ricerche sul web, la posizione del suo telefonino nei giorni cruciali e le note in cui sarebbero stati segnati tutti cibi consumati in casa tra il 22 e il 25 dicembre. [\u2026] Ma perch\u00e9 solo il cellulare di Alice e non quello del padre Gianni? E neanche quelli delle due vittime, rimasti nella casa di Pietracatella?<\/p>\n<p class=\"disable\">\u00a0<\/p>\n<p class=\"disable\">\u00abProbabilmente perch\u00e9 Alice \u00e8 l&#8217;unica a non essere mai stata male e in quei giorni veicolava le informazioni tra i vari membri della famiglia. Ma siamo pronti a mettere a disposizione anche gli altri\u00bb, dice l&#8217;avvocato Vittorino Facciolla che difende Gianni e Alice.<\/p>\n<p class=\"disable\">\u00a0<\/p>\n<p class=\"disable\">La copia forense del cellulare di Alice verr\u00e0 effettuata marted\u00ec alla questura di Campobasso, alla presenza dei legali delle parti, tra cui quelli dei cinque medici dell&#8217;ospedale del capoluogo molisano indagati per un&#8217;ipotetica colpa medica quando di ricina nulla si sapeva.<\/p>\n<p class=\"disable\">\u00a0<\/p>\n<p><a href=\"https:\/\/www.dagospia.com\/media-gallery\/dago-fotogallery-508413\/2248933\" class=\"float-right img-wrapper\"><img decoding=\"async\" id=\"2248933\" loading=\"lazy\" src=\"https:\/\/static.dagospia.com\/img\/foto\/03-2026\/ricina-2248933_800_q50.webp\"><span class=\"img-title\">ricina<\/span><\/a><\/p>\n<p class=\"disable\">La procuratrice Antonelli vuole estrapolati i dati degli ultimi 5 mesi, dall&#8217;1 dicembre ad oggi, ma i legali di uno dei sanitari indagati, Pietro Terminiello e Graziella De Rio, ieri hanno depositato un&#8217;istanza per retrodatare di sei mesi le verifiche: \u00abCrediamo che per rendere efficace l&#8217;accertamento si debba andare pi\u00f9 indietro\u00bb, dice l&#8217;avvocato Terminiello.<\/p>\n<p class=\"disable\">\u00a0<\/p>\n<p class=\"disable\">Ma ecco cosa la procuratrice Antonelli vuole sapere da quel telefonino. Innanzitutto \u2013 si legge nel provvedimento di sequestro \u2013 \u00able chat inerenti ai contatti di Alice con i componenti del nucleo familiare, finalizzate ad accertare i rapporti intercorrenti tra di loro e le ultime comunicazioni con le vittime anche per riscontrare le responsabilit\u00e0 dei sanitari in ordine alle cure prestate nei diversi ricoveri\u00bb.<\/p>\n<p class=\"disable\">\u00a0<\/p>\n<p class=\"disable\">Poi: \u00abCopia delle note salvate dalle quali risulta annotazione dei pasti consumati dalla famiglia fra il 22 e il 25 dicembre\u00bb, \u00abla cronologia della navigazione Internet per acquisire la documentazione inerente ai fatti\u00bb, la \u00abrilevazione della posizione del dispositivo, degli indirizzi email e degli account social\u00bb. Ma gli inquirenti sono interessati anche alle conversazioni della ragazza con una serie di persone (i cui nomi sono espressamente citati e tra questi la zia Laura) \u00abcon cui Alice pu\u00f2 aver commentato, anche dopo la morte della madre e della sorella, l&#8217;operato dei medici\u00bb.<\/p>\n<p><a href=\"https:\/\/www.dagospia.com\/media-gallery\/dago-fotogallery-508413\/2248934\" class=\"float-left img-wrapper\"><img decoding=\"async\" id=\"2248934\" loading=\"lazy\" src=\"https:\/\/static.dagospia.com\/img\/foto\/03-2026\/ricina-2248934_800_q50.webp\"><span class=\"img-title\">ricina<\/span><\/a><\/p>\n<p class=\"disable\">\u00a0<\/p>\n<p class=\"disable\">Da indiscrezioni sembrerebbe che la ragazza abbia un amico che frequenta l&#8217;istituto agrario di Riccia in cui gli investigatori hanno compiuto accertamenti (anche sui pc) e anche il padre conoscerebbe una professoressa che \u00e8 tra i testimoni ascoltati nei giorni scorsi.<\/p>\n<\/div>\n<div class=\"share-section\">\n                Condividi  questo articolo<\/p>\n<div class=\"socials\"><a href=\"https:\/\/www.dagospia.com\/cronache\/perche-gli-inquirenti-indagano-sulle-morti-antonella-ielsi-vita-hanno-471985\"><img decoding=\"async\" src=\"https:\/\/static.dagospia.com\/img\/icons\/facebook.svg\" alt=\"Condividi su Facebook\"><\/a><a href=\"https:\/\/www.dagospia.com\/cronache\/perche-gli-inquirenti-indagano-sulle-morti-antonella-ielsi-vita-hanno-471985\"><img decoding=\"async\" src=\"https:\/\/static.dagospia.com\/img\/icons\/x-icon.png\" alt=\"Condividi su X\"><\/a><a href=\"https:\/\/www.dagospia.com\/cronache\/perche-gli-inquirenti-indagano-sulle-morti-antonella-ielsi-vita-hanno-471985\"><img decoding=\"async\" src=\"https:\/\/static.dagospia.com\/img\/icons\/whatsapp.svg\" alt=\"Condividi su Whatsapp\"><\/a><a href=\"https:\/\/www.dagospia.com\/cronache\/perche-gli-inquirenti-indagano-sulle-morti-antonella-ielsi-vita-hanno-471985\"><img decoding=\"async\" src=\"https:\/\/static.dagospia.com\/img\/icons\/mail.svg\" alt=\"Invia in email\"><\/a><\/div>\n<\/div>\n<\/article>\n<div class=\"content\">\n<p class=\"disable\"><strong>1 &#8211; CHAT, MAIL, CHIAMATE E SOCIAL LE RICERCHE SUL CELLULARE DI ALICE SI CONCENTRANO SU UNDICI NOMI<\/strong><\/p>\n<p class=\"disable\"><strong>Estratto dell\u2019articolo di Alessandro Fulloni per il <a href=\"http:\/\/www.corriere.it\" target=\"_blank\">&#8220;Corriere della Sera&#8221;<\/a><\/strong><\/p>\n<p><a href=\"https:\/\/www.dagospia.com\/media-gallery\/dago-fotogallery-508413\/2256140\" class=\"float-right img-wrapper\"><img decoding=\"async\" id=\"2256140\" loading=\"lazy\" src=\"https:\/\/static.dagospia.com\/img\/foto\/04-2026\/la-famiglia-di-vita-2256140_800_q50.webp\"><span class=\"img-title\">la famiglia di vita <\/span><\/a><\/p>\n<p class=\"disable\">\u00a0<\/p>\n<p class=\"disable\">Il cellulare di Alice Di Vita \u00e8 nelle mani della Mobile dallo scorso 13 aprile. \u00abMa lo abbiamo solo acquisito, e non sequestrato\u00bb puntualizzano per ribadire che la 19enne non \u00e8 indagata, restando parte offesa. Impossibile stabilire se gli esperti della Scientifica vi abbiano gi\u00e0 dato una sommaria occhiata, cercando chat, ricerche sul web, video e foto di quei drammatici giorni sotto Natale, in vista dell\u2019\u00abaccertamento irripetibile\u00bb previsto marted\u00ec.<\/p>\n<p class=\"disable\">\u00a0<\/p>\n<p class=\"disable\">Ma \u00e8 certo che l\u2019appuntamento, finalizzato a ottenere la copia forense dell\u2019iPhone 12, costituisce uno snodo importante in quest\u2019indagine, sinora contro ignoti, che la Procura di Larino conduce per doppio omicidio premeditato. Parliamo delle morti per un avvelenamento dovuto alla letale ricina \u2014 ipotesi confermata ieri dal Centro antiveleni di Pavia \u2014 della mamma e della sorella di Alice, Antonella Di Ielsi, 50 anni e Sara, 15.<\/p>\n<p><a href=\"https:\/\/www.dagospia.com\/media-gallery\/dago-fotogallery-508413\/2255865\" class=\"float-left img-wrapper\"><img decoding=\"async\" id=\"2255865\" loading=\"lazy\" src=\"https:\/\/static.dagospia.com\/img\/foto\/04-2026\/sara-di-vita-2255865_800_q50.webp\"><span class=\"img-title\">sara di vita<\/span><\/a><\/p>\n<p class=\"disable\">\u00a0<\/p>\n<p class=\"disable\">In Questura, il cellulare della giovane sar\u00e0 esaminato davanti agli avvocati dei cinque medici dell\u2019ospedale di Campobasso indagati per omicidio colposo avendo sottovalutato \u2014 era l\u2019iniziale convinzione degli inquirenti \u2014 i malori di madre e figlia segnalati al Pronto soccorso. Un\u2019ipotesi di reato che sta sciogliendosi, vista la direzione presa dall\u2019inchiesta.<\/p>\n<p class=\"disable\">\u00a0<\/p>\n<p class=\"disable\">[\u2026] Tra cinque giorni sar\u00e0 scandagliato quanto custodito nel cellulare della liceale tra cui spostamenti e alcune \u00abnote\u00bb sui pasti consumati dalla famiglia tra il 22 dicembre e Natale. Gli investigatori recupereranno chat \u00abinerenti ai contatti\u00bb della ragazza con pap\u00e0, mamma e sorella. [\u2026]<\/p>\n<p class=\"disable\">\u00a0<\/p>\n<p class=\"disable\">[\u2026] Il clima di quei giorni sar\u00e0 ricostruito anche grazie a \u00abchat e mail\u00bb scambiate, pure sui social, con altre 11 persone \u00abche a vario titolo intrattenevano rapporti con Alice\u00bb. [\u2026] Un elenco in cui compare anche Laura, la cugina di Gianni ospitato, con la figlia, proprio da lei, in una casa a Pietracatella di fronte a quella sotto sequestro dei Di Vita.<\/p>\n<p class=\"disable\">\u00a0<\/p>\n<p class=\"disable\">Presto la donna dovrebbe essere chiamata per un terzo interrogatorio. A La Vita in diretta , l\u2019avvocato Facciolla ribadisce \u00abche Gianni non \u00e8 preoccupato dall\u2019evoluzione dell\u2019indagine\u00bb. Quanto a Laura, \u00ablui esclude categoricamente il coinvolgimento di lei\u00bb nel duplice delitto.<\/p>\n<p><a href=\"https:\/\/www.dagospia.com\/media-gallery\/dago-fotogallery-508413\/2215327\" class=\"float-right img-wrapper\"><img decoding=\"async\" id=\"2215327\" loading=\"lazy\" src=\"https:\/\/static.dagospia.com\/img\/foto\/12-2025\/antonella-di-ielsi-2215327_800_q50.webp\"><span class=\"img-title\">antonella di ielsi <\/span><\/a><\/p>\n<p class=\"disable\">\u00a0<\/p>\n<p class=\"disable\">Ma perch\u00e9 \u00e8 stato sequestrato solo il cellulare della 19enne? Se la procuratrice Antonelli si limita a dire di \u00abesigenze tecniche\u00bb, Facciolla ipotizza che \u00abgli inquirenti vogliano fare le attivit\u00e0 di indagine un po\u2019 alla volta. Forse ora si stanno concentrando su un aspetto, poi lo faranno su altro\u00bb.<\/p>\n<p class=\"disable\">\u00a0<\/p>\n<p class=\"disable\">Circa i dati che andranno a comporre la copia forense del telefonino, si risalir\u00e0 all\u2019indietro sino al 1\u00b0 dicembre, dunque un mese prima dei decessi. \u00abMa \u00e8 un tempo troppo breve, bisognerebbe scavare da ancora prima\u00bb puntualizza Pietro Terminello, legale di uno dei medici pronto a inoltrare un\u2019istanza dopo aver inoltrato una memoria difensiva in Procura in cui si adombra l\u2019ipotesi di un avvelenamento in due tappe. Dubbioso, osserva: \u00abDimesse la sera del 26, si sono aggravate all\u2019indomani. Forse hanno ingerito ricina anche a Santo Stefano\u00bb.<\/p>\n<p class=\"disable\">\u00a0<\/p>\n<p><a href=\"https:\/\/www.dagospia.com\/media-gallery\/dago-fotogallery-508413\/2248929\" class=\"float-left img-wrapper\"><img decoding=\"async\" id=\"2248929\" loading=\"lazy\" src=\"https:\/\/static.dagospia.com\/img\/foto\/03-2026\/antonella-di-ielsi-e-sara-di-vita-2248929_800_q50.webp\"><span class=\"img-title\">antonella di ielsi e sara di vita<\/span><\/a><\/p>\n<p class=\"disable\">L\u2019indagine procede a 360 gradi e non \u00e8 un modo di dire: c\u2019\u00e8 da chiarire perch\u00e9 da un computer dell\u2019Istituto agrario del Fortore, dietro Pietracatella, qualcuno abbia fatto ricerche sulla ricina. In quella stessa scuola, peraltro, \u00e8 anche coltivata la pianta del ricino.<\/p>\n<p class=\"disable\">\u00a0<\/p>\n<p class=\"disable\">Poi si scava, soprattutto, sul passato sentimentale dell\u2019ex sindaco pd, ed ex tesoriere regionale, di Pietracatella Gianni. Considerato da tutti in paese un uomo charmant , che piace alle donne. E chiss\u00e0 se dietro quel veleno indirizzato a casa sua attorno al 23 dicembre, quando i Di Vita cenarono assieme senza Alice, fuori per una pizza, non ci sia proprio una mano femminile.<\/p>\n<p class=\"disable\">\u00a0<\/p>\n<p class=\"disable\"><strong>2 &#8211; \u201cINTOSSICATE CON LA RICINA\u201d CACCIA AGLI APPUNTI SUI MENU NELLO SMARTPHONE DI ALICE<\/strong><\/p>\n<p class=\"disable\"><strong>Estratto dell\u2019articolo di Alessandra Ziniti per <a href=\"http:\/\/www.repubblica.it\" target=\"_blank\">&#8220;la Repubblica&#8221;<\/a><\/strong><\/p>\n<p class=\"disable\">\u00a0<\/p>\n<p><a href=\"https:\/\/www.dagospia.com\/media-gallery\/dago-fotogallery-508413\/2248935\" class=\"float-right img-wrapper\"><img decoding=\"async\" id=\"2248935\" loading=\"lazy\" src=\"https:\/\/static.dagospia.com\/img\/foto\/03-2026\/ricina-2248935_800_q50.webp\"><span class=\"img-title\">ricina<\/span><\/a><\/p>\n<p class=\"disable\">La conferma attesa da giorni \u00e8 arrivata: su Sara Di Vita e Antonella Di Ielsi, le due vittime del giallo di Pietracatella, \u00e8 stata riscontrata una \u00abgrave intossicazione da ricina\u00bb. Lo scrivono gli esperti del Centro antiveleni di Pavia nella relazione inviata alla procura di Larino, sottolineando che la sostanza \u00e8 \u00abin concentrazioni compatibili con un quadro di intossicazione acuta nei campioni ematici prelevati durante le autopsie\u00bb.<\/p>\n<p class=\"disable\">\u00a0<\/p>\n<p class=\"disable\">Intanto si continua a scavare nell&#8217;Iphone di Alice Di Vita. [\u2026] \u00a0Nelle settimane precedenti all&#8217;avvelenamento, nei giorni di Natale in cui le due donne hanno fatto avanti e indietro dall&#8217;ospedale di Campobasso, ma anche nei mesi successivi, in cui si \u00e8 proceduto contro i medici, accusati di non averle curate a dovere. Fino alle ultime settimane, quando l&#8217;indiscrezione sulla ricina, filtrata dal centro antiveleni, ha fatto virare l&#8217;indagine sulla gravissima ipotesi di reato di duplice omicidio premeditato.<\/p>\n<p class=\"disable\">\u00a0<\/p>\n<p><a href=\"https:\/\/www.dagospia.com\/media-gallery\/dago-fotogallery-508413\/2215328\" class=\"float-left img-wrapper\"><img decoding=\"async\" id=\"2215328\" loading=\"lazy\" src=\"https:\/\/static.dagospia.com\/img\/foto\/12-2025\/antonella-di-ielsi-con-il-marito-gianni-di-vita-e-le-figlie-2215328_800_q50.webp\"><span class=\"img-title\">antonella di ielsi con il marito gianni di vita e le figlie <\/span><\/a><\/p>\n<p class=\"disable\">Le conversazioni della ragazza, dunque, ma anche la cronologia delle sue ricerche sul web, la posizione del suo telefonino nei giorni cruciali e le note in cui sarebbero stati segnati tutti cibi consumati in casa tra il 22 e il 25 dicembre. [\u2026] Ma perch\u00e9 solo il cellulare di Alice e non quello del padre Gianni? E neanche quelli delle due vittime, rimasti nella casa di Pietracatella?<\/p>\n<p class=\"disable\">\u00a0<\/p>\n<p class=\"disable\">\u00abProbabilmente perch\u00e9 Alice \u00e8 l&#8217;unica a non essere mai stata male e in quei giorni veicolava le informazioni tra i vari membri della famiglia. Ma siamo pronti a mettere a disposizione anche gli altri\u00bb, dice l&#8217;avvocato Vittorino Facciolla che difende Gianni e Alice.<\/p>\n<p class=\"disable\">\u00a0<\/p>\n<p class=\"disable\">La copia forense del cellulare di Alice verr\u00e0 effettuata marted\u00ec alla questura di Campobasso, alla presenza dei legali delle parti, tra cui quelli dei cinque medici dell&#8217;ospedale del capoluogo molisano indagati per un&#8217;ipotetica colpa medica quando di ricina nulla si sapeva.<\/p>\n<p class=\"disable\">\u00a0<\/p>\n<p><a href=\"https:\/\/www.dagospia.com\/media-gallery\/dago-fotogallery-508413\/2248933\" class=\"float-right img-wrapper\"><img decoding=\"async\" id=\"2248933\" loading=\"lazy\" src=\"https:\/\/static.dagospia.com\/img\/foto\/03-2026\/ricina-2248933_800_q50.webp\"><span class=\"img-title\">ricina<\/span><\/a><\/p>\n<p class=\"disable\">La procuratrice Antonelli vuole estrapolati i dati degli ultimi 5 mesi, dall&#8217;1 dicembre ad oggi, ma i legali di uno dei sanitari indagati, Pietro Terminiello e Graziella De Rio, ieri hanno depositato un&#8217;istanza per retrodatare di sei mesi le verifiche: \u00abCrediamo che per rendere efficace l&#8217;accertamento si debba andare pi\u00f9 indietro\u00bb, dice l&#8217;avvocato Terminiello.<\/p>\n<p class=\"disable\">\u00a0<\/p>\n<p class=\"disable\">Ma ecco cosa la procuratrice Antonelli vuole sapere da quel telefonino. Innanzitutto \u2013 si legge nel provvedimento di sequestro \u2013 \u00able chat inerenti ai contatti di Alice con i componenti del nucleo familiare, finalizzate ad accertare i rapporti intercorrenti tra di loro e le ultime comunicazioni con le vittime anche per riscontrare le responsabilit\u00e0 dei sanitari in ordine alle cure prestate nei diversi ricoveri\u00bb.<\/p>\n<p class=\"disable\">\u00a0<\/p>\n<p class=\"disable\">Poi: \u00abCopia delle note salvate dalle quali risulta annotazione dei pasti consumati dalla famiglia fra il 22 e il 25 dicembre\u00bb, \u00abla cronologia della navigazione Internet per acquisire la documentazione inerente ai fatti\u00bb, la \u00abrilevazione della posizione del dispositivo, degli indirizzi email e degli account social\u00bb. Ma gli inquirenti sono interessati anche alle conversazioni della ragazza con una serie di persone (i cui nomi sono espressamente citati e tra questi la zia Laura) \u00abcon cui Alice pu\u00f2 aver commentato, anche dopo la morte della madre e della sorella, l&#8217;operato dei medici\u00bb.<\/p>\n<p><a href=\"https:\/\/www.dagospia.com\/media-gallery\/dago-fotogallery-508413\/2248934\" class=\"float-left img-wrapper\"><img decoding=\"async\" id=\"2248934\" loading=\"lazy\" src=\"https:\/\/static.dagospia.com\/img\/foto\/03-2026\/ricina-2248934_800_q50.webp\"><span class=\"img-title\">ricina<\/span><\/a><\/p>\n<p class=\"disable\">\u00a0<\/p>\n<p class=\"disable\">Da indiscrezioni sembrerebbe che la ragazza abbia un amico che frequenta l&#8217;istituto agrario di Riccia in cui gli investigatori hanno compiuto accertamenti (anche sui pc) e anche il padre conoscerebbe una professoressa che \u00e8 tra i testimoni ascoltati nei giorni scorsi.<\/p>\n<\/div>\n<article><a href=\"https:\/\/www.dagospia.com\/business\/salutame-calta-cda-mps-rifila-vaffa-all-83enne-costruttore-cesare-471949\"><\/p>\n<div class=\"img-wrapper\"><img decoding=\"async\" src=\"https:\/\/static.dagospia.com\/img\/patch\/04-2026\/monte-dei-paschi-di-siena-mps-francesco-gaetano-caltagirone-luigi-lovaglio-cesar-2256179_600_q50.webp\" alt=\"monte dei paschi di siena mps francesco gaetano caltagirone luigi lovaglio cesare bisoni gaetano caputi vittorio grilli \" loading=\"lazy\"><time class=\"data-ora\">23 apr 20:06<\/time><\/div>\n<div class=\"excerpt\">\n<p>SALUTAME A \u201cCALTA\u201d \u2013 <span>IL CDA DI MPS RIFILA UN ALTRO \u201cVAFFA\u201d ALL\u201983ENNE COSTRUTTORE: CESARE BISONI \u00c8 STATO NOMINATO COME PRESIDENTE DEL \u201cMONTE\u201d CON I SOLI VOTI DELLA LISTA DI \u201cPLT\u201d<\/span> \u2013 SI VOCIFERA CHE \u201cCALTA-RICCONE\u201d ABBIA LA DENTIERA AVVELENATA, IN PARTICOLARE, CON DUE PERSONE: IL PRESIDENTE DI MEDIOBANCA, VITTORIO GRILLI (CHE DOPO LA FUSIONE PRENDER\u00c0\u00a0IL POSTO DI BISONI) E IL CAPO DI GABINETTO DI PALAZZO CHIGI, GAETANO CAPUTI. NON \u00c8\u00a0SFUGGITO ALL\u2019OTTUAGENARIO EDITORE DEL \u201cMESSAGGERO\u201d CHE ENASARCO, LA CASSA PREVIDENZIALE DEGLI AGENTI DI COMMERCIO IN OTTIMI RAPPORTI CON CAPUTI, ABBIA VOTATO A FAVORE DI LOVAGLIO COME AD\u2026<\/p>\n<\/div>\n<p><\/a><\/article>\n<article><a href=\"https:\/\/www.dagospia.com\/politica\/ignazio-russa-legge-dagospia-non-si-trova-per-nulla-d-accordo-ci-manda-471827\"><\/p>\n<div class=\"img-wrapper\"><img decoding=\"async\" src=\"https:\/\/static.dagospia.com\/img\/patch\/12-2025\/meloni-la-russa-2209089_600_q50.webp\" alt=\"meloni la russa\" loading=\"lazy\"><time class=\"data-ora\">22 apr 20:49<\/time><\/div>\n<div class=\"excerpt\">\n<p><span>IL CO-FONDATORE DI FRATELLI D\u2019ITALIA E SECONDA CARICA DELLO STATO, IL POCO PALUDATO PRESIDENTE DEL SENATO IGNAZIO LA RUSSA, LEGGE DAGOSPIA<\/span>\u00a0E NON SI TROVA PER NULLA D\u2019ACCORDO SU QUANTO SCRIVIAMO SUL SUO RAPPORTO NON IDILLIACO (EUFEMISMO) CON GIORGIA MELONI (DALLE DIMISSIONI DELLA PITONESSA SANTANCHE\u2019 AL CANDIDATO ALLE PROSSIME COMUNALI DI MILANO, CASINI IN SICILIA COMPRESI) E CI SCRIVE UNA ZUCCHEROSA, A RISCHIO DIABETE, LETTERINA:\u00a0<span>\u2018\u2019CARO D&#8217;AGOSTINO, POSSIBILE CHE QUANDO (SPESSO) TI OCCUPI DI ME NON NE AZZECCHI UNA?<\/span>\u00a0FANTASCIENZA ALLO STATO PURO UN ANCORCH\u00c9 MINIMO DISSENSO CON GIORGIA MELONI CHE PER ME \u00c8 E RESTER\u00c0 SEMPRE, UNA SORELLA MINORE SUL PIANO AFFETTIVO E UNA LEADER INIMITABILE SUL PIANO POLITICO &#8211;\u00a0<span>SE VUOI SONO SEMPRE PRONTO A DARTI NOTIZIE CHE RIGUARDANO ME, CORRETTE E DI PRIMA MANO. MA FORSE NON TI INTERESSANO\u201d<\/span> (CIAO CORE&#8230;)<\/p>\n<\/div>\n<p><\/a><\/article>\n<article><a href=\"https:\/\/www.dagospia.com\/politica\/dagoreport-nemico-piu-ostico-per-giorgia-meloni-e-ignazio-russa-471807\"><\/p>\n<div class=\"img-wrapper\"><img decoding=\"async\" src=\"https:\/\/static.dagospia.com\/img\/patch\/04-2026\/meloni-la-russa-manlio-messina-cannella-dell-utri-2255763_600_q50.webp\" alt=\"meloni la russa manlio messina cannella dell'utri\" loading=\"lazy\"><time class=\"data-ora\">22 apr 20:01<\/time><\/div>\n<div class=\"excerpt\">\n<p>DAGOREPORT &#8211; <span>IL PROBLEMA PI\u00d9 OSTICO PER LA MELONA AZZOPPATA NON \u00c8 CONTE N\u00c9 SCHLEIN: SI CHIAMA FRATELLI D&#8217;ITALIA, A PARTIRE DA LA RUSSA<\/span>\u00a0\u2013 IL PRESIDENTE DEL SENATO BRIGA, METTE BOCCA, PRETENDE LA SCELTA DEL SINDACO DI MILANO: <span>LA PROVA SI \u00c8 AVUTA OGGI CON LA NOMINA DEI SICILIANI GIAMPIERO CANNELLA E MASSIMO DELL\u2019UTRI A SOTTOSEGRETARI &#8211;<\/span>\u00a0\u2018GNAZIO VOLEVA UNA \u201cCOMPENSAZIONE\u201d PER IL TRASLOCO DEL &#8220;SUO&#8221; GIANMARCO MAZZI AL TURISMO, PER NON LASCIARE AL SOLO EMANUELE MERLINO (UOMO DI FAZZOLARI) IL COMPITO DI &#8221;BADANTE&#8221; DEL MINISTRO GIULI-VO \u2013\u00a0<span>IL CAOS IN SICILIA, TRA INCHIESTE SULLA GIUNTA, I SEGRETI \u201cSCOTTANTI\u201d MINACCIATI E MAI RIVELATI DA MANLIO MESSINA<\/span> E LA DEBOLEZZA DEL TAJANEO SCHIFANI CHE SENTE IL FIATO SUL COLLO DI GIORGIO MULE&#8217; (CARO AI BERLUSCONI),\u00a0CHE PUNTA A PRENDERE IL SUO POSTO E CHIEDE DI COMMISSARIARE FORZA ITALIA IN SICILIA, DOPO IL PESSIMO RISULTATO AL REFERENDUM&#8230;<\/p>\n<\/div>\n<p><\/a><\/article>\n<article><a href=\"https:\/\/www.dagospia.com\/politica\/dagoreport-forza-italia-ribolle-marina-berlusconi-martusciello-mosse-471646\"><\/p>\n<div class=\"img-wrapper\"><img decoding=\"async\" src=\"https:\/\/static.dagospia.com\/img\/patch\/04-2026\/marina-berlusconi-antonio-tajani-fulvio-martusciello-2255164_600_q50.webp\" alt=\"marina berlusconi antonio tajani fulvio martusciello\" loading=\"lazy\"><time class=\"data-ora\">21 apr 20:02<\/time><\/div>\n<div class=\"excerpt\">\n<p><span>DAGOREPORT &#8211;<\/span> LA PRESA DI TAJANI SU FORZA ITALIA SI \u00c8 RIDOTTA DOPO IL SILURAMENTO DEI SUOI &#8220;DIOSCURI&#8221;, BARELLI E GASPARRI.<span> IL PARTITO ORA \u00c8 IN EBOLLIZIONE:\u00a0<\/span><span>VOGLIONO RIMUOVERE FULVIO MARTUSCIELLO<\/span> DA CAPOGRUPPO DI FORZA ITALIA A BRUXELLES. AL SUO POSTO, SI FANNO AVANTI LETIZIA MORATTI E MASSIMILIANO SALINI &#8211; <span>E IL &#8220;MAGGIORDOMO CIOCIARO&#8221; DI CASA MELONI, CHE FA? RESTA IN TRINCEA BLOCCANDO LA NOMINA DI FEDERICO FRENI ALLA CONSOB <\/span>PER FORZARE IL GOVERNO A TROVARE UNA SISTEMAZIONE AL SUO CONSUOCERO BARELLI E ALLA SUA FEDELISSIMA CHIARA TENERINI, LANCIATA CONTRO LA DEBORA BERGAMINI DI MARINA\u2026<\/p>\n<\/div>\n<p><\/a><\/article>\n<article><a href=\"https:\/\/www.dagospia.com\/politica\/figura-terna-per-giorgia-nell-aprile-2023-meloni-si-vantava-nomina-471652\"><\/p>\n<div class=\"img-wrapper\"><img decoding=\"async\" src=\"https:\/\/static.dagospia.com\/img\/patch\/04-2026\/giuseppina-di-foggia-giorgia-meloni-arianna-claudio-descalzi-terna-eni-2255189_600_q50.webp\" alt=\"giuseppina di foggia giorgia meloni arianna claudio descalzi terna eni\" loading=\"lazy\"><time class=\"data-ora\">21 apr 13:20<\/time><\/div>\n<div class=\"excerpt\">\n<p><span>CHE FIGURA DI TERNA PER GIORGIA!<\/span>\u00a0\u2013 NELL\u2019APRILE 2023 MELONI SI VANTAVA DELLA NOMINA DI GIUSEPPINA DI FOGGIA ALLA GUIDA DI TERNA:\u00a0<span>\u201c\u00c8 LA PRIMA DONNA AD DI UNA GRANADE PARTECIPATA PUBBLICA\u201d\u00a0<\/span>\u2013 CHISSA COME SI SAR\u00c0 PENTITA DI QUELLA SCELTA, SPONSORIZZATA DALLA SORELLA ARIANNA, ORA CHE\u00a0<span>LA MANAGER\u00a0HA DECISO DI INCASSARE FINO ALL\u2019ULTIMO EURO DELLA SUA BUONUSCITA DA 7,3 MILIONI, <\/span>ALLA FACCIA DELLA CRISI ENERGETICA,\u00a0ED \u00c8 PRONTA A RINUNCIARE ALLA PRESIDENZA DI ENI CHE LE \u00c8 STATA OFFERTA COME \u201cPARACADUTE\u201d, PUR DI TENERE IL PUNTO \u2013 DI FOGGIA PRETENDEVA DI ESSERE CONFERMATA IN TERNA O DI AVERE COMUNQUE UN RUOLO OPERATIVO IN UN ALTRO COLOSSO STATALE:\u00a0SA BENE CHE <span>LA POLTRONA DA PRESIDENTE DEL CANE A SEI ZAMPE \u00c8 DI RAPPRESENTANZA, DAL MOMENTO CHE IN CASA ENI TUTTO PASSA PER L\u2019AD CLAUDIO DESCALZI\u00a0<\/span>\u2013\u00a0IL VERBALE DI TERNA CHE INGUAIA PALAZZO CHIGI<\/p>\n<\/div>\n<p><\/a><\/article>\n<article><a href=\"https:\/\/www.dagospia.com\/business\/borsa-italiana-comandano-i-francesi-faccia-delle-regole-tutto-bene-per-471554\"><\/p>\n<div class=\"img-wrapper\"><img decoding=\"async\" src=\"https:\/\/static.dagospia.com\/img\/patch\/04-2026\/borsa-italiana-dario-scannapieco-fabrizio-testa-cdp-cassa-depositi-e-prestiti-2254922_600_q50.webp\" alt=\"borsa italiana dario scannapieco fabrizio testa cdp cassa depositi e prestiti\" loading=\"lazy\"><time class=\"data-ora\">20 apr 16:05<\/time><\/div>\n<div class=\"excerpt\">\n<p><span>DAGOREPORT &#8211; PERCHE&#8217; ALLA BORSA ITALIANA COMANDANO I FRANCESI?<\/span> \u2013 INFURIA LA BATTAGLIA SULLA CONFERMA DI FABRIZIO TESTA ALLA GUIDA DI BORSA ITALIA, IMPOSTA DALLA FRANCESE EURONEXT E CONTESTATA DA CDP (ENTRAMBI AZIONISTI ALL\u2019\u20198,08%). SECONDO LA CASSA, NON SAREBBE STATO RISPETTATO IL PATTO PARASOCIALE \u2013 <span>EPPURE LA CONSOB, NEL SUO \u201cACCERTAMENTO\u201d SU BORSA ITALIANA DELLO SCORSO NOVEMBRE, ERA STATA CHIARA: HA RILEVATO UNA \u201cRIPETUTA VIOLAZIONE DELLE REGOLE DEL GOVERNO SOCIETARIO\u201d<\/span>, HA ACCERTATO CHE \u201cTESTA NON HA DATO LA NECESSARIA INFORMATIVA AL CDA DI BORSA ITALIANA SUI PROGETTI O LE MODIFICHE ALLA STRUTTURA COMMISSIONALE\u201d, <span>\u201cMORTIFICANDO IL RUOLO DEL CDA\u201d<\/span> \u2013 L\u2019ASSEMBLEA DEI SOCI DI BORSA ITALIANA \u00c8 CONVOCATA PER IL 29 APRILE PER RINNOVARE CDA E VERTICI MA LA GUERRA LEGALE POTREBBE ESSERE MOLTO PIU\u2019 LUNGA&#8230;<\/p>\n<\/div>\n<p><\/a><\/article>\n<article><a href=\"https:\/\/www.dagospia.com\/politica\/pasqua-merda-per-matteo-piantedosi-dopo-claudia-conte-rivelato-urbi-et-469960\"><\/p>\n<div class=\"img-wrapper\"><img decoding=\"async\" src=\"https:\/\/static.dagospia.com\/img\/patch\/04-2026\/matteo-piantedosi-come-gennaro-sangiuliano-meme-claudia-conte-2249972_600_q50.webp\" alt=\"matteo piantedosi come gennaro sangiuliano meme claudia conte \" loading=\"lazy\"><\/div>\n<div class=\"excerpt\">CHE PASQUA DI MERDA PER MATTEO PIANTEDOSI! &#8211; DOPO CHE CLAUDIA CONTE HA RIVELATO URBI ET ORBI DI\u2026<\/div>\n<p><\/a><\/article>\n<article><a href=\"https:\/\/www.dagospia.com\/cronache\/michael-jackson-mi-abbasso-i-pantaloncini-mentre-giocavo-game-boy-470026\"><\/p>\n<div class=\"img-wrapper\"><img decoding=\"async\" src=\"https:\/\/static.dagospia.com\/img\/patch\/04-2026\/michael-jackson-aldo-cascio-2250437_600_q50.webp\" alt=\"michael jackson aldo cascio \" loading=\"lazy\"><\/div>\n<div class=\"excerpt\">\u201cMICHAEL JACKSON MI ABBASS\u00d2 I PANTALONCINI MENTRE GIOCAVO AL GAME BOY\u201d \u2013 LE TESTIMONIANZE DEI\u2026<\/div>\n<p><\/a><\/article>\n<article><a href=\"https:\/\/www.dagospia.com\/media-tv\/pillole-gossip-saffo-power-gaia-levante-nuredini-471524\"><\/p>\n<div class=\"img-wrapper\"><img decoding=\"async\" src=\"https:\/\/static.dagospia.com\/img\/patch\/04-2026\/pillole-avanti-gossip-2254824_600_q50.webp\" alt=\"pillole avanti gossip\" loading=\"lazy\"><\/div>\n<div class=\"excerpt\">PILLOLE DI GOSSIP! SAFFO POWER: GAIA IN CONCERTO A MILANO BACIA (DI NUOVO) IN BOCCA LEVANTE DOPO\u2026<\/div>\n<p><\/a><\/article>\n<article><a href=\"https:\/\/www.dagospia.com\/media-tv\/pillole-gossip-elena-santarelli-difende-fidanzata-470917\"><\/p>\n<div class=\"img-wrapper\"><img decoding=\"async\" src=\"https:\/\/static.dagospia.com\/img\/patch\/04-2026\/pillole-avanti-gossip-2253055_600_q50.webp\" alt=\"pillole avanti gossip\" loading=\"lazy\"><\/div>\n<div class=\"excerpt\">PILLOLE DI GOSSIP! LA FIDANZATA DI SINNER TROPPO FREDDA? ELENA SANTARELLI DIFENDE LAILA HASANOVIC -\u2026<\/div>\n<p><\/a><\/article>\n<article><a href=\"https:\/\/www.dagospia.com\/media-tv\/topa-gli-stivali-riconoscete-per-dare-benvenuto-primavera-scio-girl-471751\"><\/p>\n<div class=\"img-wrapper\"><img decoding=\"async\" src=\"https:\/\/static.dagospia.com\/img\/patch\/04-2026\/elisabetta-canalis-2255646_600_q50.webp\" alt=\"elisabetta canalis\" loading=\"lazy\"><\/div>\n<div class=\"excerpt\">LA TOPA CON GLI STIVALI: LA RICONOSCETE? PER DARE IL BENVENUTO ALLA PRIMAVERA, LA SCIO\u2019-GIRL HA\u2026<\/div>\n<p><\/a><\/article>\n<article><a href=\"https:\/\/www.dagospia.com\/business\/salutame-calta-cda-mps-rifila-vaffa-all-83enne-costruttore-cesare-471949\"><\/p>\n<div class=\"img-wrapper\"><img decoding=\"async\" src=\"https:\/\/static.dagospia.com\/img\/patch\/04-2026\/monte-dei-paschi-di-siena-mps-francesco-gaetano-caltagirone-luigi-lovaglio-cesar-2256179_600_q50.webp\" alt=\"monte dei paschi di siena mps francesco gaetano caltagirone luigi lovaglio cesare bisoni gaetano caputi vittorio grilli \" loading=\"lazy\"><\/div>\n<div class=\"excerpt\">SALUTAME A \u201cCALTA\u201d \u2013 IL CDA DI MPS RIFILA UN ALTRO \u201cVAFFA\u201d ALL\u201983ENNE COSTRUTTORE: CESARE BISONI \u00c8\u2026<\/div>\n<p><\/a><\/article>\n<article><a href=\"https:\/\/www.dagospia.com\/politica\/ignazio-russa-legge-dagospia-non-si-trova-per-nulla-d-accordo-ci-manda-471827\"><\/p>\n<div class=\"img-wrapper\"><img decoding=\"async\" src=\"https:\/\/static.dagospia.com\/img\/patch\/12-2025\/meloni-la-russa-2209089_600_q50.webp\" alt=\"meloni la russa\" loading=\"lazy\"><\/div>\n<div class=\"excerpt\">IL CO-FONDATORE DI FRATELLI D\u2019ITALIA E SECONDA CARICA DELLO STATO, IL POCO PALUDATO PRESIDENTE DEL\u2026<\/div>\n<p><\/a><\/article>\n<article><a href=\"https:\/\/www.dagospia.com\/politica\/dagoreport-nemico-piu-ostico-per-giorgia-meloni-e-ignazio-russa-471807\"><\/p>\n<div class=\"img-wrapper\"><img decoding=\"async\" src=\"https:\/\/static.dagospia.com\/img\/patch\/04-2026\/meloni-la-russa-manlio-messina-cannella-dell-utri-2255763_600_q50.webp\" alt=\"meloni la russa manlio messina cannella dell'utri\" loading=\"lazy\"><\/div>\n<div class=\"excerpt\">DAGOREPORT &#8211; IL PROBLEMA PI\u00d9 OSTICO PER LA MELONA AZZOPPATA NON \u00c8 CONTE N\u00c9 SCHLEIN: SI CHIAMA\u2026<\/div>\n<p><\/a><\/article>\n<article><a href=\"https:\/\/www.dagospia.com\/politica\/dagoreport-forza-italia-ribolle-marina-berlusconi-martusciello-mosse-471646\"><\/p>\n<div class=\"img-wrapper\"><img decoding=\"async\" src=\"https:\/\/static.dagospia.com\/img\/patch\/04-2026\/marina-berlusconi-antonio-tajani-fulvio-martusciello-2255164_600_q50.webp\" alt=\"marina berlusconi antonio tajani fulvio martusciello\" loading=\"lazy\"><\/div>\n<div class=\"excerpt\">DAGOREPORT &#8211; LA PRESA DI TAJANI SU FORZA ITALIA SI \u00c8 RIDOTTA DOPO IL SILURAMENTO DEI SUOI\u2026<\/div>\n<p><\/a><\/article>\n<article><a href=\"https:\/\/www.dagospia.com\/politica\/figura-terna-per-giorgia-nell-aprile-2023-meloni-si-vantava-nomina-471652\"><\/p>\n<div class=\"img-wrapper\"><img decoding=\"async\" src=\"https:\/\/static.dagospia.com\/img\/patch\/04-2026\/giuseppina-di-foggia-giorgia-meloni-arianna-claudio-descalzi-terna-eni-2255189_600_q50.webp\" alt=\"giuseppina di foggia giorgia meloni arianna claudio descalzi terna eni\" loading=\"lazy\"><\/div>\n<div class=\"excerpt\">CHE FIGURA DI TERNA PER GIORGIA!\u00a0\u2013 NELL\u2019APRILE 2023 MELONI SI VANTAVA DELLA NOMINA DI GIUSEPPINA DI\u2026<\/div>\n<p><\/a><\/article>\n<article><a href=\"https:\/\/www.dagospia.com\/business\/borsa-italiana-comandano-i-francesi-faccia-delle-regole-tutto-bene-per-471554\"><\/p>\n<div class=\"img-wrapper\"><img decoding=\"async\" src=\"https:\/\/static.dagospia.com\/img\/patch\/04-2026\/borsa-italiana-dario-scannapieco-fabrizio-testa-cdp-cassa-depositi-e-prestiti-2254922_600_q50.webp\" alt=\"borsa italiana dario scannapieco fabrizio testa cdp cassa depositi e prestiti\" loading=\"lazy\"><\/div>\n<div class=\"excerpt\">DAGOREPORT &#8211; PERCHE&#8217; ALLA BORSA ITALIANA COMANDANO I FRANCESI? \u2013 INFURIA LA BATTAGLIA SULLA\u2026<\/div>\n<p><\/a><\/article>\n<article><a href=\"https:\/\/www.dagospia.com\/politica\/sdeng-sovranismo-bancario-e-finito-nel-cestino-delle-cazzate-471333\"><\/p>\n<div class=\"img-wrapper\"><img decoding=\"async\" src=\"https:\/\/static.dagospia.com\/img\/patch\/08-2025\/procuratore-milano-viola-procura-milano-luigi-lovaglio-francesco-gaetano-caltagi-2168544_600_q50.webp\" alt=\"procuratore milano viola procura milano luigi lovaglio - francesco gaetano caltagirone - giancarlo giorgetti - milleri - alberto nagel - philippe donnet mediobanca mps giorgia meloni \" loading=\"lazy\"><\/div>\n<div class=\"excerpt\">DAGOREPORT &#8211;\u00a0SDENG! ANCHE IL \u2018\u2019SOVRANISMO BANCARIO\u2019\u2019 \u00c8 FINITO NEL CESTINO DELLE CAZZATE DELL\u2019ARMATA\u2026<\/div>\n<p><\/a><\/article>\n<article><a href=\"https:\/\/www.dagospia.com\/politica\/dagoreport-e-piu-facile-parlare-l-uomo-piu-potente-mondo-giorgia-471175\"><\/p>\n<div class=\"img-wrapper\"><img decoding=\"async\" src=\"https:\/\/static.dagospia.com\/img\/patch\/04-2026\/giorgia-meloni-trump-viviana-mazza-netanyahu-2253904_600_q50.webp\" alt=\"giorgia meloni trump viviana mazza netanyahu\" loading=\"lazy\"><\/div>\n<div class=\"excerpt\">DAGOREPORT \u2013 PERCH\u00c8 \u00c8\u00a0PI\u00d9 FACILE PARLARE CON L\u2019UOMO PI\u00d9\u00a0POTENTE (E DEMENTE) DEL MONDO CHE CON\u2026<\/div>\n<p><\/a><\/article>\n<article><a href=\"https:\/\/www.dagospia.com\/politica\/dagoreport-marina-berlusconi-non-e-soddisfatta-avrebbe-voluto-i-suoi-471181\"><\/p>\n<div class=\"img-wrapper\"><img decoding=\"async\" src=\"https:\/\/static.dagospia.com\/img\/patch\/04-2026\/marina-berlusconi-antonio-tajani-giorgia-meloni-pier-silvio-nicola-porro-paolo-d-2253735_600_q50.webp\" alt=\"marina berlusconi antonio tajani giorgia meloni pier silvio nicola porro paolo del debbio tommaso cerno \" loading=\"lazy\"><\/div>\n<div class=\"excerpt\">DAGOREPORT &#8211; MARINA BERLUSCONI NON \u00c8 MICA SODDISFATTA: AVREBBE VOLUTO I SUOI FEDELISSIMI BERGAMINI\u2026<\/div>\n<p><\/a><\/article>\n<article><a href=\"https:\/\/www.dagospia.com\/business\/francesco-gaetano-caltagirone-e-scaricato-tutti-essere-decisivo-per-471096\"><\/p>\n<div class=\"img-wrapper\"><img decoding=\"async\" src=\"https:\/\/static.dagospia.com\/img\/patch\/04-2026\/andrea-orcel-luigi-lovaglio-francesco-milleri-gaetano-caltagirone-giorgia-meloni-2253570_600_q50.webp\" alt=\"andrea orcel luigi lovaglio francesco milleri gaetano caltagirone giorgia meloni fazzolari giancarlo giorgetti castagna mps leonardo maria del vecchio\" loading=\"lazy\"><\/div>\n<div class=\"excerpt\">DAGOREPORT &#8211; FERMI TUTTI!\u00a0IL RISIKO BANCARIO INIZIA SOLO ADESSO &#8211;\u00a0SCARICATO CALTAGIRONE (NON SOLO\u2026<\/div>\n<p><\/a><\/article>\n<article><a href=\"https:\/\/www.dagospia.com\/cafonal\/cafonal-all-opera-mi-porti-luca-guadagnino-maggio-fiorentino-the-death-471907\"><\/p>\n<div class=\"img-wrapper\"><img decoding=\"async\" src=\"https:\/\/static.dagospia.com\/img\/patch\/04-2026\/guadagnino-2256066_600_q50.webp\" alt=\"guadagnino\" loading=\"lazy\"><\/div>\n<div class=\"excerpt\">CAFONAL ALL\u2019OPERA &#8211; MI PORTI UN LUCA GUADAGNINO A FIRENZE \u2013 IL REGISTA PORTA IN SCENA AL MAGGIO\u2026<\/div>\n<p><\/a><\/article>\n<article><a href=\"https:\/\/www.dagospia.com\/cafonal\/cafonal-pallitto-chanel-totti-metri-trash-figlia-pupone-diventa-471192\"><\/p>\n<div class=\"img-wrapper\"><img decoding=\"async\" src=\"https:\/\/static.dagospia.com\/img\/patch\/04-2026\/2026pallitto-2253852_600_q50.webp\" alt loading=\"lazy\"><\/div>\n<div class=\"excerpt\">CAFONAL \u2013 PALLITTO-CHANEL TOTTI: TRE METRI SOPRA IL TRASH! LA FIGLIA DEL PUPONE DIVENTA LA\u2026<\/div>\n<p><\/a><\/article>\n<article><a href=\"https:\/\/www.dagospia.com\/cafonal\/cafonalino-cinema-caravaggio-roma-l-anteprima-film-a-year-in-london-471080\"><\/p>\n<div class=\"img-wrapper\"><img decoding=\"async\" src=\"https:\/\/static.dagospia.com\/img\/patch\/04-2026\/2026fendi-2253486_600_q50.webp\" alt=\"2026fendi\" loading=\"lazy\"><\/div>\n<div class=\"excerpt\">CAFONALINO! &#8211; AL CINEMA CARAVAGGIO DI ROMA ACCORRE UNA NUTRITA RAPPRESENTANZA DELLA FAMIGLIA FENDI\u2026<\/div>\n<p><\/a><\/article>\n<article><a href=\"https:\/\/www.dagospia.com\/cafonal\/cafonalino-maxxi-serena-bortone-presenta-suo-romanzo-quel-provolone-470822\"><\/p>\n<div class=\"img-wrapper\"><img decoding=\"async\" src=\"https:\/\/static.dagospia.com\/img\/patch\/04-2026\/2026bortone-serena-bortone-2252798_600_q50.webp\" alt=\"2026bortone serena bortone\" loading=\"lazy\"><\/div>\n<div class=\"excerpt\">CAFONALINO! \u2013\u00a0AL MAXXI DI ROMA SERENA BORTONE PRESENTA IL SUO ROMANZO \u201cLE DIRIMPETTAIE\u201d, AFFIANCATA\u2026<\/div>\n<p><\/a><\/article>\n<article><a href=\"https:\/\/www.dagospia.com\/cafonal\/cafonalino-c-era-palazzo-farnese-serata-gala-rassegna-cinematografica-470324\"><\/p>\n<div class=\"img-wrapper\"><img decoding=\"async\" src=\"https:\/\/static.dagospia.com\/img\/patch\/04-2026\/2026cinemafrancese-rassegna-cinema-francese-rendez-vous-2251329_600_q50.webp\" alt=\"2026cinemafrancese rassegna cinema francese rendez-vous \" loading=\"lazy\"><\/div>\n<div class=\"excerpt\">CAFONALINO! \u2013 A PALAZZO FARNESE LA SERATA DI GALA PER LA XVI EDIZIONE DELLA RASSEGNA DI CINEMA\u2026<\/div>\n<p><\/a><\/article>\n<article><a href=\"https:\/\/www.dagospia.com\/cafonal\/cafonal-giulio-base-mel-gibson-de-noantri-regista-caro-destra-presenta-469739\"><\/p>\n<div class=\"img-wrapper\"><img decoding=\"async\" src=\"https:\/\/static.dagospia.com\/img\/patch\/04-2026\/2026base-giulio-base-2249714_600_q50.webp\" alt=\"2026base giulio base\" loading=\"lazy\"><\/div>\n<div class=\"excerpt\">CAFONAL \u2013\u00a0VENGHINO, SIORI! VENGHINO AD AMMIRARE L&#8217;EGEMONIA CULTURALE DELLA DESTRA, LA SBORNIA\u2026<\/div>\n<p><\/a><\/article>\n<p>[analyse_source url=&#8221;https:\/\/www.dagospia.com\/cronache\/perche-gli-inquirenti-indagano-sulle-morti-antonella-ielsi-vita-hanno-471985&#8243;]<\/p>\n","protected":false},"excerpt":{"rendered":"<p>[analyse_image type=&#8221;featured&#8221; src=&#8221;https:\/\/static.dagospia.com\/img\/patch\/03-2026\/antonella-di-ielsi-e-sara-di-vita-ricina-2248930_600_q50.webp&#8221;] 24 apr 2026 12:09 PERCH\u00c9 GLI INQUIRENTI CHE INDAGANO SULLE MORTI DI ANTONELLA DI IELSI E SARA DI VITA HANNO SEQUESTRATO SOLO IL CELLULARE DI ALICE, FIGLIA E SORELLA DELLE VITTIME? \u2013 LA RAGAZZA (NON INDAGATA) SI SAREBBE SEGNATA SULLE NOTE DEL TELEFONINO TUTTI I CIBI CONSUMATI DALLA FAMIGLIA TRA IL 22 [&hellip;]<\/p>\n","protected":false},"author":1,"featured_media":0,"comment_status":"open","ping_status":"","sticky":false,"template":"","format":"standard","meta":{"footnotes":""},"categories":[87],"tags":[226,149],"class_list":["post-1900424","post","type-post","status-publish","format-standard","hentry","category-italy","tag-crawlmanager","tag-dagospia-com"],"_links":{"self":[{"href":"https:\/\/analyse.optim.biz\/index.php?rest_route=\/wp\/v2\/posts\/1900424","targetHints":{"allow":["GET"]}}],"collection":[{"href":"https:\/\/analyse.optim.biz\/index.php?rest_route=\/wp\/v2\/posts"}],"about":[{"href":"https:\/\/analyse.optim.biz\/index.php?rest_route=\/wp\/v2\/types\/post"}],"author":[{"embeddable":true,"href":"https:\/\/analyse.optim.biz\/index.php?rest_route=\/wp\/v2\/users\/1"}],"replies":[{"embeddable":true,"href":"https:\/\/analyse.optim.biz\/index.php?rest_route=%2Fwp%2Fv2%2Fcomments&post=1900424"}],"version-history":[{"count":0,"href":"https:\/\/analyse.optim.biz\/index.php?rest_route=\/wp\/v2\/posts\/1900424\/revisions"}],"wp:attachment":[{"href":"https:\/\/analyse.optim.biz\/index.php?rest_route=%2Fwp%2Fv2%2Fmedia&parent=1900424"}],"wp:term":[{"taxonomy":"category","embeddable":true,"href":"https:\/\/analyse.optim.biz\/index.php?rest_route=%2Fwp%2Fv2%2Fcategories&post=1900424"},{"taxonomy":"post_tag","embeddable":true,"href":"https:\/\/analyse.optim.biz\/index.php?rest_route=%2Fwp%2Fv2%2Ftags&post=1900424"}],"curies":[{"name":"wp","href":"https:\/\/api.w.org\/{rel}","templated":true}]}}