{"id":1900198,"date":"2026-04-24T09:00:57","date_gmt":"2026-04-24T06:00:57","guid":{"rendered":"https:\/\/analyse.optim.biz\/?p=1900198"},"modified":"2026-04-24T09:00:57","modified_gmt":"2026-04-24T06:00:57","slug":"prejudiciu-recuperat-de-politistii-din-slanic-moldova-intr-un-dosar-penal-de-furt","status":"publish","type":"post","link":"https:\/\/analyse.optim.biz\/?p=1900198","title":{"rendered":"Prejudiciu recuperat de poli\u021bi\u0219tii din Sl\u0103nic Moldova \u00eentr-un dosar penal de furt"},"content":{"rendered":"<p>[analyse_image type=&#8221;featured&#8221; src=&#8221;https:\/\/www.desteptarea.ro\/wp-content\/uploads\/2026\/04\/3c33f348-7def-46e4-9e52-fadf3be839dc.jpg&#8221;]<\/p>\n<div class=\"tdb-block-inner td-fix-index\"><a class=\"tdb-logo-a\" href=\"https:\/\/www.desteptarea.ro\/\"><span class=\"tdb-logo-img-wrap\"><img decoding=\"async\" class=\"tdb-logo-img td-retina-data\" data-retina=\"https:\/\/www.desteptarea.ro\/wp-content\/uploads\/2023\/10\/cap-desteptarea-nou.gif\" src=\"https:\/\/www.desteptarea.ro\/wp-content\/uploads\/2023\/10\/cap-desteptarea-nou.gif\" alt=\"Logo\" title><\/span><span class=\"tdb-logo-text-wrap\"><span class=\"tdb-logo-text-title\">De\u0219teptarea<\/span><\/span><\/a><\/div>\n<div class=\"tdb-block-inner td-fix-index\"><a class=\"tdb-logo-a\" href=\"https:\/\/www.desteptarea.ro\/\"><span class=\"tdb-logo-img-wrap\"><img decoding=\"async\" class=\"tdb-logo-img td-retina-data\" data-retina=\"https:\/\/www.desteptarea.ro\/wp-content\/uploads\/2023\/10\/cap-desteptarea-nou.gif\" src=\"https:\/\/www.desteptarea.ro\/wp-content\/uploads\/2023\/10\/cap-desteptarea-nou.gif\" alt=\"Logo\" title><\/span><span class=\"tdb-logo-text-wrap\"><span class=\"tdb-logo-text-title\">De\u0219teptarea<\/span><\/span><\/a><\/div>\n<div class=\"tdb-block-inner td-fix-index\">\n<div class=\"tdb-head-date-txt\">vineri, 24 aprilie 2026<\/div>\n<\/div>\n<div class=\"tdb-block-inner td-fix-index\"><a class=\"tdb-logo-a\" href=\"https:\/\/www.desteptarea.ro\"><span class=\"tdb-logo-img-wrap\"><img decoding=\"async\" class=\"tdb-logo-img td-retina-data\" data-retina=\"https:\/\/www.desteptarea.ro\/wp-content\/uploads\/2023\/10\/cap-desteptarea-nou.gif\" src=\"https:\/\/www.desteptarea.ro\/wp-content\/uploads\/2023\/10\/cap-desteptarea-nou.gif\" alt=\"Logo\" title><\/span><span class=\"tdb-logo-text-wrap\"><span class=\"tdb-logo-text-title\">De\u0219teptarea<\/span><\/span><\/a><\/div>\n<div class=\"tdb-block-inner td-fix-index\">\n<div class=\"tdb-drop-down-search\" aria-labelledby=\"td-header-search-button\">\n<div class=\"tdb-drop-down-search-inner\">\n<div class=\"tdb-search-form-inner\">\n<div class=\"tdb-head-search-placeholder\">type here&#8230;<\/div>\n<\/div>\n<\/div>\n<\/div>\n<\/div>\n<div class=\"tdb-block-inner td-fix-index\"><a class=\"tdb-logo-a\" href=\"https:\/\/www.desteptarea.ro\/\"><span class=\"tdb-logo-img-wrap\"><img decoding=\"async\" class=\"tdb-logo-img td-retina-data\" data-retina=\"https:\/\/www.desteptarea.ro\/wp-content\/uploads\/2023\/10\/cap-desteptarea-nou.gif\" src=\"https:\/\/www.desteptarea.ro\/wp-content\/uploads\/2023\/10\/cap-desteptarea-nou.gif\" alt=\"Logo\" title><\/span><span class=\"tdb-logo-text-wrap\"><span class=\"tdb-logo-text-title\">De\u0219teptarea<\/span><\/span><\/a><\/div>\n<div class=\"tdb-block-inner td-fix-index\">\n<h1 class=\"tdb-title-text\">Prejudiciu recuperat de poli\u021bi\u0219tii din Sl\u0103nic Moldova \u00eentr-un dosar penal de furt<\/h1>\n<\/div>\n<div class=\"tdb-block-inner td-fix-index\">\n<div class=\"tdb-author-name-wrap\"><a class=\"tdb-author-name\" href=\"https:\/\/www.desteptarea.ro\/author\/editoronline\/\">De\u0219teptarea<\/a><\/div>\n<\/div>\n<div class=\"tdb-block-inner td-fix-index\"><time class=\"entry-date updated td-module-date\" datetime=\"2026-04-24T12:00:57+03:00\">24 aprilie 2026<\/time><\/div>\n<div class=\"tdb-block-inner td-fix-index\"><a href=\"https:\/\/www.desteptarea.ro\/wp-content\/uploads\/2026\/04\/3c33f348-7def-46e4-9e52-fadf3be839dc.jpg\" data-caption><img loading=\"lazy\" decoding=\"async\" width=\"696\" height=\"441\" class=\"entry-thumb td-modal-image\" src=\"https:\/\/www.desteptarea.ro\/wp-content\/uploads\/2026\/04\/3c33f348-7def-46e4-9e52-fadf3be839dc-696x441.jpg\" alt title=\"3c33f348-7def-46e4-9e52-fadf3be839dc\"><\/a><\/div>\n<div class=\"td_block_wrap tdb_single_content tdi_87 td-pb-border-top td_block_template_2 td-post-content tagdiv-type\" data-td-block-uid=\"tdi_87\">\n<div class=\"tdb-block-inner td-fix-index\">\n<p data-start=\"87\" data-end=\"269\">Poli\u021bi\u0219tii din Sl\u0103nic Moldova au recuperat prejudiciul \u00eentr-un dosar penal de furt, dup\u0103 ce au identificat persoana b\u0103nuit\u0103 de sustragerea unui telefon mobil apar\u021bin\u00e2nd unei turiste.\n<\/p>\n<p data-start=\"271\" data-end=\"490\">La data de 5 aprilie a.c., o femeie \u00een v\u00e2rst\u0103 de 46 de ani, aflat\u0103 \u00een sta\u021biunea Sl\u0103nic Moldova, a solicitat sprijinul poli\u021bi\u0219tilor dup\u0103 ce i-ar fi fost sustras telefonul mobil pe care \u00eel l\u0103sase pe cupola autoturismului.\n<\/p>\n<p data-start=\"492\" data-end=\"624\">\u00cen urma investiga\u021biilor efectuate, poli\u021bi\u0219tii au identificat un b\u0103rbat de 52 de ani, din jude\u021bul Vaslui, b\u0103nuit de comiterea faptei.<\/p>\n<div class=\"g g-32\">\n<div class=\"g-single a-118\">\n<hr>\n<hr>\n<\/div>\n<\/div>\n<p data-start=\"626\" data-end=\"726\">Prejudiciul a fost recuperat, b\u0103rbatul achit\u00e2nd contravaloarea telefonului mobil persoanei v\u0103t\u0103mate.\n<\/p>\n<p data-start=\"728\" data-end=\"822\">Cercet\u0103rile continu\u0103 \u00een cadrul unui dosar penal, sub aspectul s\u0103v\u00e2r\u0219irii infrac\u021biunii de furt.\n<\/p>\n<p data-start=\"824\" data-end=\"1006\" data-is-last-node data-is-only-node>Poli\u021bi\u0219tii recomand\u0103 cet\u0103\u021benilor s\u0103 acorde o aten\u021bie sporit\u0103 bunurilor personale \u0219i s\u0103 evite l\u0103sarea la vedere, \u00een autoturisme sau \u00een locuri nesupravegheate, a obiectelor de valoare.\n<\/p>\n<div class=\"g g-19\">\n<div class=\"g-single a-49\">\n<hr>\n<hr>\n<\/div>\n<\/div>\n<div class=\"sharedaddy sd-sharing-enabled\">\n<div class=\"robots-nocontent sd-block sd-social sd-social-official sd-sharing\">\n<div class=\"sd-content\">\n<ul>\n<li class=\"share-facebook\">\n<li class=\"share-end\"><\/ul>\n<\/div>\n<\/div>\n<\/div>\n<\/div>\n<\/div>\n<div class=\"tdb-block-inner td-fix-index\">\n<p data-start=\"87\" data-end=\"269\">Poli\u021bi\u0219tii din Sl\u0103nic Moldova au recuperat prejudiciul \u00eentr-un dosar penal de furt, dup\u0103 ce au identificat persoana b\u0103nuit\u0103 de sustragerea unui telefon mobil apar\u021bin\u00e2nd unei turiste.\n<\/p>\n<p data-start=\"271\" data-end=\"490\">La data de 5 aprilie a.c., o femeie \u00een v\u00e2rst\u0103 de 46 de ani, aflat\u0103 \u00een sta\u021biunea Sl\u0103nic Moldova, a solicitat sprijinul poli\u021bi\u0219tilor dup\u0103 ce i-ar fi fost sustras telefonul mobil pe care \u00eel l\u0103sase pe cupola autoturismului.\n<\/p>\n<p data-start=\"492\" data-end=\"624\">\u00cen urma investiga\u021biilor efectuate, poli\u021bi\u0219tii au identificat un b\u0103rbat de 52 de ani, din jude\u021bul Vaslui, b\u0103nuit de comiterea faptei.<\/p>\n<div class=\"g g-32\">\n<div class=\"g-single a-118\">\n<hr>\n<hr>\n<\/div>\n<\/div>\n<p data-start=\"626\" data-end=\"726\">Prejudiciul a fost recuperat, b\u0103rbatul achit\u00e2nd contravaloarea telefonului mobil persoanei v\u0103t\u0103mate.\n<\/p>\n<p data-start=\"728\" data-end=\"822\">Cercet\u0103rile continu\u0103 \u00een cadrul unui dosar penal, sub aspectul s\u0103v\u00e2r\u0219irii infrac\u021biunii de furt.\n<\/p>\n<p data-start=\"824\" data-end=\"1006\" data-is-last-node data-is-only-node>Poli\u021bi\u0219tii recomand\u0103 cet\u0103\u021benilor s\u0103 acorde o aten\u021bie sporit\u0103 bunurilor personale \u0219i s\u0103 evite l\u0103sarea la vedere, \u00een autoturisme sau \u00een locuri nesupravegheate, a obiectelor de valoare.\n<\/p>\n<div class=\"g g-19\">\n<div class=\"g-single a-49\">\n<hr>\n<hr>\n<\/div>\n<\/div>\n<div class=\"sharedaddy sd-sharing-enabled\">\n<div class=\"robots-nocontent sd-block sd-social sd-social-official sd-sharing\">\n<div class=\"sd-content\">\n<ul>\n<li class=\"share-facebook\">\n<li class=\"share-end\"><\/ul>\n<\/div>\n<\/div>\n<\/div>\n<\/div>\n<p>[analyse_source url=&#8221;https:\/\/www.desteptarea.ro\/prejudiciu-recuperat-de-politistii-din-slanic-moldova-intr-un-dosar-penal-de-furt\/#new_tab&#8221;]<\/p>\n","protected":false},"excerpt":{"rendered":"<p>[analyse_image type=&#8221;featured&#8221; src=&#8221;https:\/\/www.desteptarea.ro\/wp-content\/uploads\/2026\/04\/3c33f348-7def-46e4-9e52-fadf3be839dc.jpg&#8221;] De\u0219teptarea De\u0219teptarea vineri, 24 aprilie 2026 De\u0219teptarea type here&#8230; De\u0219teptarea Prejudiciu recuperat de poli\u021bi\u0219tii din Sl\u0103nic Moldova \u00eentr-un dosar penal de furt De\u0219teptarea 24 aprilie 2026 Poli\u021bi\u0219tii din Sl\u0103nic Moldova au recuperat prejudiciul \u00eentr-un dosar penal de furt, dup\u0103 ce au identificat persoana b\u0103nuit\u0103 de sustragerea unui telefon mobil apar\u021bin\u00e2nd unei turiste. [&hellip;]<\/p>\n","protected":false},"author":1,"featured_media":0,"comment_status":"open","ping_status":"","sticky":false,"template":"","format":"standard","meta":{"footnotes":""},"categories":[89],"tags":[226,217],"class_list":["post-1900198","post","type-post","status-publish","format-standard","hentry","category-romania","tag-crawlmanager","tag-vaslui-robo-stiri-ro"],"_links":{"self":[{"href":"https:\/\/analyse.optim.biz\/index.php?rest_route=\/wp\/v2\/posts\/1900198","targetHints":{"allow":["GET"]}}],"collection":[{"href":"https:\/\/analyse.optim.biz\/index.php?rest_route=\/wp\/v2\/posts"}],"about":[{"href":"https:\/\/analyse.optim.biz\/index.php?rest_route=\/wp\/v2\/types\/post"}],"author":[{"embeddable":true,"href":"https:\/\/analyse.optim.biz\/index.php?rest_route=\/wp\/v2\/users\/1"}],"replies":[{"embeddable":true,"href":"https:\/\/analyse.optim.biz\/index.php?rest_route=%2Fwp%2Fv2%2Fcomments&post=1900198"}],"version-history":[{"count":0,"href":"https:\/\/analyse.optim.biz\/index.php?rest_route=\/wp\/v2\/posts\/1900198\/revisions"}],"wp:attachment":[{"href":"https:\/\/analyse.optim.biz\/index.php?rest_route=%2Fwp%2Fv2%2Fmedia&parent=1900198"}],"wp:term":[{"taxonomy":"category","embeddable":true,"href":"https:\/\/analyse.optim.biz\/index.php?rest_route=%2Fwp%2Fv2%2Fcategories&post=1900198"},{"taxonomy":"post_tag","embeddable":true,"href":"https:\/\/analyse.optim.biz\/index.php?rest_route=%2Fwp%2Fv2%2Ftags&post=1900198"}],"curies":[{"name":"wp","href":"https:\/\/api.w.org\/{rel}","templated":true}]}}