{"id":1900161,"date":"2026-04-24T08:20:22","date_gmt":"2026-04-24T05:20:22","guid":{"rendered":"https:\/\/analyse.optim.biz\/?p=1900161"},"modified":"2026-04-24T08:20:22","modified_gmt":"2026-04-24T05:20:22","slug":"cod-galben-de-vant-puternic-in-zone-din-21-de-judete-pe-parcursul-zilei-de-vineri","status":"publish","type":"post","link":"https:\/\/analyse.optim.biz\/?p=1900161","title":{"rendered":"Cod galben de v\u00e2nt puternic \u00een zone din 21 de jude\u021be, pe parcursul zilei de vineri"},"content":{"rendered":"<p>[analyse_image type=&#8221;featured&#8221; src=&#8221;https:\/\/ziardesuceava.ro\/wp-content\/uploads\/2026\/04\/Screenshot-2026-04-24-111447.png&#8221;]<\/p>\n<div class=\"post-content clearfix\">\n<div class=\"blog-post-thumb\"><img loading=\"lazy\" decoding=\"async\" width=\"986\" height=\"693\" src=\"https:\/\/ziardesuceava.ro\/wp-content\/uploads\/2026\/04\/Screenshot-2026-04-24-111447.png\" class=\"attachment-inhype-blog-thumb size-inhype-blog-thumb wp-post-image\" alt><\/div>\n<div class=\"entry-content\">\n<p><strong>Administra\u021bia Na\u021bional\u0103 de Meteorologie (ANM) a emis, vineri, o aten\u021bionare Cod galben de intensific\u0103ri ale v\u00e2ntului, valabil\u0103 pe parcursul acestei zile \u00een zone din 21 de jude\u021be.<\/strong><\/p>\n<p>Potrivit meteorologilor, \u00een intervalul orar 10:00 \u2013 21:00, \u00een nordul, estul \u0219i sud-estul Transilvaniei, nord-estul Moldovei \u0219i vestul Olteniei, vor fi intensific\u0103ri ale v\u00e2ntului cu viteze de 50 \u2013 65 km\/h. De asemenea, \u00een Carpa\u021bii Meridionali \u0219i de Curbur\u0103, rafalele vor atinge 70 \u2013 90 km\/h.<\/p>\n<p>Jude\u021bele vizate de aten\u021bionarea Cod galben sunt: Alba, Arge\u0219, Bistri\u021ba-N\u0103s\u0103ud, Boto\u0219ani, Bra\u0219ov, Buz\u0103u, Cluj, Cara\u0219-Severin, Covasna, D\u00e2mbovi\u021ba, Gorj, Hunedoara, Harghita, Ia\u0219i, Mehedin\u021bi, Mure\u0219, Prahova, Sibiu, Suceava, V\u00e2lcea \u0219i Vrancea.<\/p>\n<p>ANM\u00a0precizeaz\u0103 c\u0103 intensific\u0103ri temporare ale v\u00e2ntului se vor semnala \u0219i \u00een restul teritoriului, cu viteze \u00een general de 40 \u2013 45 km\/h.<\/p>\n<\/div>\n<div class=\"inhype-social-share-fixed sidebar-position-right\">\n<div class=\"post-social-wrapper\">\n<div class=\"post-social-title\"><span class=\"post-social-title-text\">Share<\/span><\/div>\n<\/div>\n<\/div>\n<\/div>\n<p>[analyse_source url=&#8221;https:\/\/ziardesuceava.ro\/cod-galben-de-vant-puternic-in-zone-din-21-de-judete-pe-parcursul-zilei-de-vineri\/&#8221;]<\/p>\n","protected":false},"excerpt":{"rendered":"<p>[analyse_image type=&#8221;featured&#8221; src=&#8221;https:\/\/ziardesuceava.ro\/wp-content\/uploads\/2026\/04\/Screenshot-2026-04-24-111447.png&#8221;] Administra\u021bia Na\u021bional\u0103 de Meteorologie (ANM) a emis, vineri, o aten\u021bionare Cod galben de intensific\u0103ri ale v\u00e2ntului, valabil\u0103 pe parcursul acestei zile \u00een zone din 21 de jude\u021be. Potrivit meteorologilor, \u00een intervalul orar 10:00 \u2013 21:00, \u00een nordul, estul \u0219i sud-estul Transilvaniei, nord-estul Moldovei \u0219i vestul Olteniei, vor fi intensific\u0103ri ale v\u00e2ntului cu [&hellip;]<\/p>\n","protected":false},"author":1,"featured_media":0,"comment_status":"open","ping_status":"","sticky":false,"template":"","format":"standard","meta":{"footnotes":""},"categories":[89],"tags":[226,171],"class_list":["post-1900161","post","type-post","status-publish","format-standard","hentry","category-romania","tag-crawlmanager","tag-ziardesuceava-ro"],"_links":{"self":[{"href":"https:\/\/analyse.optim.biz\/index.php?rest_route=\/wp\/v2\/posts\/1900161","targetHints":{"allow":["GET"]}}],"collection":[{"href":"https:\/\/analyse.optim.biz\/index.php?rest_route=\/wp\/v2\/posts"}],"about":[{"href":"https:\/\/analyse.optim.biz\/index.php?rest_route=\/wp\/v2\/types\/post"}],"author":[{"embeddable":true,"href":"https:\/\/analyse.optim.biz\/index.php?rest_route=\/wp\/v2\/users\/1"}],"replies":[{"embeddable":true,"href":"https:\/\/analyse.optim.biz\/index.php?rest_route=%2Fwp%2Fv2%2Fcomments&post=1900161"}],"version-history":[{"count":0,"href":"https:\/\/analyse.optim.biz\/index.php?rest_route=\/wp\/v2\/posts\/1900161\/revisions"}],"wp:attachment":[{"href":"https:\/\/analyse.optim.biz\/index.php?rest_route=%2Fwp%2Fv2%2Fmedia&parent=1900161"}],"wp:term":[{"taxonomy":"category","embeddable":true,"href":"https:\/\/analyse.optim.biz\/index.php?rest_route=%2Fwp%2Fv2%2Fcategories&post=1900161"},{"taxonomy":"post_tag","embeddable":true,"href":"https:\/\/analyse.optim.biz\/index.php?rest_route=%2Fwp%2Fv2%2Ftags&post=1900161"}],"curies":[{"name":"wp","href":"https:\/\/api.w.org\/{rel}","templated":true}]}}