{"id":1899950,"date":"2026-04-24T02:43:11","date_gmt":"2026-04-23T23:43:11","guid":{"rendered":"https:\/\/analyse.optim.biz\/?p=1899950"},"modified":"2026-04-24T02:43:11","modified_gmt":"2026-04-23T23:43:11","slug":"primaria-preia-si-casa-de-rugaciuni-a-sinagogii-din-fabric-ansamblul-istoric-va-fi-restaurat-si-pus-in-valoare-printr-un-concept-unitar","status":"publish","type":"post","link":"https:\/\/analyse.optim.biz\/?p=1899950","title":{"rendered":"Prim\u0103ria preia \u0219i Casa de rug\u0103ciuni a Sinagogii din Fabric. Ansamblul istoric va fi restaurat \u0219i pus \u00een valoare printr-un concept unitar"},"content":{"rendered":"<p>[analyse_image type=&#8221;featured&#8221; src=&#8221;&#8221;]<\/p>\n<div class=\"td-post-content td-pb-padding-side\">\n<p>Prim\u0103ria Municipiului Timi\u0219oara extinde proiectul de refunc\u021bionalizare a Sinagogii din Fabric prin preluarea Casei de rug\u0103ciuni adiacente \u0219i a cur\u021bii aferente acesteia, astfel \u00eenc\u00e2t \u00eentregul ansamblu istoric s\u0103 poat\u0103 fi valorificat. Acest demers este rezultatul dialogului constant cu Federa\u021bia Comunit\u0103\u021bilor Evreie\u0219ti din Rom\u00e2nia, care a aprobat completarea contractului \u00een acest sens.\u00a0Decizia va fi supus\u0103 votului consilierilor locali.<\/p>\n<p>Noul cadru va permite interven\u021bii coordonate asupra ansamblului Sinagogii Fabric, care va deveni un centru comunitar de educa\u021bie \u0219i co-learning, conform conceptului dezvoltat \u00eempreun\u0103 cu World Monuments Fund \u0219i Ateliercetrei. Parterul \u0219i etajul vor g\u0103zdui spa\u021bii de studiu, o bibliotec\u0103 public\u0103 \u0219i zone dedicate copiilor \u0219i tinerilor. Va exista \u0219i o sal\u0103 de expozi\u021bii \u0219i evenimente de mic\u0103 amploare, completat\u0103 de o cafenea, iar curtea va fi amenajat\u0103 ca spa\u021biu pentru concerte \u00een aer liber \u0219i expozi\u021bii. O zon\u0103 distinct\u0103 va fi dedicat\u0103 memoriei comunit\u0103\u021bii evreie\u0219ti din Timi\u0219oara, cu materiale documentare realizate \u00een colaborare cu Federa\u021bia Comunit\u0103\u021bilor Evreie\u0219ti din Rom\u00e2nia.<\/p>\n<p>Dup\u0103 ce \u00een 2025 au fost finalizate interven\u021biile de urgen\u021b\u0103 \u2013 o investi\u021bie de aproape 1 milion de lei care a stopat degradarea structurii \u0219i a protejat vitraliile \u2013 municipalitatea preg\u0103te\u0219te acum demararea etapelor de proiectare \u0219i achizi\u021bie.<\/p>\n<p>Administrarea ansamblului de c\u0103tre Municipiul Timi\u0219oara este stabilit\u0103 p\u00e2n\u0103 \u00een anul 2072. Sinagoga va fi pus\u0103 \u00een valoare \u0219i prin proiectul de regenerare urban\u0103 a zonei Traian, aflat \u00een execu\u021bie, care va revitaliza cartierul istoric Fabric.<\/p>\n<p>Proiectul de hot\u0103r\u00e2re este disponibil la urm\u0103torul link:\u00a0<strong><a href=\"https:\/\/www.primariatm.ro\/proiecte-hcl\/6cf7822c-81bc-43e0-904e-9ee9442e7107\" target=\"_blank\" rel=\"noopener\">https:\/\/www.primariatm.ro\/proiecte-hcl\/6cf7822c-81bc-43e0-904e-9ee9442e7107<\/a><\/strong><\/p>\n<\/div>\n<p>[analyse_source url=&#8221;https:\/\/timisplus.ro\/primaria-preia-si-casa-de-rugaciuni-a-sinagogii-din-fabric-ansamblul-istoric-va-fi-restaurat-si-pus-in-valoare-printr-un-concept-unitar\/&#8221;]<\/p>\n","protected":false},"excerpt":{"rendered":"<p>[analyse_image type=&#8221;featured&#8221; src=&#8221;&#8221;] Prim\u0103ria Municipiului Timi\u0219oara extinde proiectul de refunc\u021bionalizare a Sinagogii din Fabric prin preluarea Casei de rug\u0103ciuni adiacente \u0219i a cur\u021bii aferente acesteia, astfel \u00eenc\u00e2t \u00eentregul ansamblu istoric s\u0103 poat\u0103 fi valorificat. Acest demers este rezultatul dialogului constant cu Federa\u021bia Comunit\u0103\u021bilor Evreie\u0219ti din Rom\u00e2nia, care a aprobat completarea contractului \u00een acest sens.\u00a0Decizia va [&hellip;]<\/p>\n","protected":false},"author":1,"featured_media":0,"comment_status":"open","ping_status":"","sticky":false,"template":"","format":"standard","meta":{"footnotes":""},"categories":[89],"tags":[226,195],"class_list":["post-1899950","post","type-post","status-publish","format-standard","hentry","category-romania","tag-crawlmanager","tag-timisplus-ro"],"_links":{"self":[{"href":"https:\/\/analyse.optim.biz\/index.php?rest_route=\/wp\/v2\/posts\/1899950","targetHints":{"allow":["GET"]}}],"collection":[{"href":"https:\/\/analyse.optim.biz\/index.php?rest_route=\/wp\/v2\/posts"}],"about":[{"href":"https:\/\/analyse.optim.biz\/index.php?rest_route=\/wp\/v2\/types\/post"}],"author":[{"embeddable":true,"href":"https:\/\/analyse.optim.biz\/index.php?rest_route=\/wp\/v2\/users\/1"}],"replies":[{"embeddable":true,"href":"https:\/\/analyse.optim.biz\/index.php?rest_route=%2Fwp%2Fv2%2Fcomments&post=1899950"}],"version-history":[{"count":0,"href":"https:\/\/analyse.optim.biz\/index.php?rest_route=\/wp\/v2\/posts\/1899950\/revisions"}],"wp:attachment":[{"href":"https:\/\/analyse.optim.biz\/index.php?rest_route=%2Fwp%2Fv2%2Fmedia&parent=1899950"}],"wp:term":[{"taxonomy":"category","embeddable":true,"href":"https:\/\/analyse.optim.biz\/index.php?rest_route=%2Fwp%2Fv2%2Fcategories&post=1899950"},{"taxonomy":"post_tag","embeddable":true,"href":"https:\/\/analyse.optim.biz\/index.php?rest_route=%2Fwp%2Fv2%2Ftags&post=1899950"}],"curies":[{"name":"wp","href":"https:\/\/api.w.org\/{rel}","templated":true}]}}