{"id":1899949,"date":"2026-04-24T02:38:31","date_gmt":"2026-04-23T23:38:31","guid":{"rendered":"https:\/\/analyse.optim.biz\/?p=1899949"},"modified":"2026-04-24T02:38:31","modified_gmt":"2026-04-23T23:38:31","slug":"povesti-din-vecini-doua-zile-doua-cartiere-de-descoperit-2","status":"publish","type":"post","link":"https:\/\/analyse.optim.biz\/?p=1899949","title":{"rendered":"Pove\u0219ti din vecini. Dou\u0103 zile, dou\u0103 cartiere de descoperit"},"content":{"rendered":"<p>[analyse_image type=&#8221;featured&#8221; src=&#8221;&#8221;]<\/p>\n<div class=\"td-post-content td-pb-padding-side\">\n<p align=\"center\"><span><span><b>25 \u2013 26 aprilie 2026, Parcul Steaua \u0219i Scuarul Macilor<\/b><\/span><\/span><\/p>\n<p align=\"justify\"><span><span>Proiectul \u201ePove\u0219ti din Vecini\u201d, lansat \u00een anul 2023, sub egida Capitalei Europene a Culturii, a devenit deja o tradi\u021bie, prin care arta \u0219i sportul revitalizeaz\u0103 spa\u021biile publice ale Timi\u0219oarei. Dup\u0103 succesul edi\u021biilor desf\u0103\u0219urate \u00een Freidorf, Bla\u0219covici, Bucovina, Mehala sau Zona Soarelui, Plopi etc., evenimentul revine \u00een weekendul 25-26 aprilie, cu o serie de activit\u0103\u021bi pentru comunit\u0103\u021bile din Parcul Steaua \u0219i Scuarul Macilor. <\/span><\/span><\/p>\n<p align=\"justify\"><span><span><span lang=\"fr-FR\"><i><b>Dou\u0103 zile, dou\u0103 cartiere de descoperit<\/b><\/i><\/span><\/span><\/span><\/p>\n<p align=\"justify\"><span><span><span lang=\"fr-FR\">S\u00e2mb\u0103t\u0103, 25 aprilie, evenimentul ajunge pentru prima dat\u0103 \u00een Parcul Steaua, unde participan\u021bii sunt invita\u021bi \u00eentr-o c\u0103l\u0103torie fascinant\u0103 printre stele \u0219i planete. \u00centreaga zi este construit\u0103 \u00een jurul tematicii cosmosului \u0219i aduce \u00een prim-plan misterele universului, prin vizite la Planetariul UVT, experimente de magnetism, ateliere creative de confec\u021bionare \u0219i pictur\u0103 pe stelu\u021be, dar \u0219i spectacole de teatru, muzic\u0103 live sau dans.<\/span><\/span><\/span><\/p>\n<p align=\"justify\"><span><span><span lang=\"fr-FR\"><img loading=\"lazy\" decoding=\"async\" class=\"alignleft wp-image-124593 size-full\" src=\"https:\/\/timisplus.ro\/wp-content\/uploads\/2026\/04\/Duminica-26-aprilie.jpeg\" alt width=\"660\" height=\"360\">Duminic\u0103, 26 aprilie, atmosfera se mut\u0103 \u00een Scuarul Macilor, unde natura \u0219i florile devin tema central\u0103 a zilei. \u00centr-un decor dedicat prim\u0103verii, cei mici \u0219i cei mari vor putea participa la ateliere inspirate din lumea vegetal\u0103, activit\u0103\u021bi de storytelling, pictur\u0103 pe flori din ipsos, dans, muzic\u0103 \u0219i demonstra\u021bii interactive.<\/span><\/span><\/span><\/p>\n<p align=\"justify\"><span><span><span lang=\"fr-FR\"><i><b>Spectacole pentru mici \u0219i mari<\/b><\/i><\/span><\/span><\/span><\/p>\n<p align=\"justify\">\u201e<span><span><span lang=\"fr-FR\">Pove\u0219ti din Vecini\u201d aduce cultura mai aproape de oameni, transform\u00e2nd comunit\u0103\u021bile locale \u00een prilejuri de descoperire, dialog \u0219i bucurie.<\/span><\/span><\/span><\/p>\n<p align=\"justify\"><span><span><span lang=\"fr-FR\">Din programul evenimentelor fac parte \u0219i minunate spectacole pentru copii, precum \u201eCopacul care c\u00e2nt\u0103\u201d. Inspirat din nuvela francez\u0103 omonim\u0103 \u0219i pus \u00een scen\u0103 de regizoarea Mirela Puia, acesta este o reflec\u021bie poetic\u0103 despre natur\u0103 \u0219i despre cum un ciot uscat poate ajunge s\u0103 c\u00e2nte.<\/span><\/span><\/span><\/p>\n<p align=\"justify\"><span><span><span lang=\"fr-FR\">\u00cen distribu\u021bie, actorii: Mirela Puia, Adrian Jivan, Mi\u0219cu Traian, elevii Luca Puia \u0219i Daria Chi\u0219<\/span><\/span><\/span><\/p>\n<p align=\"justify\"><span><span><span lang=\"fr-FR\">Muzica: Cvartetul \u201eCantabile\u201d<\/span><\/span><\/span><\/p>\n<p align=\"justify\"><span><span><span lang=\"fr-FR\"><i><b>Descoper\u0103 Planetariul, dac\u0103 vii s\u00e2mb\u0103t\u0103 \u00een Parcul Steaua, la Pove\u0219ti din vecini<\/b><\/i><\/span><\/span><\/span><\/p>\n<p align=\"justify\"><span><span><span><span lang=\"fr-FR\">O c\u0103l\u0103torie printre stele \u0219i planete, perfect\u0103 pentru cei curio\u0219i s\u0103 descopere tainele cosmosului la Planetariul de la Facultatea de Fizic\u0103 a Universit\u0103\u021bii de Vest, primul din Rom\u00e2nia, \u00eenfiin\u021bat \u00een 1964.<\/span><\/span><\/span><\/span><\/p>\n<p align=\"justify\"><span><span><span><span lang=\"fr-FR\">Activitatea este destinat\u0103 DOAR copiilor participan\u021bi la Pove\u0219ti din vecini, \u00een Parcul Steaua, care vor fi \u00eenso\u021bi\u021bi OBLIGATORIU de un p\u0103rinte.<\/span><\/span><\/span><\/span><\/p>\n<p align=\"justify\"><span><span><span><span lang=\"fr-FR\">Participarea se face DOAR pe baz\u0103 de \u00eenscriere, prin completarea formularului de pe linkul<\/span><\/span><\/span><\/span><\/p>\n<p align=\"justify\"><strong><span><a href=\"https:\/\/forms.gle\/RU1tZnFHAkCecRhFA\" target=\"_blank\" rel=\"noopener\"><span><span><span><span lang=\"fr-FR\"><i>https:\/\/forms.gle\/RU1tZnFHAkCecRhFA<\/i><\/span><\/span><\/span><\/span><\/a><\/span><\/strong><span><span><span lang=\"fr-FR\"> p\u00e2n\u0103 s\u00e2mb\u0103t\u0103, 25 aprilie, ora 10:00, \u00een limita celor <\/span><\/span><\/span><span><span><span><span lang=\"fr-FR\">35 de locuri disponibile, \u00een fiecare dintre cele dou\u0103 vizite programate.<\/span><\/span><\/span><\/span><\/p>\n<p align=\"justify\"><span><span><span><span lang=\"fr-FR\">Transportul din Parcul Steaua c\u0103tre Planetariu \u0219i retur este gratuit \u0219i organizat astfel:<\/span><\/span><\/span><\/span><\/p>\n<p align=\"justify\"><span><span><span><span lang=\"fr-FR\">Plecare din Parcul Steaua (scen\u0103): 10:30 \u0219i 11:30<\/span><\/span><\/span><\/span><\/p>\n<p align=\"justify\"><span><span><span><span lang=\"fr-FR\">\u00centoarcere de la Planetariu, \u00een Parcul Steaua: 11:30 \u0219i 12:30<\/span><\/span><\/span><\/span><\/p>\n<p align=\"justify\"><span><span><span lang=\"fr-FR\"><i><b>Programul detaliat al celor dou\u0103 evenimente este urm\u0103torul:<\/b><\/i><\/span><\/span><\/span><\/p>\n<p align=\"justify\"><span><span><b>S\u00c2MB\u0102T\u0102, 25 APRILIE, PARCUL STEAUA<\/b><\/span><\/span><\/p>\n<p align=\"justify\"><span><span><span><b>SCEN\u0102<\/b><\/span><\/span><\/span><\/p>\n<p align=\"justify\"><span><span><span>11:00 <\/span><\/span><\/span><span><span><span><i>Tr\u0103istu\u021ba cu pove\u0219ti<\/i><\/span><\/span><\/span><span><span><span>, Teatrul Magic Oz<\/span><\/span><\/span><\/p>\n<p align=\"justify\"><span><span><span><span lang=\"fr-FR\">12:00 <\/span><\/span><\/span><\/span><span><span><span><span lang=\"fr-FR\"><i>Zumba<\/i><\/span><\/span><\/span><\/span><\/p>\n<p align=\"justify\"><span><span><span><span lang=\"fr-FR\">15:00 <\/span><\/span><\/span><\/span><span><span><span><span lang=\"fr-FR\"><i>Clas\u0103 de streetdance<\/i><\/span><\/span><\/span><\/span><span><span><span><span lang=\"fr-FR\">, cu Matte<\/span><\/span><\/span><\/span><\/p>\n<p align=\"justify\"><span><span><span><span lang=\"fr-FR\">16:00 <\/span><\/span><\/span><\/span><span><span><span><span lang=\"fr-FR\"><i>Copacul care c\u00e2nt\u0103<\/i><\/span><\/span><\/span><\/span><span><span><span><span lang=\"fr-FR\">, spectacol de teatru<\/span><\/span><\/span><\/span><\/p>\n<p align=\"justify\"><span><span><span><span lang=\"fr-FR\">17:30 <\/span><\/span><\/span><\/span><span><span><span><span lang=\"fr-FR\"><i>Show de magie<\/i><\/span><\/span><\/span><\/span><\/p>\n<p align=\"justify\"><span><span><span><span lang=\"en-US\">18:00 <\/span><\/span><\/span><\/span><span><span><span><span lang=\"en-US\"><i>Muzic\u0103 sud-american\u0103 tradi\u021bional\u0103<\/i><\/span><\/span><\/span><\/span><span><span><span><span lang=\"en-US\">, Kleber Salazar<\/span><\/span><\/span><\/span><\/p>\n<p align=\"justify\"><span><span><span><span lang=\"en-US\">19:00 <\/span><\/span><\/span><\/span><span><span><span><span lang=\"en-US\"><i>Trupa Racz y Gore<\/i><\/span><\/span><\/span><\/span><\/p>\n<p align=\"justify\"><span><span><span><span lang=\"en-US\">20:00 <\/span><\/span><\/span><\/span><span><span><span><span lang=\"en-US\"><i>Trupa Momento<\/i><\/span><\/span><\/span><\/span><\/p>\n<p align=\"justify\"><span><span><span><b>ATELIERE<\/b><\/span><\/span><\/span><\/p>\n<p align=\"justify\"><span><span>11:00-13:00 <\/span><\/span><span><span><i>Scrisori c\u0103tre prieteni<\/i><\/span><\/span><span><span>, cu Livia Mateia\u0219, artist vizual<\/span><\/span><\/p>\n<p align=\"justify\"><span><span><span>12:00-15:00 <\/span><\/span><\/span><span><span><span><i>Roata olarului<\/i><\/span><\/span><\/span><\/p>\n<p align=\"justify\"><span><span><span>12:00-15:00 <\/span><\/span><\/span><span><span><span><i>Atelier de m\u00e2nuit p\u0103pu\u0219i<\/i><\/span><\/span><\/span><span><span><span>, cu actri\u021ba Maria Gornic<\/span><\/span><\/span><\/p>\n<p align=\"justify\"><span><span><span><span lang=\"en-US\">12:00-15:00 <\/span><\/span><\/span><\/span><span><span><span><span lang=\"en-US\"><i>Confec\u021bionare \u0219i pictur\u0103 pe stelu\u021be<\/i><\/span><\/span><\/span><\/span><\/p>\n<p align=\"justify\"><span><span><span><span lang=\"en-US\">12:00-15:00 <\/span><\/span><\/span><\/span><span><span><span><span lang=\"en-US\"><i>Confec\u021bionare decora\u021biuni din s\u00e2rm\u0103 plu\u0219at\u0103<\/i><\/span><\/span><\/span><\/span><\/p>\n<p align=\"justify\"><span><span><span><span lang=\"en-US\">13:00-15:00 <\/span><\/span><\/span><\/span><span><span><span><span lang=\"en-US\"><i>Atelier de percu\u021bie<\/i><\/span><\/span><\/span><\/span><span><span><span><span lang=\"en-US\">, cu Sorina Savii<\/span><\/span><\/span><\/span><\/p>\n<p align=\"justify\"><span><span><span><b>IARB\u0102 VERDE<\/b><\/span><\/span><\/span><\/p>\n<p align=\"justify\"><span><span><span><span lang=\"fr-FR\">11:00-15:00 <\/span><\/span><\/span><\/span><span><span><span><span lang=\"fr-FR\"><i>Activit\u0103\u021bi sportive<\/i><\/span><\/span><\/span><\/span><span><span><span><span lang=\"fr-FR\">, Asocia\u021bia \u201eCampioni pentru Viitor\u201d<\/span><\/span><\/span><\/span><\/p>\n<p align=\"justify\"><span><span><span><span lang=\"fr-FR\">17:00-20:00 <\/span><\/span><\/span><\/span><span><span><span><span lang=\"fr-FR\"><i>\u0218coala de Circ<\/i><\/span><\/span><\/span><\/span><\/p>\n<p align=\"justify\"><span><span><span><span lang=\"fr-FR\">18:00-19:00 <\/span><\/span><\/span><\/span><span><span><span><span lang=\"fr-FR\"><i>Experimente: magnetismul cosmic<\/i><\/span><\/span><\/span><\/span><span><span><span><span lang=\"fr-FR\">, Asocia\u021bia \u201eSalva\u021bi Copil\u0103ria\u201d<\/span><\/span><\/span><\/span><\/p>\n<p><span><span><span><span lang=\"en-US\"><b>10:30 \u0219i 11:30 <\/b><\/span><\/span><\/span><\/span><span><span><span><span lang=\"en-US\"><i>Plecare cu autocarul spre Planetariul UVT<\/i><\/span><\/span><\/span><\/span><\/p>\n<p><span><span><b>DUMINIC\u0102, 26 APRILIE, SCUARUL MACILOR<\/b><\/span><\/span><\/p>\n<p align=\"justify\"><span><span><span><b>SCEN\u0102<\/b><\/span><\/span><\/span><\/p>\n<p align=\"justify\"><span><span><span lang=\"en-US\">11:00 <\/span><\/span><\/span><span><span><span lang=\"en-US\"><i>C\u0103su\u021ba prietenilor<\/i><\/span><\/span><\/span><span><span><span lang=\"en-US\">, Teatrul Magic Oz<\/span><\/span><\/span><\/p>\n<p align=\"justify\"><span><span><span lang=\"en-US\">12:00 <\/span><\/span><\/span><span><span><span lang=\"en-US\"><i>Copacul care c\u00e2nt\u0103<\/i><\/span><\/span><\/span><span><span><span lang=\"en-US\">, spectacol pentru copii<\/span><\/span><\/span><\/p>\n<p align=\"justify\"><span><span><span lang=\"fr-FR\">15:00 <\/span><\/span><\/span><span><span><span lang=\"fr-FR\"><i>Clas\u0103 de streetdance<\/i><\/span><\/span><\/span><span><span><span lang=\"fr-FR\">, cu Matte<\/span><\/span><\/span><\/p>\n<p align=\"justify\"><span><span><span lang=\"fr-FR\">16:00 <\/span><\/span><\/span><span><span><span lang=\"fr-FR\"><i>C\u00e2inii: disciplin\u0103, obstacole, c\u0103utare \u0219i salvare<\/i><\/span><\/span><\/span><span><span><span lang=\"fr-FR\">, Rescue TM<\/span><\/span><\/span><\/p>\n<p align=\"justify\"><span><span><span lang=\"fr-FR\">16:30 <\/span><\/span><\/span><span><span><span lang=\"fr-FR\"><i>Show de magie<\/i><\/span><\/span><\/span><\/p>\n<p align=\"justify\"><span><span><span lang=\"en-US\">17:00 <\/span><\/span><\/span><span><span><span lang=\"en-US\"><i>Zumba<\/i><\/span><\/span><\/span><\/p>\n<p align=\"justify\"><span><span><span lang=\"en-US\">18:00 <\/span><\/span><\/span><span><span><span lang=\"en-US\"><i>Muzic\u0103 sud-american\u0103 tradi\u021bional\u0103<\/i><\/span><\/span><\/span><span><span><span lang=\"en-US\">, Kleber Salazar<\/span><\/span><\/span><\/p>\n<p align=\"justify\"><span><span><span lang=\"en-US\">19:00 <\/span><\/span><\/span><span><span><span lang=\"en-US\"><i>Fabricio Percussion &amp; DJ Rebeles<\/i><\/span><\/span><\/span><\/p>\n<p align=\"justify\"><span><span><span lang=\"en-US\">20:00 <\/span><\/span><\/span><span><span><span lang=\"en-US\"><i>DJ Zoleevee<\/i><\/span><\/span><\/span><\/p>\n<p align=\"justify\"><span><span><span><b>ATELIERE<\/b><\/span><\/span><\/span><\/p>\n<p align=\"justify\"><span><span>13:00-15:00 <\/span><\/span><span><span><i>Semin\u021bele vie\u021bii<\/i><\/span><\/span><span><span>, atelier despre cum se nasc plantele, A.M. Racz<\/span><\/span><\/p>\n<p align=\"justify\"><span><span>13:00-16:00 <\/span><\/span><span><span><span><i>Roata olarului<\/i><\/span><\/span><\/span><\/p>\n<p align=\"justify\"><span><span>13:00-16:00 <\/span><\/span><span><span><span><i>Confec\u021bionare decora\u021biuni din s\u00e2rm\u0103 plu\u0219at\u0103<\/i><\/span><\/span><\/span><\/p>\n<p align=\"justify\"><span><span>13:00-16:00 <\/span><\/span><span><span><i>Pictur\u0103 pe flori din ipsos<\/i><\/span><\/span><\/p>\n<p align=\"justify\"><span><span><span lang=\"en-US\">14:00-14:45 <\/span><\/span><\/span><span><span><span lang=\"en-US\"><i>Atelier interactiv de storytelling<\/i><\/span><\/span><\/span><span><span><span lang=\"en-US\">, EduStory<\/span><\/span><\/span><\/p>\n<p align=\"justify\"><span><span><span lang=\"fr-FR\">15:00-18:00 <\/span><\/span><\/span><span><span><span><i>Atelier de m\u00e2nuit p\u0103pu\u0219i<\/i><\/span><\/span><\/span><span><span><span>, cu actri\u021ba Maria Gornic<\/span><\/span><\/span><\/p>\n<p align=\"justify\"><span><span><span><b>IARB\u0102 VERDE<\/b><\/span><\/span><\/span><\/p>\n<p align=\"justify\"><span><span><span lang=\"fr-FR\">11:00-15:00 <\/span><\/span><\/span><span><span><span><span lang=\"fr-FR\"><i>Activit\u0103\u021bi sportive<\/i><\/span><\/span><\/span><\/span><span><span><span><span lang=\"fr-FR\">, Asocia\u021bia \u201eCampioni pentru Viitor\u201d<\/span><\/span><\/span><\/span><\/p>\n<p align=\"justify\"><span><span><span lang=\"fr-FR\">17:00-20:00 <\/span><\/span><\/span><span><span><span><span lang=\"fr-FR\"><i>\u0218coala de Circ<\/i><\/span><\/span><\/span><\/span><\/p>\n<p align=\"justify\"><span><span><span lang=\"fr-FR\">18:00-19:00 <\/span><\/span><\/span><span><span><span><span lang=\"fr-FR\"><i>Experimente: electricitatea din lumea vie<\/i><\/span><\/span><\/span><\/span><span><span><span><span lang=\"fr-FR\">, Asocia\u021bia \u201eSalva\u021bi Copil\u0103ria\u201d<\/span><\/span><\/span><\/span><\/p>\n<\/div>\n<p>[analyse_source url=&#8221;https:\/\/timisplus.ro\/povesti-din-vecini-doua-zile-doua-cartiere-de-descoperit\/&#8221;]<\/p>\n","protected":false},"excerpt":{"rendered":"<p>[analyse_image type=&#8221;featured&#8221; src=&#8221;&#8221;] 25 \u2013 26 aprilie 2026, Parcul Steaua \u0219i Scuarul Macilor Proiectul \u201ePove\u0219ti din Vecini\u201d, lansat \u00een anul 2023, sub egida Capitalei Europene a Culturii, a devenit deja o tradi\u021bie, prin care arta \u0219i sportul revitalizeaz\u0103 spa\u021biile publice ale Timi\u0219oarei. Dup\u0103 succesul edi\u021biilor desf\u0103\u0219urate \u00een Freidorf, Bla\u0219covici, Bucovina, Mehala sau Zona Soarelui, Plopi [&hellip;]<\/p>\n","protected":false},"author":1,"featured_media":0,"comment_status":"open","ping_status":"","sticky":false,"template":"","format":"standard","meta":{"footnotes":""},"categories":[89],"tags":[226,195],"class_list":["post-1899949","post","type-post","status-publish","format-standard","hentry","category-romania","tag-crawlmanager","tag-timisplus-ro"],"_links":{"self":[{"href":"https:\/\/analyse.optim.biz\/index.php?rest_route=\/wp\/v2\/posts\/1899949","targetHints":{"allow":["GET"]}}],"collection":[{"href":"https:\/\/analyse.optim.biz\/index.php?rest_route=\/wp\/v2\/posts"}],"about":[{"href":"https:\/\/analyse.optim.biz\/index.php?rest_route=\/wp\/v2\/types\/post"}],"author":[{"embeddable":true,"href":"https:\/\/analyse.optim.biz\/index.php?rest_route=\/wp\/v2\/users\/1"}],"replies":[{"embeddable":true,"href":"https:\/\/analyse.optim.biz\/index.php?rest_route=%2Fwp%2Fv2%2Fcomments&post=1899949"}],"version-history":[{"count":0,"href":"https:\/\/analyse.optim.biz\/index.php?rest_route=\/wp\/v2\/posts\/1899949\/revisions"}],"wp:attachment":[{"href":"https:\/\/analyse.optim.biz\/index.php?rest_route=%2Fwp%2Fv2%2Fmedia&parent=1899949"}],"wp:term":[{"taxonomy":"category","embeddable":true,"href":"https:\/\/analyse.optim.biz\/index.php?rest_route=%2Fwp%2Fv2%2Fcategories&post=1899949"},{"taxonomy":"post_tag","embeddable":true,"href":"https:\/\/analyse.optim.biz\/index.php?rest_route=%2Fwp%2Fv2%2Ftags&post=1899949"}],"curies":[{"name":"wp","href":"https:\/\/api.w.org\/{rel}","templated":true}]}}