{"id":1899826,"date":"2026-04-24T00:30:00","date_gmt":"2026-04-23T21:30:00","guid":{"rendered":"https:\/\/analyse.optim.biz\/?p=1899826"},"modified":"2026-04-24T00:30:00","modified_gmt":"2026-04-23T21:30:00","slug":"garda-de-mediu-atentioneaza-primariile-incep-controalele-privind-gestionarea-deseurilor","status":"publish","type":"post","link":"https:\/\/analyse.optim.biz\/?p=1899826","title":{"rendered":"Garda de Mediu aten\u021bioneaz\u0103 prim\u0103riile: \u00cencep controalele privind gestionarea de\u0219eurilor"},"content":{"rendered":"<p>[analyse_image type=&#8221;featured&#8221; src=&#8221;https:\/\/www.monitoruldevaslui.ro\/wp-content\/uploads\/2014\/12\/deseuri.jpg&#8221;]<\/p>\n<div class=\"td-post-content tagdiv-type\">\n<p><strong>\u201e<\/strong><strong>Aten\u021bie, prim\u0103rii! \u00cencep controalele tematice privind gestionarea de\u0219eurilor<\/strong><strong>\u201d, avertizeaz\u0103 Garda de Mediu Vaslui, care, de la \u00eenceputul acestei s\u0103pt\u0103m\u00e2ni, a demarat controale \u00een localit\u0103\u021bile din jude pentru a verifica gestionarea corespunz\u0103toare a de\u0219eurilor \u0219i starea de salubrizare.<\/strong><\/p>\n<div class=\"wp-block-image\">\n<figure class=\"aligncenter size-full is-resized\"><img loading=\"lazy\" decoding=\"async\" width=\"480\" height=\"310\" src=\"https:\/\/www.monitoruldevaslui.ro\/wp-content\/uploads\/2014\/12\/deseuri.jpg\" alt class=\"wp-image-46398\"><\/figure>\n<\/div>\n<p>\u201eConform Planului Anual General de Activit\u0103\u021bi al G\u0103rzii Na\u021bionale de Mediu, \u00eencep\u00e2nd cu 20.04.2026, demar\u0103m controlul tematic la nivel na\u021bional privind\u00a0gestionarea de\u0219eurilor municipale (conform PNGD)\u00a0\u0219i starea de salubrizare a localit\u0103\u021bilor\u201d, a anun\u021bat Garda de Mediul Vaslui, care a precizat c\u0103 vizate sunt toate unit\u0103\u021bile administrativ-teritoriale din jude\u021b, Consiliul Jude\u021bean Vaslui, ca \u0219i Asocia\u021bia pentru Dezvoltare Intercomunitar\u0103 a jude\u021bului Vaslui (ADIV)<\/p>\n<p>Vor fi verificate\u00a0existen\u021ba \u0219i func\u021bionarea serviciilor de salubrizare;\u00a0existen\u021ba \u0219i dotarea punctelor de colectare;\u00a0respectarea graficelor de colectare; colectarea separat\u0103 (h\u00e2rtie, plastic, metal, sticl\u0103, textile); atingerea \u021bintelor de reciclare \u0219i reducere a depozit\u0103rii; trasabilitatea de\u0219eurilor;\u00a0implementarea sistemelor \u201epl\u0103te\u0219te pentru c\u00e2t arunci\u201d; starea de salubrizare \u0219i depozit\u0103rile ilegale; implementarea PJGD\/PMGD \u0219i func\u021bionarea SMID.<\/p>\n<p>Garda de Mediu reaminte\u0219te c\u0103 autorit\u0103\u021bile locale au obliga\u021bia legal\u0103 de a asigura colectarea separat\u0103, atingerea \u021bintelor de reciclare \u0219i eliminarea depozit\u0103rilor ilegale.<\/p>\n<p>Institu\u021bia precizeaz\u0103 c\u0103 datele centralizate \u00een urma controalelor vor sta la baza evalu\u0103rii conform\u0103rii \u0219i pot atrage m\u0103suri \u0219i sanc\u021biuni \u00een cazul ne\u00eendeplinirii obliga\u021biilor.<\/p>\n<p>\u201eUn management corect al de\u0219eurilor \u00eenseamn\u0103 comunit\u0103\u021bi curate \u0219i respect pentru mediu\u201d, transmite Garda de Mediu Vaslui.<\/p>\n<\/div>\n<p>[analyse_source url=&#8221;https:\/\/www.monitoruldevaslui.ro\/2026\/04\/garda-de-mediu-atentioneaza-primariile-incep-controalele-privind-gestionarea-deseurilor\/#new_tab&#8221;]<\/p>\n","protected":false},"excerpt":{"rendered":"<p>[analyse_image type=&#8221;featured&#8221; src=&#8221;https:\/\/www.monitoruldevaslui.ro\/wp-content\/uploads\/2014\/12\/deseuri.jpg&#8221;] \u201eAten\u021bie, prim\u0103rii! \u00cencep controalele tematice privind gestionarea de\u0219eurilor\u201d, avertizeaz\u0103 Garda de Mediu Vaslui, care, de la \u00eenceputul acestei s\u0103pt\u0103m\u00e2ni, a demarat controale \u00een localit\u0103\u021bile din jude pentru a verifica gestionarea corespunz\u0103toare a de\u0219eurilor \u0219i starea de salubrizare. \u201eConform Planului Anual General de Activit\u0103\u021bi al G\u0103rzii Na\u021bionale de Mediu, \u00eencep\u00e2nd cu 20.04.2026, demar\u0103m [&hellip;]<\/p>\n","protected":false},"author":1,"featured_media":0,"comment_status":"open","ping_status":"","sticky":false,"template":"","format":"standard","meta":{"footnotes":""},"categories":[89],"tags":[226,217],"class_list":["post-1899826","post","type-post","status-publish","format-standard","hentry","category-romania","tag-crawlmanager","tag-vaslui-robo-stiri-ro"],"_links":{"self":[{"href":"https:\/\/analyse.optim.biz\/index.php?rest_route=\/wp\/v2\/posts\/1899826","targetHints":{"allow":["GET"]}}],"collection":[{"href":"https:\/\/analyse.optim.biz\/index.php?rest_route=\/wp\/v2\/posts"}],"about":[{"href":"https:\/\/analyse.optim.biz\/index.php?rest_route=\/wp\/v2\/types\/post"}],"author":[{"embeddable":true,"href":"https:\/\/analyse.optim.biz\/index.php?rest_route=\/wp\/v2\/users\/1"}],"replies":[{"embeddable":true,"href":"https:\/\/analyse.optim.biz\/index.php?rest_route=%2Fwp%2Fv2%2Fcomments&post=1899826"}],"version-history":[{"count":0,"href":"https:\/\/analyse.optim.biz\/index.php?rest_route=\/wp\/v2\/posts\/1899826\/revisions"}],"wp:attachment":[{"href":"https:\/\/analyse.optim.biz\/index.php?rest_route=%2Fwp%2Fv2%2Fmedia&parent=1899826"}],"wp:term":[{"taxonomy":"category","embeddable":true,"href":"https:\/\/analyse.optim.biz\/index.php?rest_route=%2Fwp%2Fv2%2Fcategories&post=1899826"},{"taxonomy":"post_tag","embeddable":true,"href":"https:\/\/analyse.optim.biz\/index.php?rest_route=%2Fwp%2Fv2%2Ftags&post=1899826"}],"curies":[{"name":"wp","href":"https:\/\/api.w.org\/{rel}","templated":true}]}}