{"id":1899825,"date":"2026-04-24T00:00:00","date_gmt":"2026-04-23T21:00:00","guid":{"rendered":"https:\/\/analyse.optim.biz\/?p=1899825"},"modified":"2026-04-24T00:00:00","modified_gmt":"2026-04-23T21:00:00","slug":"vernisajul-expozitiei-itinerante-ce-ascundem-de-ziua-internationala-a-astronomiei-la-muzeul-vasile-parvan-barlad","status":"publish","type":"post","link":"https:\/\/analyse.optim.biz\/?p=1899825","title":{"rendered":"Vernisajul expozi\u021biei itinerante \u201eCe ascundem\u201d\u00a0de Ziua Interna\u021bional\u0103 a Astronomiei, la Muzeul \u201eVasile P\u00e2rvan\u201d B\u00e2rlad"},"content":{"rendered":"<p>[analyse_image type=&#8221;featured&#8221; src=&#8221;https:\/\/www.monitoruldevaslui.ro\/wp-content\/uploads\/2019\/03\/olimpiada-astronomie.jpg&#8221;]<\/p>\n<div class=\"td-post-content tagdiv-type\">\n<p><strong>Muzeul \u201eVasile P\u00e2rvan\u201d, \u00een colaborare cu publica\u021bia Scena9, centrul cultural Reziden\u021ba9 \u0219i Augmented Space Agency din Bucure\u0219ti, organizeaz\u0103, cu prilejul Zilei Interna\u021bionale a Astronomiei, vernisajul expozi\u021biei itinerante \u201eCe ascundem\u201d.<\/strong><\/p>\n<div class=\"wp-block-image\">\n<figure class=\"aligncenter size-large is-resized\"><img loading=\"lazy\" decoding=\"async\" width=\"1024\" height=\"576\" src=\"https:\/\/www.monitoruldevaslui.ro\/wp-content\/uploads\/2019\/03\/olimpiada-astronomie-1024x576.jpg\" alt class=\"wp-image-70966\"><\/figure>\n<\/div>\n<p>Evenimentul va avea loc m\u00e2ine s\u00e2mb\u0103t\u0103, 25 aprilie 2026, la ora 18:00, la Casa Sturdza.<\/p>\n<p>Expozi\u021bia \u201eCe ascundem\u201d reune\u0219te o serie de teme explorate \u00een paginile revistei Scena9, precum memoria personal\u0103, traumele ascunse, spa\u021biile invizibile ale biografiei \u0219i modul \u00een care jurnalismul, arta \u0219i confesiunea intim\u0103 pot deveni experien\u021be colective. Proiectul propune un format inovator, \u00een care jurnalismul se transform\u0103 \u00een instala\u021bie, iar pove\u0219tile dep\u0103\u0219esc spa\u021biul tiparului pentru a interac\u021biona direct cu publicul.<\/p>\n<p>Dup\u0103 cum detaliaz\u0103 cei de la muzeul b\u00e2rl\u0103dean, un segment special al expozi\u021biei este dedicat astronomiei \u0219i cercet\u0103rilor realizate la B\u00e2rlad, \u00een special descoperirii stelelor variabile care poart\u0103 numele ora\u0219ului. Acest demers a stat \u0219i la baza unui interviu realizat de jurnali\u0219tii Scena9 cu echipa Observatorului Astronomic.<\/p>\n<p>\u201eComponenta expozi\u021bional\u0103 dedicat\u0103 astronomiei propune o abordare interactiv\u0103, transform\u00e2nd un domeniu \u0219tiin\u021bific riguros \u00eentr-o experien\u021b\u0103 accesibil\u0103 \u0219i senzorial\u0103. Vizitatorii vor putea explora un echipament care simuleaz\u0103 activitatea Soarelui, bazat pe imagini ob\u021binute at\u00e2t la Observatorul Astronomic, c\u00e2t \u0219i prin intermediul telescoapelor spa\u021biale. De asemenea, printr-o instala\u021bie de realitate virtual\u0103 (VR), publicul va putea identifica pe cer pozi\u021biile stelelor Barlad\u201d, transmite Muzeul \u201eVasile P\u00e2rvan\u201d din B\u00e2rlad, ar\u0103t\u00e2nd c\u0103, \u00een cadrul vernisajului va sus\u021bine o prezentare Ionu\u021b Sociu, reporter \u0219i dramaturg al revistei Scena9, autorul principal al materialului jurnalistic dedicat acestui subiect.<\/p>\n<p>Cu aceea\u0219i ocazie, publicul este invitat s\u0103 participe la observa\u021bii astronomice organizate pe parcursul zilei:<br \/>\u2022 observa\u021bii solare, \u00eentre orele 12:00\u201314:00, pe platoul din apropierea teatrului;<br \/>\u2022 observa\u021bii nocturne, \u00eentre orele 20:30\u201323:00, \u00een Parcul \u201eVictor Ion Popa\u201d, \u00een zona statuii lui \u201eMihai Eminescu\u201d.<\/p>\n<p>Accesul publicului este liber.<\/p>\n<\/div>\n<p>[analyse_source url=&#8221;https:\/\/www.monitoruldevaslui.ro\/2026\/04\/vernisajul-expozitiei-itinerante-ce-ascundem-de-ziua-internationala-a-astronomiei-la-muzeul-vasile-parvan-barlad\/#new_tab&#8221;]<\/p>\n","protected":false},"excerpt":{"rendered":"<p>[analyse_image type=&#8221;featured&#8221; src=&#8221;https:\/\/www.monitoruldevaslui.ro\/wp-content\/uploads\/2019\/03\/olimpiada-astronomie.jpg&#8221;] Muzeul \u201eVasile P\u00e2rvan\u201d, \u00een colaborare cu publica\u021bia Scena9, centrul cultural Reziden\u021ba9 \u0219i Augmented Space Agency din Bucure\u0219ti, organizeaz\u0103, cu prilejul Zilei Interna\u021bionale a Astronomiei, vernisajul expozi\u021biei itinerante \u201eCe ascundem\u201d. Evenimentul va avea loc m\u00e2ine s\u00e2mb\u0103t\u0103, 25 aprilie 2026, la ora 18:00, la Casa Sturdza. Expozi\u021bia \u201eCe ascundem\u201d reune\u0219te o serie de teme [&hellip;]<\/p>\n","protected":false},"author":1,"featured_media":0,"comment_status":"open","ping_status":"","sticky":false,"template":"","format":"standard","meta":{"footnotes":""},"categories":[89],"tags":[226,217],"class_list":["post-1899825","post","type-post","status-publish","format-standard","hentry","category-romania","tag-crawlmanager","tag-vaslui-robo-stiri-ro"],"_links":{"self":[{"href":"https:\/\/analyse.optim.biz\/index.php?rest_route=\/wp\/v2\/posts\/1899825","targetHints":{"allow":["GET"]}}],"collection":[{"href":"https:\/\/analyse.optim.biz\/index.php?rest_route=\/wp\/v2\/posts"}],"about":[{"href":"https:\/\/analyse.optim.biz\/index.php?rest_route=\/wp\/v2\/types\/post"}],"author":[{"embeddable":true,"href":"https:\/\/analyse.optim.biz\/index.php?rest_route=\/wp\/v2\/users\/1"}],"replies":[{"embeddable":true,"href":"https:\/\/analyse.optim.biz\/index.php?rest_route=%2Fwp%2Fv2%2Fcomments&post=1899825"}],"version-history":[{"count":0,"href":"https:\/\/analyse.optim.biz\/index.php?rest_route=\/wp\/v2\/posts\/1899825\/revisions"}],"wp:attachment":[{"href":"https:\/\/analyse.optim.biz\/index.php?rest_route=%2Fwp%2Fv2%2Fmedia&parent=1899825"}],"wp:term":[{"taxonomy":"category","embeddable":true,"href":"https:\/\/analyse.optim.biz\/index.php?rest_route=%2Fwp%2Fv2%2Fcategories&post=1899825"},{"taxonomy":"post_tag","embeddable":true,"href":"https:\/\/analyse.optim.biz\/index.php?rest_route=%2Fwp%2Fv2%2Ftags&post=1899825"}],"curies":[{"name":"wp","href":"https:\/\/api.w.org\/{rel}","templated":true}]}}