{"id":1899824,"date":"2026-04-23T23:13:04","date_gmt":"2026-04-23T20:13:04","guid":{"rendered":"https:\/\/analyse.optim.biz\/?p=1899824"},"modified":"2026-04-23T23:13:04","modified_gmt":"2026-04-23T20:13:04","slug":"24-aprilie-2026-111-ani-de-la-genocidul-armean-ne-plecam-fruntile-cu-piosenie-in-memoria-celor-multi","status":"publish","type":"post","link":"https:\/\/analyse.optim.biz\/?p=1899824","title":{"rendered":"24 aprilie 2026 \u2013 111 ani de la Genocidul Armean. \u201eNe plec\u0103m frun\u021bile cu pio\u0219enie \u00een memoria celor mul\u021bi\u201d"},"content":{"rendered":"<p>[analyse_image type=&#8221;featured&#8221; src=&#8221;https:\/\/dobrogeanews.b-cdn.net\/wp-content\/uploads\/2026\/04\/Monumentul-Genocidului-Armean-cu-Flaca\u0306ra-Ves\u0327nica\u0306-din-Erevan.jpg&#8221;]<\/p>\n<div id=\"post-70206\" class=\"entry single-default post-70206 post type-post status-publish format-standard has-post-thumbnail hentry category-info\">\n<div>\n<div class=\"ss-follow-wrapper ss-clearfix ss-regular-buttons ss-columns-1 ss-default-style\">\n<div class=\"ss-follow-column\" data-ss-sf-network-id='\"facebook\"'><a href=\"https:\/\/www.facebook.com\/dobrogeanews\" class=\"ss-follow-network ss-facebook-color\" rel=\"nofollow noopener\" aria-label=\"facebook\" target=\"_blank\"><span class=\"ss-follow-network-label\">Urm\u0103re\u015fte-ne \u015fi pe Facebook!<\/span><span class=\"ss-follow-network-count\"><span class=\"ss-follow-network-count-number\">57K<\/span><span class=\"ss-follow-network-count-label\">Followers<\/span><\/span><\/a><\/div>\n<\/div>\n<\/div>\n<p>24 aprilie este o zi de mare importan\u0163\u01ce pentru comunit\u01ce\u0163ile armene din toat\u0103 lumea. Este ziua de pios omagiu \u015fi reculegere pentru membrii acestei na\u0163iuni, este ziua comemor\u01cerii genocidului armean.\u00a0<\/p>\n<figure class=\"wp-block-image size-full is-resized\">\n<source type=\"image\/webp\" data-lazy-srcset=\"https:\/\/dobrogeanews.b-cdn.net\/wp-content\/uploads\/2026\/04\/Monumentul-Genocidului-Armean-cu-Flaca\u0306ra-Ves\u0327nica\u0306-din-Erevan.jpg.webp 2560w, https:\/\/dobrogeanews.b-cdn.net\/wp-content\/uploads\/2026\/04\/Monumentul-Genocidului-Armean-cu-Flaca\u0306ra-Ves\u0327nica\u0306-din-Erevan-300x200.jpg.webp 300w, https:\/\/dobrogeanews.b-cdn.net\/wp-content\/uploads\/2026\/04\/Monumentul-Genocidului-Armean-cu-Flaca\u0306ra-Ves\u0327nica\u0306-din-Erevan-1024x682.jpg.webp 1024w, https:\/\/dobrogeanews.b-cdn.net\/wp-content\/uploads\/2026\/04\/Monumentul-Genocidului-Armean-cu-Flaca\u0306ra-Ves\u0327nica\u0306-din-Erevan-768x511.jpg.webp 768w, https:\/\/dobrogeanews.b-cdn.net\/wp-content\/uploads\/2026\/04\/Monumentul-Genocidului-Armean-cu-Flaca\u0306ra-Ves\u0327nica\u0306-din-Erevan-1536x1022.jpg.webp 1536w, https:\/\/dobrogeanews.b-cdn.net\/wp-content\/uploads\/2026\/04\/Monumentul-Genocidului-Armean-cu-Flaca\u0306ra-Ves\u0327nica\u0306-din-Erevan-2048x1363.jpg.webp 2048w\" sizes=\"(max-width: 640px) 100vw, 640px\" \/><br \/>\n<img loading=\"lazy\" decoding=\"async\" src=\"https:\/\/dobrogeanews.b-cdn.net\/wp-content\/uploads\/2026\/04\/Monumentul-Genocidului-Armean-cu-Flaca%CC%86ra-Ves%CC%A7nica%CC%86-din-Erevan.jpg\" alt=\"Monumentul Genocidului Armean cu Flaca\u0306ra Ves\u0327nica\u0306 din Erevan\" width=\"640\" height=\"426\"><\/figure>\n<p>Aflat \u00eenc\u0103 din secolul al XIII-lea \u00een imensul Imperiu Otoman, care urm\u0103rea \u00eentinderile Imperiului Roman cu 1500 de ani \u00eenainte, poporul armean \u00eencerca s\u0103 \u00ee\u015fi p\u0103streze individualitatea \u015fi spiritualitatea, centrate \u00een jurul culturii r\u0103sp\u00e2ndite de cele mai multe ori cu ajutorul clerului. Ca mai peste tot \u00een teritoriile st\u01cep\u00e2nite, \u00een anumite condi\u0163ii \u015fi limite, turcii au permis popoarelor p\u01cestrarea credin\u0163elor \u015fi practicarea riturilor specifice, toler\u00e2nd biserici \u015fi m\u01cen\u01cestiri, s\u01cerb\u01cetori \u015fi hramuri. <\/p>\n<p>De\u015fi numeroase restric\u0163ii se aplicau celor de alt\u0103 religie dec\u00e2t cea musulman\u0103, cu varia\u0163ii de-a lungul timpului \u2013 obliga\u0163ia de a pl\u0103ti impozite mai mari sau interdic\u0163ia de a trage clopotele \u2013 popula\u0163iile au g\u0103sit totu\u015fi o modalitate de convie\u0163uire.\u00a0<\/p>\n<p>Declinul Imperiului Otoman \u00een secolul XVIII a marcat \u00eenceputul sf\u00e2r\u015fitului acestei toleran\u0163e fa\u0163\u01ce de cruce, semiluna \u00eencerc\u00e2nd s\u0103 se impun\u0103 tot mai mult, pe \u00eentregul teritoriu care \u00eei mai r\u0103m\u00e2nea \u00een administrare.\u00a0<\/p>\n<p>Procesul de disolu\u0163ie al statului \u00eencepe \u00een prima parte a secolului XIX, odat\u0103 cu revolta s\u00e2rbilor, urmat\u0103 de R\u0103zboiul de Independen\u0163\u0103 al grecilor, R\u0103zboiul Egiptului\u00a0 \u015fi R\u0103zboiul Crimeii.<\/p>\n<p>\u00cen toat\u01ce aceast\u01ce perioad\u01ce \u00een care turcii \u00ee\u015fi vedeau \u0163ara \u00eempu\u0163in\u00e2ndu-se \u015fi amenin\u0163at\u01ce la toate hotarele, armenii priveau cu speran\u0163\u0103 \u015fi ner\u0103bdare spre marele vecin de la nord.<\/p>\n<p>Pe data de \u00a024 aprilie 1915 au fost arestate c\u00e2teva sute de persoane reprezentative pentru comunitatea armean\u0103, cei mai mul\u0163i \u00een Istanbul. Prin eliminarea intelectualit\u0103\u0163ii \u015fi a tineretului \u00eenarmat, marea mas\u0103 a armenilor r\u0103m\u00e2ne f\u0103r\u0103 elementele care ar fi putut cristaliza o opozi\u0163ie concertat\u0103 \u015fi far\u0103 posibilitate de reac\u0163ie prin for\u0163\u0103 \u00een fa\u0163a evenimentelor ce vor urma.\u00a0<\/p>\n<p>\u00cen func\u0163ie de estim\u0103rile fiec\u0103reia dintre p\u0103r\u0163ile implicate, cifrele victimelor Genocidului variaz\u0103 \u00eentre 200-500.000, dup\u0103 estim\u0103rile turce\u015fti, \u015fi \u00eentre 1.200.000-1.500.000 de persoane, dup\u0103 surse armene.<\/p>\n<p>Genocidului popula\u0163iei i se suprapune \u015fi genocidului cultural, ca mijloc de atingere a obiectivului final, de \u015ftergere a armenilor din istoria locului.<\/p>\n<figure class=\"wp-block-image size-full\">\n<source type=\"image\/webp\" data-lazy-srcset=\"https:\/\/dobrogeanews.b-cdn.net\/wp-content\/uploads\/2017\/10\/lucian-simion.jpg.webp 640w, https:\/\/dobrogeanews.b-cdn.net\/wp-content\/uploads\/2017\/10\/lucian-simion-300x225.jpg.webp 300w\" sizes=\"(max-width: 640px) 100vw, 640px\" \/><br \/>\n<img loading=\"lazy\" decoding=\"async\" width=\"640\" height=\"480\" src=\"https:\/\/dobrogeanews.b-cdn.net\/wp-content\/uploads\/2017\/10\/lucian-simion.jpg\" alt=\"\"><\/figure>\n<p>\u201e\u00cen timp de pace dar \u0219i \u00een momentele tensionate pe care Europa le tr\u0103ie\u0219te ast\u0103zi, \u00een contextul conflictelor armate de la grani\u021bele sale, trebuie s\u0103 nu uit\u0103m dimensiunea tragic\u0103 pe care o pot atinge conflictele interetnice!<\/p>\n<p>Dobrogea este un t\u0103r\u00e2m al p\u0103cii, locul \u00een care \u0219i-au g\u0103sit refugiu \u0219i un nou c\u0103min multe grupuri etnice minoritare, inclusiv armenii, \u0219i ne dorim s\u0103 r\u0103m\u00e2n\u0103 un exemplu de bun\u0103 convie\u021buire!<\/p>\n<p>Ast\u0103zi ne plec\u0103m frun\u021bile cu pio\u0219enie \u00een memoria celor mul\u021bi, victime ale xenofobiei \u0219i intoleran\u021bei religioase \u0219i ne exprim\u0103m speran\u021ba c\u0103 tragicele evenimente din anul 1915 nu vor mai fi repetate!\u201d a declarat Lucian Eduard Simion, pre\u0219edintele armenilor tulceni.<\/p>\n<div class=\"monsterinsights-inline-popular-posts monsterinsights-inline-popular-posts-charlie monsterinsights-popular-posts-styled\">\n<div class=\"monsterinsights-inline-popular-posts-text\"><span class=\"monsterinsights-inline-popular-posts-label\">Vezi \u0219i:<\/span><\/p>\n<div class=\"monsterinsights-inline-popular-posts-post\"><a class=\"monsterinsights-inline-popular-posts-title\" href=\"https:\/\/www.dobrogeanews.ro\/impozitul-pe-imobile-2026-in-municipiul-tulcea-pe-intelesul-tuturor-cine-benefiaza-de-reduceri-informatii-detaliate\/\">Impozitul pe imobile\/2026 \u00een Municipiul Tulcea, pe \u00een\u021belesul tuturor. Cine benefiaz\u0103 de reduceri. Informa\u021bii detaliate<\/a><\/div>\n<div class=\"monsterinsights-inline-popular-posts-post\"><a class=\"monsterinsights-inline-popular-posts-title\" href=\"https:\/\/www.dobrogeanews.ro\/liliana-marinescu-a-fost-semnat-contractul-de-finantare-pentru-alimentare-cu-gaze-la-baia-in-valoare-de-8-075-000-lei\/\">Liliana Marinescu: A fost semnat contractul de finan\u021bare pentru \u201eAlimentare cu gaze\u201d la Baia \u00een valoare de 8.075.000 lei<\/a><\/div>\n<div class=\"monsterinsights-inline-popular-posts-post\"><a class=\"monsterinsights-inline-popular-posts-title\" href=\"https:\/\/www.dobrogeanews.ro\/video-primarul-stefan-ilie-raspunde-intrebarilor-privind-reabilitarea-strazilor-din-municipiul-tulcea\/\">(Video) Primarul \u0218tefan Ilie, r\u0103spunde \u00eentreb\u0103rilor privind reabilitarea Str\u0103zilor din Municipiul Tulcea<\/a><\/div>\n<\/div>\n<\/div>\n<p class=\"has-text-align-center has-white-color has-text-color has-background\"><span><a href=\"https:\/\/news.google.com\/publications\/CAAqBwgKMIu5pgsw88O-Aw?ceid=RO:ro&amp;oc=3\">Urm\u0103ri\u0163i \u015etirile Dobrogeanews \u015fi pe Google News<\/a><\/span><\/p>\n<\/div>\n<div id=\"post-70206\" class=\"entry single-default post-70206 post type-post status-publish format-standard has-post-thumbnail hentry category-info\">\n<div>\n<div class=\"ss-follow-wrapper ss-clearfix ss-regular-buttons ss-columns-1 ss-default-style\">\n<div class=\"ss-follow-column\" data-ss-sf-network-id='\"facebook\"'><a href=\"https:\/\/www.facebook.com\/dobrogeanews\" class=\"ss-follow-network ss-facebook-color\" rel=\"nofollow noopener\" aria-label=\"facebook\" target=\"_blank\"><span class=\"ss-follow-network-label\">Urm\u0103re\u015fte-ne \u015fi pe Facebook!<\/span><span class=\"ss-follow-network-count\"><span class=\"ss-follow-network-count-number\">57K<\/span><span class=\"ss-follow-network-count-label\">Followers<\/span><\/span><\/a><\/div>\n<\/div>\n<\/div>\n<p>24 aprilie este o zi de mare importan\u0163\u01ce pentru comunit\u01ce\u0163ile armene din toat\u0103 lumea. Este ziua de pios omagiu \u015fi reculegere pentru membrii acestei na\u0163iuni, este ziua comemor\u01cerii genocidului armean.\u00a0<\/p>\n<figure class=\"wp-block-image size-full is-resized\">\n<source type=\"image\/webp\" data-lazy-srcset=\"https:\/\/dobrogeanews.b-cdn.net\/wp-content\/uploads\/2026\/04\/Monumentul-Genocidului-Armean-cu-Flaca\u0306ra-Ves\u0327nica\u0306-din-Erevan.jpg.webp 2560w, https:\/\/dobrogeanews.b-cdn.net\/wp-content\/uploads\/2026\/04\/Monumentul-Genocidului-Armean-cu-Flaca\u0306ra-Ves\u0327nica\u0306-din-Erevan-300x200.jpg.webp 300w, https:\/\/dobrogeanews.b-cdn.net\/wp-content\/uploads\/2026\/04\/Monumentul-Genocidului-Armean-cu-Flaca\u0306ra-Ves\u0327nica\u0306-din-Erevan-1024x682.jpg.webp 1024w, https:\/\/dobrogeanews.b-cdn.net\/wp-content\/uploads\/2026\/04\/Monumentul-Genocidului-Armean-cu-Flaca\u0306ra-Ves\u0327nica\u0306-din-Erevan-768x511.jpg.webp 768w, https:\/\/dobrogeanews.b-cdn.net\/wp-content\/uploads\/2026\/04\/Monumentul-Genocidului-Armean-cu-Flaca\u0306ra-Ves\u0327nica\u0306-din-Erevan-1536x1022.jpg.webp 1536w, https:\/\/dobrogeanews.b-cdn.net\/wp-content\/uploads\/2026\/04\/Monumentul-Genocidului-Armean-cu-Flaca\u0306ra-Ves\u0327nica\u0306-din-Erevan-2048x1363.jpg.webp 2048w\" sizes=\"(max-width: 640px) 100vw, 640px\" \/><br \/>\n<img loading=\"lazy\" decoding=\"async\" src=\"https:\/\/dobrogeanews.b-cdn.net\/wp-content\/uploads\/2026\/04\/Monumentul-Genocidului-Armean-cu-Flaca%CC%86ra-Ves%CC%A7nica%CC%86-din-Erevan.jpg\" alt=\"Monumentul Genocidului Armean cu Flaca\u0306ra Ves\u0327nica\u0306 din Erevan\" width=\"640\" height=\"426\"><\/figure>\n<p>Aflat \u00eenc\u0103 din secolul al XIII-lea \u00een imensul Imperiu Otoman, care urm\u0103rea \u00eentinderile Imperiului Roman cu 1500 de ani \u00eenainte, poporul armean \u00eencerca s\u0103 \u00ee\u015fi p\u0103streze individualitatea \u015fi spiritualitatea, centrate \u00een jurul culturii r\u0103sp\u00e2ndite de cele mai multe ori cu ajutorul clerului. Ca mai peste tot \u00een teritoriile st\u01cep\u00e2nite, \u00een anumite condi\u0163ii \u015fi limite, turcii au permis popoarelor p\u01cestrarea credin\u0163elor \u015fi practicarea riturilor specifice, toler\u00e2nd biserici \u015fi m\u01cen\u01cestiri, s\u01cerb\u01cetori \u015fi hramuri. <\/p>\n<p>De\u015fi numeroase restric\u0163ii se aplicau celor de alt\u0103 religie dec\u00e2t cea musulman\u0103, cu varia\u0163ii de-a lungul timpului \u2013 obliga\u0163ia de a pl\u0103ti impozite mai mari sau interdic\u0163ia de a trage clopotele \u2013 popula\u0163iile au g\u0103sit totu\u015fi o modalitate de convie\u0163uire.\u00a0<\/p>\n<p>Declinul Imperiului Otoman \u00een secolul XVIII a marcat \u00eenceputul sf\u00e2r\u015fitului acestei toleran\u0163e fa\u0163\u01ce de cruce, semiluna \u00eencerc\u00e2nd s\u0103 se impun\u0103 tot mai mult, pe \u00eentregul teritoriu care \u00eei mai r\u0103m\u00e2nea \u00een administrare.\u00a0<\/p>\n<p>Procesul de disolu\u0163ie al statului \u00eencepe \u00een prima parte a secolului XIX, odat\u0103 cu revolta s\u00e2rbilor, urmat\u0103 de R\u0103zboiul de Independen\u0163\u0103 al grecilor, R\u0103zboiul Egiptului\u00a0 \u015fi R\u0103zboiul Crimeii.<\/p>\n<p>\u00cen toat\u01ce aceast\u01ce perioad\u01ce \u00een care turcii \u00ee\u015fi vedeau \u0163ara \u00eempu\u0163in\u00e2ndu-se \u015fi amenin\u0163at\u01ce la toate hotarele, armenii priveau cu speran\u0163\u0103 \u015fi ner\u0103bdare spre marele vecin de la nord.<\/p>\n<p>Pe data de \u00a024 aprilie 1915 au fost arestate c\u00e2teva sute de persoane reprezentative pentru comunitatea armean\u0103, cei mai mul\u0163i \u00een Istanbul. Prin eliminarea intelectualit\u0103\u0163ii \u015fi a tineretului \u00eenarmat, marea mas\u0103 a armenilor r\u0103m\u00e2ne f\u0103r\u0103 elementele care ar fi putut cristaliza o opozi\u0163ie concertat\u0103 \u015fi far\u0103 posibilitate de reac\u0163ie prin for\u0163\u0103 \u00een fa\u0163a evenimentelor ce vor urma.\u00a0<\/p>\n<p>\u00cen func\u0163ie de estim\u0103rile fiec\u0103reia dintre p\u0103r\u0163ile implicate, cifrele victimelor Genocidului variaz\u0103 \u00eentre 200-500.000, dup\u0103 estim\u0103rile turce\u015fti, \u015fi \u00eentre 1.200.000-1.500.000 de persoane, dup\u0103 surse armene.<\/p>\n<p>Genocidului popula\u0163iei i se suprapune \u015fi genocidului cultural, ca mijloc de atingere a obiectivului final, de \u015ftergere a armenilor din istoria locului.<\/p>\n<figure class=\"wp-block-image size-full\">\n<source type=\"image\/webp\" data-lazy-srcset=\"https:\/\/dobrogeanews.b-cdn.net\/wp-content\/uploads\/2017\/10\/lucian-simion.jpg.webp 640w, https:\/\/dobrogeanews.b-cdn.net\/wp-content\/uploads\/2017\/10\/lucian-simion-300x225.jpg.webp 300w\" sizes=\"(max-width: 640px) 100vw, 640px\" \/><br \/>\n<img loading=\"lazy\" decoding=\"async\" width=\"640\" height=\"480\" src=\"https:\/\/dobrogeanews.b-cdn.net\/wp-content\/uploads\/2017\/10\/lucian-simion.jpg\" alt=\"\"><\/figure>\n<p>\u201e\u00cen timp de pace dar \u0219i \u00een momentele tensionate pe care Europa le tr\u0103ie\u0219te ast\u0103zi, \u00een contextul conflictelor armate de la grani\u021bele sale, trebuie s\u0103 nu uit\u0103m dimensiunea tragic\u0103 pe care o pot atinge conflictele interetnice!<\/p>\n<p>Dobrogea este un t\u0103r\u00e2m al p\u0103cii, locul \u00een care \u0219i-au g\u0103sit refugiu \u0219i un nou c\u0103min multe grupuri etnice minoritare, inclusiv armenii, \u0219i ne dorim s\u0103 r\u0103m\u00e2n\u0103 un exemplu de bun\u0103 convie\u021buire!<\/p>\n<p>Ast\u0103zi ne plec\u0103m frun\u021bile cu pio\u0219enie \u00een memoria celor mul\u021bi, victime ale xenofobiei \u0219i intoleran\u021bei religioase \u0219i ne exprim\u0103m speran\u021ba c\u0103 tragicele evenimente din anul 1915 nu vor mai fi repetate!\u201d a declarat Lucian Eduard Simion, pre\u0219edintele armenilor tulceni.<\/p>\n<div class=\"monsterinsights-inline-popular-posts monsterinsights-inline-popular-posts-charlie monsterinsights-popular-posts-styled\">\n<div class=\"monsterinsights-inline-popular-posts-text\"><span class=\"monsterinsights-inline-popular-posts-label\">Vezi \u0219i:<\/span><\/p>\n<div class=\"monsterinsights-inline-popular-posts-post\"><a class=\"monsterinsights-inline-popular-posts-title\" href=\"https:\/\/www.dobrogeanews.ro\/impozitul-pe-imobile-2026-in-municipiul-tulcea-pe-intelesul-tuturor-cine-benefiaza-de-reduceri-informatii-detaliate\/\">Impozitul pe imobile\/2026 \u00een Municipiul Tulcea, pe \u00een\u021belesul tuturor. Cine benefiaz\u0103 de reduceri. Informa\u021bii detaliate<\/a><\/div>\n<div class=\"monsterinsights-inline-popular-posts-post\"><a class=\"monsterinsights-inline-popular-posts-title\" href=\"https:\/\/www.dobrogeanews.ro\/liliana-marinescu-a-fost-semnat-contractul-de-finantare-pentru-alimentare-cu-gaze-la-baia-in-valoare-de-8-075-000-lei\/\">Liliana Marinescu: A fost semnat contractul de finan\u021bare pentru \u201eAlimentare cu gaze\u201d la Baia \u00een valoare de 8.075.000 lei<\/a><\/div>\n<div class=\"monsterinsights-inline-popular-posts-post\"><a class=\"monsterinsights-inline-popular-posts-title\" href=\"https:\/\/www.dobrogeanews.ro\/video-primarul-stefan-ilie-raspunde-intrebarilor-privind-reabilitarea-strazilor-din-municipiul-tulcea\/\">(Video) Primarul \u0218tefan Ilie, r\u0103spunde \u00eentreb\u0103rilor privind reabilitarea Str\u0103zilor din Municipiul Tulcea<\/a><\/div>\n<\/div>\n<\/div>\n<p class=\"has-text-align-center has-white-color has-text-color has-background\"><span><a href=\"https:\/\/news.google.com\/publications\/CAAqBwgKMIu5pgsw88O-Aw?ceid=RO:ro&amp;oc=3\">Urm\u0103ri\u0163i \u015etirile Dobrogeanews \u015fi pe Google News<\/a><\/span><\/p>\n<\/div>\n<p>[analyse_source url=&#8221;https:\/\/www.dobrogeanews.ro\/24-aprilie-2026-111-ani-de-la-genocidul-armean-ne-plecam-fruntile-cu-piosenie-in-memoria-celor-multi\/&#8221;]<\/p>\n","protected":false},"excerpt":{"rendered":"<p>[analyse_image type=&#8221;featured&#8221; src=&#8221;https:\/\/dobrogeanews.b-cdn.net\/wp-content\/uploads\/2026\/04\/Monumentul-Genocidului-Armean-cu-Flaca\u0306ra-Ves\u0327nica\u0306-din-Erevan.jpg&#8221;] Urm\u0103re\u015fte-ne \u015fi pe Facebook!57KFollowers 24 aprilie este o zi de mare importan\u0163\u01ce pentru comunit\u01ce\u0163ile armene din toat\u0103 lumea. Este ziua de pios omagiu \u015fi reculegere pentru membrii acestei na\u0163iuni, este ziua comemor\u01cerii genocidului armean.\u00a0 Aflat \u00eenc\u0103 din secolul al XIII-lea \u00een imensul Imperiu Otoman, care urm\u0103rea \u00eentinderile Imperiului Roman cu 1500 de [&hellip;]<\/p>\n","protected":false},"author":1,"featured_media":0,"comment_status":"open","ping_status":"","sticky":false,"template":"","format":"standard","meta":{"footnotes":""},"categories":[89],"tags":[226,223],"class_list":["post-1899824","post","type-post","status-publish","format-standard","hentry","category-romania","tag-crawlmanager","tag-dobrogeanews-ro"],"_links":{"self":[{"href":"https:\/\/analyse.optim.biz\/index.php?rest_route=\/wp\/v2\/posts\/1899824","targetHints":{"allow":["GET"]}}],"collection":[{"href":"https:\/\/analyse.optim.biz\/index.php?rest_route=\/wp\/v2\/posts"}],"about":[{"href":"https:\/\/analyse.optim.biz\/index.php?rest_route=\/wp\/v2\/types\/post"}],"author":[{"embeddable":true,"href":"https:\/\/analyse.optim.biz\/index.php?rest_route=\/wp\/v2\/users\/1"}],"replies":[{"embeddable":true,"href":"https:\/\/analyse.optim.biz\/index.php?rest_route=%2Fwp%2Fv2%2Fcomments&post=1899824"}],"version-history":[{"count":0,"href":"https:\/\/analyse.optim.biz\/index.php?rest_route=\/wp\/v2\/posts\/1899824\/revisions"}],"wp:attachment":[{"href":"https:\/\/analyse.optim.biz\/index.php?rest_route=%2Fwp%2Fv2%2Fmedia&parent=1899824"}],"wp:term":[{"taxonomy":"category","embeddable":true,"href":"https:\/\/analyse.optim.biz\/index.php?rest_route=%2Fwp%2Fv2%2Fcategories&post=1899824"},{"taxonomy":"post_tag","embeddable":true,"href":"https:\/\/analyse.optim.biz\/index.php?rest_route=%2Fwp%2Fv2%2Ftags&post=1899824"}],"curies":[{"name":"wp","href":"https:\/\/api.w.org\/{rel}","templated":true}]}}