{"id":1899813,"date":"2026-04-23T07:42:17","date_gmt":"2026-04-23T04:42:17","guid":{"rendered":"https:\/\/analyse.optim.biz\/?p=1899813"},"modified":"2026-04-23T07:42:17","modified_gmt":"2026-04-23T04:42:17","slug":"la-multi-ani-suceava","status":"publish","type":"post","link":"https:\/\/analyse.optim.biz\/?p=1899813","title":{"rendered":"LA MUL\u021aI ANI SUCEAVA!"},"content":{"rendered":"<p>[analyse_image type=&#8221;featured&#8221; src=&#8221;https:\/\/www.newsbucovina.ro\/wp-content\/uploads\/2026\/04\/municipiul-Suceava-stema.jpeghttps:\/\/cdn.newsbucovina.ro\/wp-content\/uploads\/2026\/04\/municipiul-Suceava-stema.jpeg&#8221;]<\/p>\n<div class=\"td-post-content tagdiv-type\">\n<div class=\"td-a-rec td-a-rec-id-content_top  tdi_3 td_block_template_1\"><strong>Intr\u0103 acum \u0219i \u00een grupul de <\/p>\n<div class=\"wp-block-button\"><a class=\"wp-block-button__link wp-element-button\" href=\"https:\/\/t.me\/+TH8wcfnp8fw5NWI0\">Telegram News Bucovina<\/a><\/div>\n<p><\/strong><\/div>\n<p>\u00cenc\u0103 de la \u00eenfiin\u021barea sa, Suceava a stat sub protec\u021bia Sf\u00e2ntului Mare Mucenic Gheorghe: prima biseric\u0103 de piatr\u0103 a Sucevei , care a fost \u0219i prima Mitropolie, construit\u0103 de voievodul Petru Mu\u0219atinul a avut hramul Sf\u00e2ntului Mucenic Gheorghe (Biserica Mir\u0103u\u021bi). <\/p>\n<p>A doua Mitropolie a Moldovei, actuala biseric\u0103 a M\u0103n\u0103stirii Sf. Ioan cel Nou, ctitorit\u0103 de voievozii Bogdan al III-lea \u0219i \u0218tef\u0103ni\u021b\u0103 Vod\u0103 a avut de la \u00eenceput tot hramul Sf. Mucenic Gheorghe. Marele Voievod \u0218tefan cel Mare a avut o mare evlavie la Sf. Gheorghe, ctitorind biserici cu hramul s\u0103u, sprijinind M\u0103n\u0103stirea Zografu din Muntele Athos \u0219i av\u00e2nd stindarde de lupt\u0103 cu chipul sf\u00e2ntului.<\/p>\n<figure class=\"wp-block-image size-large\"><a href=\"https:\/\/cdn.newsbucovina.ro\/wp-content\/uploads\/2026\/04\/municipiul-Suceava-stema.jpeg\"><img loading=\"lazy\" decoding=\"async\" width=\"1024\" height=\"576\" src=\"https:\/\/cdn.newsbucovina.ro\/wp-content\/uploads\/2026\/04\/municipiul-Suceava-stema-1024x576.jpeg\" alt class=\"wp-image-436818\"><\/a><\/figure>\n<p>Stema Municipiului Suceava , dar \u0219i stema ora\u0219ului frate Boto\u0219ani, au imaginea Sf\u00e2ntului Gheorghe ucig\u00e2nd Balaurul.<\/p>\n<p>La mul\u021bi ani Suceava \u0219i Boto\u0219ani! La mul\u021bi ani tuturor celor ce poart\u0103 numele de Gheorghe \u0219i Georgiana!<\/p>\n<p>Ca s\u0103 nu \u00eei uit\u0103m \u0219i pe useri\u0219ti, care tocmai au preluat toat\u0103 puterea \u00een statul rom\u00e2n: la mul\u021bi ani Gyorgy Soro\u0219!<\/p>\n<p>Mare p\u0103cat c\u0103 Prim\u0103ria Municipiului Suceava nu \u00ee\u0219i s\u0103rb\u0103tore\u0219te \u00een nici un fel Patronul spiritual\u2026\u2026 \u00cen Europa , ora\u0219ele \u00ee\u0219i s\u0103rb\u0103toresc cu mare fast \u0219i cu mul\u021bi turi\u0219ti Sf\u00e2ntul protector\u2026\u2026<\/p>\n<p>Dr. Adrian Botezatu, politolog<\/p>\n<figure class=\"wp-block-embed is-type-video is-provider-youtube wp-block-embed-youtube wp-embed-aspect-16-9 wp-has-aspect-ratio\">\n<div class=\"wp-block-embed__wrapper\">\n<div class=\"youtube-embed\" data-video_id=\"cQP6CLkQ0sQ\"><iframe loading=\"lazy\" title=\"Aripioare la Co\u0219arc\u0103, Bere p\u00e2n\u0103 la refuz - Distrac\u021bie Adev\u0103rat\u0103 Made in Suceava!! O nebunie va fi...\" width=\"696\" height=\"392\" src=\"https:\/\/www.youtube.com\/embed\/cQP6CLkQ0sQ?feature=oembed&amp;enablejsapi=1\" frameborder allow=\"accelerometer; autoplay; clipboard-write; encrypted-media; gyroscope; picture-in-picture; web-share\" referrerpolicy=\"strict-origin-when-cross-origin\" allowfullscreen><\/iframe><\/div>\n<\/div>\n<\/figure>\n<div class=\"td-a-rec td-a-rec-id-content_bottom  tdi_4 td_block_template_1\"><strong>Intr\u0103 acum \u0219i \u00een grupul de <\/p>\n<div class=\"wp-block-button\"><a class=\"wp-block-button__link wp-element-button\" href=\"https:\/\/t.me\/+TH8wcfnp8fw5NWI0\">Telegram News Bucovina<\/a><\/div>\n<p><\/strong><\/div>\n<\/div>\n<div class=\"td-post-content tagdiv-type\">\n<div class=\"td-a-rec td-a-rec-id-content_top  tdi_3 td_block_template_1\"><strong>Intr\u0103 acum \u0219i \u00een grupul de <\/p>\n<div class=\"wp-block-button\"><a class=\"wp-block-button__link wp-element-button\" href=\"https:\/\/t.me\/+TH8wcfnp8fw5NWI0\">Telegram News Bucovina<\/a><\/div>\n<p><\/strong><\/div>\n<p>\u00cenc\u0103 de la \u00eenfiin\u021barea sa, Suceava a stat sub protec\u021bia Sf\u00e2ntului Mare Mucenic Gheorghe: prima biseric\u0103 de piatr\u0103 a Sucevei , care a fost \u0219i prima Mitropolie, construit\u0103 de voievodul Petru Mu\u0219atinul a avut hramul Sf\u00e2ntului Mucenic Gheorghe (Biserica Mir\u0103u\u021bi). <\/p>\n<p>A doua Mitropolie a Moldovei, actuala biseric\u0103 a M\u0103n\u0103stirii Sf. Ioan cel Nou, ctitorit\u0103 de voievozii Bogdan al III-lea \u0219i \u0218tef\u0103ni\u021b\u0103 Vod\u0103 a avut de la \u00eenceput tot hramul Sf. Mucenic Gheorghe. Marele Voievod \u0218tefan cel Mare a avut o mare evlavie la Sf. Gheorghe, ctitorind biserici cu hramul s\u0103u, sprijinind M\u0103n\u0103stirea Zografu din Muntele Athos \u0219i av\u00e2nd stindarde de lupt\u0103 cu chipul sf\u00e2ntului.<\/p>\n<figure class=\"wp-block-image size-large\"><a href=\"https:\/\/cdn.newsbucovina.ro\/wp-content\/uploads\/2026\/04\/municipiul-Suceava-stema.jpeg\"><img loading=\"lazy\" decoding=\"async\" width=\"1024\" height=\"576\" src=\"https:\/\/cdn.newsbucovina.ro\/wp-content\/uploads\/2026\/04\/municipiul-Suceava-stema-1024x576.jpeg\" alt class=\"wp-image-436818\"><\/a><\/figure>\n<p>Stema Municipiului Suceava , dar \u0219i stema ora\u0219ului frate Boto\u0219ani, au imaginea Sf\u00e2ntului Gheorghe ucig\u00e2nd Balaurul.<\/p>\n<p>La mul\u021bi ani Suceava \u0219i Boto\u0219ani! La mul\u021bi ani tuturor celor ce poart\u0103 numele de Gheorghe \u0219i Georgiana!<\/p>\n<p>Ca s\u0103 nu \u00eei uit\u0103m \u0219i pe useri\u0219ti, care tocmai au preluat toat\u0103 puterea \u00een statul rom\u00e2n: la mul\u021bi ani Gyorgy Soro\u0219!<\/p>\n<p>Mare p\u0103cat c\u0103 Prim\u0103ria Municipiului Suceava nu \u00ee\u0219i s\u0103rb\u0103tore\u0219te \u00een nici un fel Patronul spiritual\u2026\u2026 \u00cen Europa , ora\u0219ele \u00ee\u0219i s\u0103rb\u0103toresc cu mare fast \u0219i cu mul\u021bi turi\u0219ti Sf\u00e2ntul protector\u2026\u2026<\/p>\n<p>Dr. Adrian Botezatu, politolog<\/p>\n<figure class=\"wp-block-embed is-type-video is-provider-youtube wp-block-embed-youtube wp-embed-aspect-16-9 wp-has-aspect-ratio\">\n<div class=\"wp-block-embed__wrapper\">\n<div class=\"youtube-embed\" data-video_id=\"cQP6CLkQ0sQ\"><iframe loading=\"lazy\" title=\"Aripioare la Co\u0219arc\u0103, Bere p\u00e2n\u0103 la refuz - Distrac\u021bie Adev\u0103rat\u0103 Made in Suceava!! O nebunie va fi...\" width=\"696\" height=\"392\" src=\"https:\/\/www.youtube.com\/embed\/cQP6CLkQ0sQ?feature=oembed&amp;enablejsapi=1\" frameborder allow=\"accelerometer; autoplay; clipboard-write; encrypted-media; gyroscope; picture-in-picture; web-share\" referrerpolicy=\"strict-origin-when-cross-origin\" allowfullscreen><\/iframe><\/div>\n<\/div>\n<\/figure>\n<div class=\"td-a-rec td-a-rec-id-content_bottom  tdi_4 td_block_template_1\"><strong>Intr\u0103 acum \u0219i \u00een grupul de <\/p>\n<div class=\"wp-block-button\"><a class=\"wp-block-button__link wp-element-button\" href=\"https:\/\/t.me\/+TH8wcfnp8fw5NWI0\">Telegram News Bucovina<\/a><\/div>\n<p><\/strong><\/div>\n<\/div>\n<p>[analyse_source url=&#8221;https:\/\/www.newsbucovina.ro\/opinii\/436817\/la-multi-ani-suceava&#8221;]<\/p>\n","protected":false},"excerpt":{"rendered":"<p>[analyse_image type=&#8221;featured&#8221; src=&#8221;https:\/\/www.newsbucovina.ro\/wp-content\/uploads\/2026\/04\/municipiul-Suceava-stema.jpeghttps:\/\/cdn.newsbucovina.ro\/wp-content\/uploads\/2026\/04\/municipiul-Suceava-stema.jpeg&#8221;] Intr\u0103 acum \u0219i \u00een grupul de Telegram News Bucovina \u00cenc\u0103 de la \u00eenfiin\u021barea sa, Suceava a stat sub protec\u021bia Sf\u00e2ntului Mare Mucenic Gheorghe: prima biseric\u0103 de piatr\u0103 a Sucevei , care a fost \u0219i prima Mitropolie, construit\u0103 de voievodul Petru Mu\u0219atinul a avut hramul Sf\u00e2ntului Mucenic Gheorghe (Biserica Mir\u0103u\u021bi). A doua Mitropolie [&hellip;]<\/p>\n","protected":false},"author":1,"featured_media":0,"comment_status":"open","ping_status":"","sticky":false,"template":"","format":"standard","meta":{"footnotes":""},"categories":[89],"tags":[226,165],"class_list":["post-1899813","post","type-post","status-publish","format-standard","hentry","category-romania","tag-crawlmanager","tag-newsbucovina-ro"],"_links":{"self":[{"href":"https:\/\/analyse.optim.biz\/index.php?rest_route=\/wp\/v2\/posts\/1899813","targetHints":{"allow":["GET"]}}],"collection":[{"href":"https:\/\/analyse.optim.biz\/index.php?rest_route=\/wp\/v2\/posts"}],"about":[{"href":"https:\/\/analyse.optim.biz\/index.php?rest_route=\/wp\/v2\/types\/post"}],"author":[{"embeddable":true,"href":"https:\/\/analyse.optim.biz\/index.php?rest_route=\/wp\/v2\/users\/1"}],"replies":[{"embeddable":true,"href":"https:\/\/analyse.optim.biz\/index.php?rest_route=%2Fwp%2Fv2%2Fcomments&post=1899813"}],"version-history":[{"count":0,"href":"https:\/\/analyse.optim.biz\/index.php?rest_route=\/wp\/v2\/posts\/1899813\/revisions"}],"wp:attachment":[{"href":"https:\/\/analyse.optim.biz\/index.php?rest_route=%2Fwp%2Fv2%2Fmedia&parent=1899813"}],"wp:term":[{"taxonomy":"category","embeddable":true,"href":"https:\/\/analyse.optim.biz\/index.php?rest_route=%2Fwp%2Fv2%2Fcategories&post=1899813"},{"taxonomy":"post_tag","embeddable":true,"href":"https:\/\/analyse.optim.biz\/index.php?rest_route=%2Fwp%2Fv2%2Ftags&post=1899813"}],"curies":[{"name":"wp","href":"https:\/\/api.w.org\/{rel}","templated":true}]}}