{"id":1899727,"date":"2026-04-23T15:40:37","date_gmt":"2026-04-23T12:40:37","guid":{"rendered":"https:\/\/analyse.optim.biz\/?p=1899727"},"modified":"2026-04-23T15:40:37","modified_gmt":"2026-04-23T12:40:37","slug":"incepe-judecata-lui-fanel-bogos-pentru-uciderea-calului-detalii-din-rechizitoriu-ies-la-iveala","status":"publish","type":"post","link":"https:\/\/analyse.optim.biz\/?p=1899727","title":{"rendered":"\u00cencepe judecata lui F\u0103nel Bogos pentru uciderea calului: detalii din rechizitoriu ies la iveal\u0103"},"content":{"rendered":"<p>[analyse_image type=&#8221;featured&#8221; src=&#8221;https:\/\/news-vaslui.ro\/wp-content\/uploads\/2026\/04\/featured-image-1776958833136.jpg&#8221;]<\/p>\n<div class=\"tdb-block-inner td-fix-index\"><a class=\"tdb-logo-a\" href=\"https:\/\/news-vaslui.ro\/\" title=\"logo\"><span class=\"tdb-logo-img-wrap\"><img decoding=\"async\" class=\"tdb-logo-img td-retina-data\" data-retina=\"https:\/\/news-vaslui.ro\/wp-content\/uploads\/2025\/12\/FACT-CHECKED-NEWS-VASLUI-2-300x85.png\" src=\"https:\/\/news-vaslui.ro\/wp-content\/uploads\/2025\/12\/FACT-CHECKED-NEWS-VASLUI-2-300x85.png\" alt=\"logo\" title=\"logo\"><\/span><\/a><\/div>\n<div class=\"tdb-block-inner td-fix-index\"><a class=\"tdb-logo-a\" href=\"https:\/\/news-vaslui.ro\/\" title=\"logo\"><span class=\"tdb-logo-img-wrap\"><img decoding=\"async\" class=\"tdb-logo-img td-retina-data\" data-retina=\"https:\/\/news-vaslui.ro\/wp-content\/uploads\/2025\/12\/FACT-CHECKED-NEWS-VASLUI-2-300x85.png\" src=\"https:\/\/news-vaslui.ro\/wp-content\/uploads\/2025\/12\/FACT-CHECKED-NEWS-VASLUI-2-300x85.png\" alt=\"logo\" title=\"logo\"><\/span><\/a><\/div>\n<div class=\"tdb-block-inner td-fix-index\"><a class=\"tdb-logo-a\" href=\"https:\/\/news-vaslui.ro\/\" title=\"logo\"><span class=\"tdb-logo-img-wrap\"><img decoding=\"async\" class=\"tdb-logo-img td-retina-data\" data-retina=\"https:\/\/news-vaslui.ro\/wp-content\/uploads\/2025\/12\/FACT-CHECKED-NEWS-VASLUI-2-300x85.png\" src=\"https:\/\/news-vaslui.ro\/wp-content\/uploads\/2025\/12\/FACT-CHECKED-NEWS-VASLUI-2-300x85.png\" alt=\"logo\" title=\"logo\"><\/span><\/a><\/div>\n<div class=\"tdb-block-inner td-fix-index\">\n<div class=\"tdb-head-date-txt\">vineri, aprilie 24, 2026<\/div>\n<\/div>\n<div class=\"tdb-block-inner td-fix-index\">\n<div class=\"tdb-weather-deg-wrap\" data-block-uid=\"tdb_header_weather_uid\"><span class=\"tdb-weather-deg\">8.3<\/span><span class=\"tdb-weather-unit\">C<\/span><\/div>\n<div class=\"tdb-weather-city\">Vaslui<\/div>\n<\/div>\n<div class=\"tdb-block-inner td-fix-index\">\n<div class=\"tdb-drop-down-search\" aria-labelledby=\"td-header-search-button\">\n<div class=\"tdb-drop-down-search-inner\">\n<div class=\"tdb-search-form-inner\">\n<div class=\"tdb-head-search-placeholder\">type here&#8230;<\/div>\n<\/div>\n<\/div>\n<\/div>\n<\/div>\n<div class=\"tdb-block-inner td-fix-index\"><a class=\"tdb-logo-a\" href=\"https:\/\/news-vaslui.ro\/\" title=\"logo\"><span class=\"tdb-logo-img-wrap\"><img decoding=\"async\" class=\"tdb-logo-img td-retina-data\" data-retina=\"https:\/\/news-vaslui.ro\/wp-content\/uploads\/2025\/12\/FACT-CHECKED-NEWS-VASLUI-2-300x85.png\" src=\"https:\/\/news-vaslui.ro\/wp-content\/uploads\/2025\/12\/FACT-CHECKED-NEWS-VASLUI-2-300x85.png\" alt=\"Vaslui News\" title=\"logo\"><\/span><\/a><\/div>\n<div class=\"tdb-block-inner td-fix-index\"><img loading=\"lazy\" decoding=\"async\" width=\"1068\" height=\"712\" class=\"entry-thumb\" src=\"https:\/\/news-vaslui.ro\/wp-content\/uploads\/2026\/04\/featured-image-1776958833136-1068x712.jpg\" alt title=\"Featured Image\"><\/div>\n<div class=\"tdb-block-inner td-fix-index\"><span class=\"reading-time-number\">Less than 1<\/span><span class=\"tdb-minute-text\"> min.<\/span><span class=\"tdb-add-text\">Read<\/span><\/div>\n<div class=\"tdb-block-inner td-fix-index\">\n<h1 class=\"tdb-title-text\">\u00cencepe judecata lui F\u0103nel Bogos pentru uciderea calului: detalii din rechizitoriu ies la iveal\u0103<\/h1>\n<\/div>\n<div class=\"tdb-block-inner td-fix-index\"><a class=\"tdb-author-photo\" href=\"https:\/\/news-vaslui.ro\/author\/vasluidev\/\" title=\"News Vaslui\"><img decoding=\"async\" alt=\"News Vaslui\" src=\"https:\/\/secure.gravatar.com\/avatar\/7cd75f71af07ac3deeb6cda7fa3e40e8f10cbbf011f111ff652b3ec2cc663f22?s=96&amp;d=mm&amp;r=g\" class=\"avatar avatar-96 photo\" height=\"96\" width=\"96\" loading=\"lazy\"><\/a><\/p>\n<div class=\"tdb-author-name-wrap\"><span class=\"tdb-author-by\">By<\/span><a class=\"tdb-author-name\" href=\"https:\/\/news-vaslui.ro\/author\/vasluidev\/\">News Vaslui<\/a><\/div>\n<\/div>\n<div class=\"tdb-block-inner td-fix-index\"><time class=\"entry-date updated td-module-date\" datetime=\"2026-04-23T15:40:37+00:00\">23 aprilie 2026<\/time><\/div>\n<div class=\"td_block_wrap tdb_single_content tdi_103 td-pb-border-top td_block_template_1 td-post-content tagdiv-type\" data-td-block-uid=\"tdi_103\">\n<div class=\"tdb-block-inner td-fix-index\">\n<div class=\"post-sources-section\">\n<h3>Surse<\/h3>\n<div class=\"sources-list\"><a href=\"https:\/\/www.vremeanoua.ro\/motivele-socante-pentru-care-fanel-bogos-a-decis-soarta-calului-pe-care-l-a-cumparat-cu-11-000-de-lei-de-la-un-padurar-detalii-in-rechizitoriu\" target=\"_blank\" rel=\"noopener\" class=\"source-item\"><\/p>\n<div class=\"source-thumb\"><img decoding=\"async\" src=\"https:\/\/news-vaslui.ro\/wp-content\/uploads\/2025\/12\/vremeanoua.png\" alt=\"Iat\u0103 motivele pentru care F\u0103nel Bogos a decis s\u0103 ucid\u0103 calul cump\u0103rat...\" class=\"td-animation-stack-type0-2\"><\/div>\n<div class=\"source-info\"><span class=\"source-publication\">Vremea Noua<\/span><span class=\"source-title\">Iat\u0103 motivele pentru care F\u0103nel Bogos a decis s\u0103 ucid\u0103 calul cump\u0103rat&#8230;<\/span><\/p>\n<p class=\"source-date\">23\/04\/2026<\/p>\n<\/div>\n<p><\/a><a href=\"https:\/\/www.vremeanoua.ro\/incepe-judecata-lui-bogos-in-dosarului-uciderii-cu-intentie-si-cruzime-a-calului-naravas\" target=\"_blank\" rel=\"noopener\" class=\"source-item\"><\/p>\n<div class=\"source-thumb\"><img decoding=\"async\" src=\"https:\/\/news-vaslui.ro\/wp-content\/uploads\/2025\/12\/vremeanoua.png\" alt=\"\u00cencepe judecata lui Bogos \u00een dosarului uciderii cu inten\u021bie \u0219i cruzime a...\" class=\"td-animation-stack-type0-2\"><\/div>\n<div class=\"source-info\"><span class=\"source-publication\">Vremea Noua<\/span><span class=\"source-title\">\u00cencepe judecata lui Bogos \u00een dosarului uciderii cu inten\u021bie \u0219i cruzime a&#8230;<\/span><\/p>\n<p class=\"source-date\">22\/04\/2026<\/p>\n<\/div>\n<p><\/a><\/div>\n<\/div>\n<p>La Judec\u0103toria B\u00e2rlad \u00eencepe judecata \u00eempotriva lui F\u0103nel Bogos, acuzat de ucidere cu inten\u021bie \u0219i cruzime a unui cal, fapt\u0103 pentru care risc\u0103 o pedeaps\u0103 cu executare. Rechizitoriul \u00eentocmit de procurori descrie un episod petrecut \u00een iulie anul trecut, dup\u0103 ce calul, aflat \u00een timpul unui exerci\u021biu de dresaj, l-ar fi lovit pe Bogos cu copitele.<\/p>\n<p>Potrivit materialelor din rechizitoriu, imputatul ar fi reac\u021bionat lovind animalul de mai multe ori cu o sabie, apoi l-a prins \u0219i legat de un st\u00e2lp cu o funie scurt\u0103. Ulterior, i-ar fi aplicat dou\u0103 lovituri de cu\u021bit \u00een zona pieptului; dup\u0103 prima lovitur\u0103, calul a \u00eenceput s\u0103 verse s\u00e2nge, iar a doua lovitur\u0103 a fost considerat\u0103 fatidic\u0103, sec\u021bion\u00e2nd un vas de s\u00e2nge mare, ceea ce a dus la decesul animalului.<\/p>\n<p>Bogos sus\u021bine c\u0103 animalul avea un comportament agresiv \u0219i c\u0103 decizia de eutanasiere ar fi fost necesar\u0103; \u00eens\u0103 p\u0103durarul de la care a fost cump\u0103rat calul a contrazis aceast\u0103 versiune, relat\u00e2nd episodul \u00een care animalul s-a speriat, iar Bogos s-a dezechilibrat \u00een timp ce se afla ca arest de clip\u0103 \u00een fa\u021ba conciziei.<\/p>\n<\/div>\n<\/div>\n<div class=\"tdb-block-inner td-fix-index\">\n<div class=\"post-sources-section\">\n<h3>Surse<\/h3>\n<div class=\"sources-list\"><a href=\"https:\/\/www.vremeanoua.ro\/motivele-socante-pentru-care-fanel-bogos-a-decis-soarta-calului-pe-care-l-a-cumparat-cu-11-000-de-lei-de-la-un-padurar-detalii-in-rechizitoriu\" target=\"_blank\" rel=\"noopener\" class=\"source-item\"><\/p>\n<div class=\"source-thumb\"><img decoding=\"async\" src=\"https:\/\/news-vaslui.ro\/wp-content\/uploads\/2025\/12\/vremeanoua.png\" alt=\"Iat\u0103 motivele pentru care F\u0103nel Bogos a decis s\u0103 ucid\u0103 calul cump\u0103rat...\" class=\"td-animation-stack-type0-2\"><\/div>\n<div class=\"source-info\"><span class=\"source-publication\">Vremea Noua<\/span><span class=\"source-title\">Iat\u0103 motivele pentru care F\u0103nel Bogos a decis s\u0103 ucid\u0103 calul cump\u0103rat&#8230;<\/span><\/p>\n<p class=\"source-date\">23\/04\/2026<\/p>\n<\/div>\n<p><\/a><a href=\"https:\/\/www.vremeanoua.ro\/incepe-judecata-lui-bogos-in-dosarului-uciderii-cu-intentie-si-cruzime-a-calului-naravas\" target=\"_blank\" rel=\"noopener\" class=\"source-item\"><\/p>\n<div class=\"source-thumb\"><img decoding=\"async\" src=\"https:\/\/news-vaslui.ro\/wp-content\/uploads\/2025\/12\/vremeanoua.png\" alt=\"\u00cencepe judecata lui Bogos \u00een dosarului uciderii cu inten\u021bie \u0219i cruzime a...\" class=\"td-animation-stack-type0-2\"><\/div>\n<div class=\"source-info\"><span class=\"source-publication\">Vremea Noua<\/span><span class=\"source-title\">\u00cencepe judecata lui Bogos \u00een dosarului uciderii cu inten\u021bie \u0219i cruzime a&#8230;<\/span><\/p>\n<p class=\"source-date\">22\/04\/2026<\/p>\n<\/div>\n<p><\/a><\/div>\n<\/div>\n<p>La Judec\u0103toria B\u00e2rlad \u00eencepe judecata \u00eempotriva lui F\u0103nel Bogos, acuzat de ucidere cu inten\u021bie \u0219i cruzime a unui cal, fapt\u0103 pentru care risc\u0103 o pedeaps\u0103 cu executare. Rechizitoriul \u00eentocmit de procurori descrie un episod petrecut \u00een iulie anul trecut, dup\u0103 ce calul, aflat \u00een timpul unui exerci\u021biu de dresaj, l-ar fi lovit pe Bogos cu copitele.<\/p>\n<p>Potrivit materialelor din rechizitoriu, imputatul ar fi reac\u021bionat lovind animalul de mai multe ori cu o sabie, apoi l-a prins \u0219i legat de un st\u00e2lp cu o funie scurt\u0103. Ulterior, i-ar fi aplicat dou\u0103 lovituri de cu\u021bit \u00een zona pieptului; dup\u0103 prima lovitur\u0103, calul a \u00eenceput s\u0103 verse s\u00e2nge, iar a doua lovitur\u0103 a fost considerat\u0103 fatidic\u0103, sec\u021bion\u00e2nd un vas de s\u00e2nge mare, ceea ce a dus la decesul animalului.<\/p>\n<p>Bogos sus\u021bine c\u0103 animalul avea un comportament agresiv \u0219i c\u0103 decizia de eutanasiere ar fi fost necesar\u0103; \u00eens\u0103 p\u0103durarul de la care a fost cump\u0103rat calul a contrazis aceast\u0103 versiune, relat\u00e2nd episodul \u00een care animalul s-a speriat, iar Bogos s-a dezechilibrat \u00een timp ce se afla ca arest de clip\u0103 \u00een fa\u021ba conciziei.<\/p>\n<\/div>\n<div class=\"tdb-block-inner td-fix-index\">\n<div class=\"tdb-next-post tdb-next-post-bg tdb-post-prev\"><span>Articolul precedent<\/span><\/p>\n<div class=\"td-module-container\">\n<div class=\"td-image-container\"><a class=\"td-image-wrap\" href=\"https:\/\/news-vaslui.ro\/focar-de-rabie-la-bovine-in-husi-ce-masuri-urgente-anunta-autoritatile\/\"><img decoding=\"async\" class=\"td-next-prev-image td-fix-index\" src=\"https:\/\/news-vaslui.ro\/wp-content\/uploads\/2026\/04\/featured-image-1776958827214-1068x712.jpg\"><\/a><\/div>\n<div class=\"next-prev-title\"><a href=\"https:\/\/news-vaslui.ro\/focar-de-rabie-la-bovine-in-husi-ce-masuri-urgente-anunta-autoritatile\/\">Focar de rabie la bovine \u00een Hu\u0219i: ce m\u0103suri urgente anun\u021b\u0103 autorit\u0103\u021bile<\/a><\/div>\n<\/div>\n<\/div>\n<div class=\"tdb-next-post tdb-next-post-bg tdb-post-next\"><span>Articolul urm\u0103tor<\/span><\/p>\n<div class=\"td-module-container\">\n<div class=\"td-image-container\"><a class=\"td-image-wrap\" href=\"https:\/\/news-vaslui.ro\/tanar-din-cozmesti-suspectat-de-furt-din-locuinta-2-200-lei-sustrasi-din-locuinta-unui-consatean\/\"><img decoding=\"async\" class=\"td-next-prev-image td-fix-index\" src=\"https:\/\/news-vaslui.ro\/wp-content\/uploads\/2026\/04\/featured-image-1776958842478-1068x712.jpg\"><\/a><\/div>\n<div class=\"next-prev-title\"><a href=\"https:\/\/news-vaslui.ro\/tanar-din-cozmesti-suspectat-de-furt-din-locuinta-2-200-lei-sustrasi-din-locuinta-unui-consatean\/\">T\u00e2n\u0103r din Cozme\u0219ti suspectat de furt din locuin\u021b\u0103; 2.200 LEI sustra\u0219i din locuin\u021ba unui cons\u0103tean<\/a><\/div>\n<\/div>\n<\/div>\n<\/div>\n<div class=\"tdb-block-inner td-fix-index\"><a class=\"tdb-logo-a\" href=\"https:\/\/news-vaslui.ro\/\" title=\"logo\"><span class=\"tdb-logo-img-wrap\"><img decoding=\"async\" class=\"tdb-logo-img td-retina-data\" data-retina=\"https:\/\/news-vaslui.ro\/wp-content\/uploads\/2025\/12\/FACT-CHECKED-NEWS-VASLUI-2-300x85.png\" src=\"https:\/\/news-vaslui.ro\/wp-content\/uploads\/2025\/12\/FACT-CHECKED-NEWS-VASLUI-2-300x85.png\" alt=\"logo\" title=\"logo\"><\/span><\/a><\/div>\n<p>[analyse_source url=&#8221;https:\/\/news-vaslui.ro\/incepe-judecata-lui-fanel-bogos-pentru-uciderea-calului-detalii-din-rechizitoriu-ies-la-iveala\/#new_tab&#8221;]<\/p>\n","protected":false},"excerpt":{"rendered":"<p>[analyse_image type=&#8221;featured&#8221; src=&#8221;https:\/\/news-vaslui.ro\/wp-content\/uploads\/2026\/04\/featured-image-1776958833136.jpg&#8221;] vineri, aprilie 24, 2026 8.3C Vaslui type here&#8230; Less than 1 min.Read \u00cencepe judecata lui F\u0103nel Bogos pentru uciderea calului: detalii din rechizitoriu ies la iveal\u0103 ByNews Vaslui 23 aprilie 2026 Surse Vremea NouaIat\u0103 motivele pentru care F\u0103nel Bogos a decis s\u0103 ucid\u0103 calul cump\u0103rat&#8230; 23\/04\/2026 Vremea Noua\u00cencepe judecata lui Bogos \u00een [&hellip;]<\/p>\n","protected":false},"author":1,"featured_media":0,"comment_status":"open","ping_status":"","sticky":false,"template":"","format":"standard","meta":{"footnotes":""},"categories":[89],"tags":[226,217],"class_list":["post-1899727","post","type-post","status-publish","format-standard","hentry","category-romania","tag-crawlmanager","tag-vaslui-robo-stiri-ro"],"_links":{"self":[{"href":"https:\/\/analyse.optim.biz\/index.php?rest_route=\/wp\/v2\/posts\/1899727","targetHints":{"allow":["GET"]}}],"collection":[{"href":"https:\/\/analyse.optim.biz\/index.php?rest_route=\/wp\/v2\/posts"}],"about":[{"href":"https:\/\/analyse.optim.biz\/index.php?rest_route=\/wp\/v2\/types\/post"}],"author":[{"embeddable":true,"href":"https:\/\/analyse.optim.biz\/index.php?rest_route=\/wp\/v2\/users\/1"}],"replies":[{"embeddable":true,"href":"https:\/\/analyse.optim.biz\/index.php?rest_route=%2Fwp%2Fv2%2Fcomments&post=1899727"}],"version-history":[{"count":0,"href":"https:\/\/analyse.optim.biz\/index.php?rest_route=\/wp\/v2\/posts\/1899727\/revisions"}],"wp:attachment":[{"href":"https:\/\/analyse.optim.biz\/index.php?rest_route=%2Fwp%2Fv2%2Fmedia&parent=1899727"}],"wp:term":[{"taxonomy":"category","embeddable":true,"href":"https:\/\/analyse.optim.biz\/index.php?rest_route=%2Fwp%2Fv2%2Fcategories&post=1899727"},{"taxonomy":"post_tag","embeddable":true,"href":"https:\/\/analyse.optim.biz\/index.php?rest_route=%2Fwp%2Fv2%2Ftags&post=1899727"}],"curies":[{"name":"wp","href":"https:\/\/api.w.org\/{rel}","templated":true}]}}