{"id":1899676,"date":"2026-04-23T14:44:35","date_gmt":"2026-04-23T11:44:35","guid":{"rendered":"https:\/\/analyse.optim.biz\/?p=1899676"},"modified":"2026-04-23T14:44:35","modified_gmt":"2026-04-23T11:44:35","slug":"ministrii-psd-au-demisionat","status":"publish","type":"post","link":"https:\/\/analyse.optim.biz\/?p=1899676","title":{"rendered":"MINISTRII PSD AU DEMISIONAT!"},"content":{"rendered":"<p>[analyse_image type=&#8221;featured&#8221; src=&#8221;https:\/\/newss.ro\/wp-content\/uploads\/2025\/06\/GUVERN-BOLOJAN-SEDINTA-IUN.jpg&#8221;]<\/p>\n<div class=\"td-post-content\">\n<div class=\"td-post-featured-image\"><a href=\"https:\/\/newss.ro\/wp-content\/uploads\/2025\/06\/GUVERN-BOLOJAN-SEDINTA-IUN.jpg\" data-caption><img loading=\"lazy\" decoding=\"async\" width=\"696\" height=\"355\" class=\"entry-thumb td-modal-image\" src=\"https:\/\/newss.ro\/wp-content\/uploads\/2025\/06\/GUVERN-BOLOJAN-SEDINTA-IUN-696x355.jpg\" alt title=\"GUVERN BOLOJAN SEDINTA IUN\"><\/a><\/div>\n<p>PSD a ie\u0219it oficial din coali\u0163ia de guvernare, dup\u0103 ce mini\u015ftrii s\u0103i au demisionat azi din guvern. Este vorba de \u0219ase portofolii, \u0219i anume: Munca, Justi\u021bia, Agricultura, Energia, Transporturile \u0219i S\u0103n\u0103tatea \u0219i o func\u021bie de vicepremier.<\/p>\n<p>Social democra\u0163ii au anun\u0163at c\u0103 sunt preg\u0103ti\u0163i\u00a0\u201es\u0103 participe la formarea unui nou guvern pro-european \u0219i s\u0103 sus\u021bin\u0103 un premier, politic sau tehnocrat, \u0219i care s\u0103 aib\u0103 capacitatea de a colabora cu partidele care \u00eei asigur\u0103 majoritatea parlamentar\u0103\u201d.<\/p>\n<p>Executivul r\u0103m\u00e2ne, deocamdat\u0103, \u00a0cu puteri depline. Premierul Ilie Bolojan va desemna interimari pentru portofoliile social-democra\u0163ilor, dintre membrii guvernului \u00een func\u0163ie, iar acest interimat va fi de 45 de zile.<\/p>\n<p>\u00cen aceast\u0103 perioad\u0103, \u00een Parlament, poate fi depus\u0103 o mo\u0163iune de cenzur\u0103 \u00eempotriva guvernului.<\/p>\n<p>Potrivit unor surse, PSD lucreaz\u0103 deja la mo\u021biunea de cenzur\u0103 \u0219i este posibil s\u0103 o depun\u0103 s\u0103pt\u0103m\u00e2na viitoare,<\/p>\n<\/div>\n<div class=\"td-post-content\">\n<div class=\"td-post-featured-image\"><a href=\"https:\/\/newss.ro\/wp-content\/uploads\/2025\/06\/GUVERN-BOLOJAN-SEDINTA-IUN.jpg\" data-caption><img loading=\"lazy\" decoding=\"async\" width=\"696\" height=\"355\" class=\"entry-thumb td-modal-image\" src=\"https:\/\/newss.ro\/wp-content\/uploads\/2025\/06\/GUVERN-BOLOJAN-SEDINTA-IUN-696x355.jpg\" alt title=\"GUVERN BOLOJAN SEDINTA IUN\"><\/a><\/div>\n<p>PSD a ie\u0219it oficial din coali\u0163ia de guvernare, dup\u0103 ce mini\u015ftrii s\u0103i au demisionat azi din guvern. Este vorba de \u0219ase portofolii, \u0219i anume: Munca, Justi\u021bia, Agricultura, Energia, Transporturile \u0219i S\u0103n\u0103tatea \u0219i o func\u021bie de vicepremier.<\/p>\n<p>Social democra\u0163ii au anun\u0163at c\u0103 sunt preg\u0103ti\u0163i\u00a0\u201es\u0103 participe la formarea unui nou guvern pro-european \u0219i s\u0103 sus\u021bin\u0103 un premier, politic sau tehnocrat, \u0219i care s\u0103 aib\u0103 capacitatea de a colabora cu partidele care \u00eei asigur\u0103 majoritatea parlamentar\u0103\u201d.<\/p>\n<p>Executivul r\u0103m\u00e2ne, deocamdat\u0103, \u00a0cu puteri depline. Premierul Ilie Bolojan va desemna interimari pentru portofoliile social-democra\u0163ilor, dintre membrii guvernului \u00een func\u0163ie, iar acest interimat va fi de 45 de zile.<\/p>\n<p>\u00cen aceast\u0103 perioad\u0103, \u00een Parlament, poate fi depus\u0103 o mo\u0163iune de cenzur\u0103 \u00eempotriva guvernului.<\/p>\n<p>Potrivit unor surse, PSD lucreaz\u0103 deja la mo\u021biunea de cenzur\u0103 \u0219i este posibil s\u0103 o depun\u0103 s\u0103pt\u0103m\u00e2na viitoare,<\/p>\n<\/div>\n<p>[analyse_source url=&#8221;https:\/\/newss.ro\/2026\/04\/23\/ministrii-psd-au-demisionat\/&#8221;]<\/p>\n","protected":false},"excerpt":{"rendered":"<p>[analyse_image type=&#8221;featured&#8221; src=&#8221;https:\/\/newss.ro\/wp-content\/uploads\/2025\/06\/GUVERN-BOLOJAN-SEDINTA-IUN.jpg&#8221;] PSD a ie\u0219it oficial din coali\u0163ia de guvernare, dup\u0103 ce mini\u015ftrii s\u0103i au demisionat azi din guvern. Este vorba de \u0219ase portofolii, \u0219i anume: Munca, Justi\u021bia, Agricultura, Energia, Transporturile \u0219i S\u0103n\u0103tatea \u0219i o func\u021bie de vicepremier. Social democra\u0163ii au anun\u0163at c\u0103 sunt preg\u0103ti\u0163i\u00a0\u201es\u0103 participe la formarea unui nou guvern pro-european \u0219i s\u0103 [&hellip;]<\/p>\n","protected":false},"author":1,"featured_media":0,"comment_status":"open","ping_status":"","sticky":false,"template":"","format":"standard","meta":{"footnotes":""},"categories":[2],"tags":[226,73],"class_list":["post-1899676","post","type-post","status-publish","format-standard","hentry","category-politics","tag-crawlmanager","tag-newss-ro"],"_links":{"self":[{"href":"https:\/\/analyse.optim.biz\/index.php?rest_route=\/wp\/v2\/posts\/1899676","targetHints":{"allow":["GET"]}}],"collection":[{"href":"https:\/\/analyse.optim.biz\/index.php?rest_route=\/wp\/v2\/posts"}],"about":[{"href":"https:\/\/analyse.optim.biz\/index.php?rest_route=\/wp\/v2\/types\/post"}],"author":[{"embeddable":true,"href":"https:\/\/analyse.optim.biz\/index.php?rest_route=\/wp\/v2\/users\/1"}],"replies":[{"embeddable":true,"href":"https:\/\/analyse.optim.biz\/index.php?rest_route=%2Fwp%2Fv2%2Fcomments&post=1899676"}],"version-history":[{"count":0,"href":"https:\/\/analyse.optim.biz\/index.php?rest_route=\/wp\/v2\/posts\/1899676\/revisions"}],"wp:attachment":[{"href":"https:\/\/analyse.optim.biz\/index.php?rest_route=%2Fwp%2Fv2%2Fmedia&parent=1899676"}],"wp:term":[{"taxonomy":"category","embeddable":true,"href":"https:\/\/analyse.optim.biz\/index.php?rest_route=%2Fwp%2Fv2%2Fcategories&post=1899676"},{"taxonomy":"post_tag","embeddable":true,"href":"https:\/\/analyse.optim.biz\/index.php?rest_route=%2Fwp%2Fv2%2Ftags&post=1899676"}],"curies":[{"name":"wp","href":"https:\/\/api.w.org\/{rel}","templated":true}]}}