{"id":1899672,"date":"2026-04-22T09:04:40","date_gmt":"2026-04-22T06:04:40","guid":{"rendered":"https:\/\/analyse.optim.biz\/?p=1899672"},"modified":"2026-04-22T09:04:40","modified_gmt":"2026-04-22T06:04:40","slug":"partide-chemate-la-consultari-de-presedinte","status":"publish","type":"post","link":"https:\/\/analyse.optim.biz\/?p=1899672","title":{"rendered":"PARTIDE CHEMATE LA CONSULT\u0102RI DE PRE\u0218EDINTE"},"content":{"rendered":"<p>[analyse_image type=&#8221;featured&#8221; src=&#8221;https:\/\/newss.ro\/wp-content\/uploads\/2026\/04\/consultari-presedinte-partide.webp&#8221;]<\/p>\n<div class=\"td-post-content\">\n<div class=\"td-post-featured-image\"><a href=\"https:\/\/newss.ro\/wp-content\/uploads\/2026\/04\/consultari-presedinte-partide.webp\" data-caption><img loading=\"lazy\" decoding=\"async\" width=\"696\" height=\"464\" class=\"entry-thumb td-modal-image\" src=\"https:\/\/newss.ro\/wp-content\/uploads\/2026\/04\/consultari-presedinte-partide-696x464.webp\" alt title=\"consultari presedinte partide\"><\/a><\/div>\n<p>Pre\u0219edintele Rom\u00e2niei, Nicu\u0219or Dan, a convocat miercuri, 22 aprilie 2026, la Palatul Cotroceni, consult\u0103ri cu liderii partidelor \u0219i forma\u021biunilor politice parlamentare.<\/p>\n<p>Potrivit Administra\u021biei Preziden\u021biale, consult\u0103rile vor avea loc dup\u0103 urm\u0103torul program:<\/p>\n<p>-ora 09:00 \u2013 Partidul Social Democrat (PSD);<\/p>\n<p>-ora 10:30 \u2013 Partidul Na\u021bional Liberal (PNL);<\/p>\n<p>-ora 15:00 \u2013 Uniunea Democrat\u0103 Maghiar\u0103 din Rom\u00e2nia (UDMR);<\/p>\n<p>-ora 16:30 \u2013 Grupul Parlamentar al Minorit\u0103\u021bilor Na\u021bionale;<\/p>\n<p>-ora 18:30 \u2013 Uniunea Salva\u021bi Rom\u00e2nia (USR).<\/p>\n<p>\u0218eful statului \u00eei prime\u0219te pe liderii politici dup\u0103 ce PSD \u0219i-a retras sprijinul pentru premierul Ilie Bolojan \u0219i a anun\u021bat retragerea celor \u0219ase mini\u0219tri din cabinet, l\u0103s\u00e2nd coali\u021bia f\u0103r\u0103 majoritate parlamentar\u0103 \u0219i deschiz\u00e2nd oficial o criz\u0103 politic\u0103.<\/p>\n<p>\u00a0<\/p>\n<\/div>\n<div class=\"td-post-content\">\n<div class=\"td-post-featured-image\"><a href=\"https:\/\/newss.ro\/wp-content\/uploads\/2026\/04\/consultari-presedinte-partide.webp\" data-caption><img loading=\"lazy\" decoding=\"async\" width=\"696\" height=\"464\" class=\"entry-thumb td-modal-image\" src=\"https:\/\/newss.ro\/wp-content\/uploads\/2026\/04\/consultari-presedinte-partide-696x464.webp\" alt title=\"consultari presedinte partide\"><\/a><\/div>\n<p>Pre\u0219edintele Rom\u00e2niei, Nicu\u0219or Dan, a convocat miercuri, 22 aprilie 2026, la Palatul Cotroceni, consult\u0103ri cu liderii partidelor \u0219i forma\u021biunilor politice parlamentare.<\/p>\n<p>Potrivit Administra\u021biei Preziden\u021biale, consult\u0103rile vor avea loc dup\u0103 urm\u0103torul program:<\/p>\n<p>-ora 09:00 \u2013 Partidul Social Democrat (PSD);<\/p>\n<p>-ora 10:30 \u2013 Partidul Na\u021bional Liberal (PNL);<\/p>\n<p>-ora 15:00 \u2013 Uniunea Democrat\u0103 Maghiar\u0103 din Rom\u00e2nia (UDMR);<\/p>\n<p>-ora 16:30 \u2013 Grupul Parlamentar al Minorit\u0103\u021bilor Na\u021bionale;<\/p>\n<p>-ora 18:30 \u2013 Uniunea Salva\u021bi Rom\u00e2nia (USR).<\/p>\n<p>\u0218eful statului \u00eei prime\u0219te pe liderii politici dup\u0103 ce PSD \u0219i-a retras sprijinul pentru premierul Ilie Bolojan \u0219i a anun\u021bat retragerea celor \u0219ase mini\u0219tri din cabinet, l\u0103s\u00e2nd coali\u021bia f\u0103r\u0103 majoritate parlamentar\u0103 \u0219i deschiz\u00e2nd oficial o criz\u0103 politic\u0103.<\/p>\n<p>\u00a0<\/p>\n<\/div>\n<p>[analyse_source url=&#8221;https:\/\/newss.ro\/2026\/04\/22\/partide-chemate-la-consultari-de-presedinte\/&#8221;]<\/p>\n","protected":false},"excerpt":{"rendered":"<p>[analyse_image type=&#8221;featured&#8221; src=&#8221;https:\/\/newss.ro\/wp-content\/uploads\/2026\/04\/consultari-presedinte-partide.webp&#8221;] Pre\u0219edintele Rom\u00e2niei, Nicu\u0219or Dan, a convocat miercuri, 22 aprilie 2026, la Palatul Cotroceni, consult\u0103ri cu liderii partidelor \u0219i forma\u021biunilor politice parlamentare. Potrivit Administra\u021biei Preziden\u021biale, consult\u0103rile vor avea loc dup\u0103 urm\u0103torul program: -ora 09:00 \u2013 Partidul Social Democrat (PSD); -ora 10:30 \u2013 Partidul Na\u021bional Liberal (PNL); -ora 15:00 \u2013 Uniunea Democrat\u0103 Maghiar\u0103 din [&hellip;]<\/p>\n","protected":false},"author":1,"featured_media":0,"comment_status":"open","ping_status":"","sticky":false,"template":"","format":"standard","meta":{"footnotes":""},"categories":[2],"tags":[226,73],"class_list":["post-1899672","post","type-post","status-publish","format-standard","hentry","category-politics","tag-crawlmanager","tag-newss-ro"],"_links":{"self":[{"href":"https:\/\/analyse.optim.biz\/index.php?rest_route=\/wp\/v2\/posts\/1899672","targetHints":{"allow":["GET"]}}],"collection":[{"href":"https:\/\/analyse.optim.biz\/index.php?rest_route=\/wp\/v2\/posts"}],"about":[{"href":"https:\/\/analyse.optim.biz\/index.php?rest_route=\/wp\/v2\/types\/post"}],"author":[{"embeddable":true,"href":"https:\/\/analyse.optim.biz\/index.php?rest_route=\/wp\/v2\/users\/1"}],"replies":[{"embeddable":true,"href":"https:\/\/analyse.optim.biz\/index.php?rest_route=%2Fwp%2Fv2%2Fcomments&post=1899672"}],"version-history":[{"count":0,"href":"https:\/\/analyse.optim.biz\/index.php?rest_route=\/wp\/v2\/posts\/1899672\/revisions"}],"wp:attachment":[{"href":"https:\/\/analyse.optim.biz\/index.php?rest_route=%2Fwp%2Fv2%2Fmedia&parent=1899672"}],"wp:term":[{"taxonomy":"category","embeddable":true,"href":"https:\/\/analyse.optim.biz\/index.php?rest_route=%2Fwp%2Fv2%2Fcategories&post=1899672"},{"taxonomy":"post_tag","embeddable":true,"href":"https:\/\/analyse.optim.biz\/index.php?rest_route=%2Fwp%2Fv2%2Ftags&post=1899672"}],"curies":[{"name":"wp","href":"https:\/\/api.w.org\/{rel}","templated":true}]}}