{"id":1899668,"date":"2026-04-21T08:58:53","date_gmt":"2026-04-21T05:58:53","guid":{"rendered":"https:\/\/analyse.optim.biz\/?p=1899668"},"modified":"2026-04-21T08:58:53","modified_gmt":"2026-04-21T05:58:53","slug":"romania-oficial-in-criza-politica","status":"publish","type":"post","link":"https:\/\/analyse.optim.biz\/?p=1899668","title":{"rendered":"ROM\u00c2NIA, OFICIAL \u00ceN CRIZ\u0102 POLITIC\u0102"},"content":{"rendered":"<p>[analyse_image type=&#8221;featured&#8221; src=&#8221;https:\/\/newss.ro\/wp-content\/uploads\/2026\/04\/vor-PSD-retragere.jpg&#8221;]<\/p>\n<div class=\"td-post-content\">\n<div class=\"td-post-featured-image\"><a href=\"https:\/\/newss.ro\/wp-content\/uploads\/2026\/04\/vor-PSD-retragere.jpg\" data-caption><img loading=\"lazy\" decoding=\"async\" width=\"696\" height=\"411\" class=\"entry-thumb td-modal-image\" src=\"https:\/\/newss.ro\/wp-content\/uploads\/2026\/04\/vor-PSD-retragere-696x411.jpg\" alt title=\"vor PSD retragere\"><\/a><\/div>\n<p>Rom\u00e2nia a intrat oficial \u00eentr-o criz\u0103 politic\u0103 al c\u0103rei final este neclar.<\/p>\n<p>Partidul Social Democrat a votat asear\u0103, \u00een propor\u021bie cov\u00e2r\u0219itoare, pentru ie\u0219irea din Guvernul Ilie Bolojan. 97,7% dintre cei aproximativ 5.000 de delega\u021bi din toat\u0103 \u021bara au votat \u201dpentru\u201d \u0219i doar 2,3% \u201d\u00eempotriv\u0103\u201d.<\/p>\n<p>PSD a\u0219teapt\u0103 \u00een acest moment demisia premierului Ilie Bolojan, care a spus \u00een repetate r\u00e2nduri c\u0103 nu va demisiona. \u00cen aceast\u0103 situa\u021bie, urm\u0103torul pas al social-democra\u021bilor va fi retragerea mini\u015ftrilor s\u0103i de guvern. Astfel, actualul Executiv \u00ee\u015fi schimb\u0103 structura \u015fi r\u0103m\u00e2ne interimar timp de 45 de zile, interval \u00een care este a\u015fteptat\u0103 \u015fi o mo\u0163iune de cenzur\u0103, \u00een Parlament.<\/p>\n<p>Ilie Bolojan \u00eei are de partea sa pe cei de la USR \u0219i UDMR, care au anun\u021bat c\u0103 mini\u0219trii lor nu se vor retrage din Guvern \u0219i, mai mult, parlamentarii acestor partide nu vor vota o mo\u021biune de cenzur\u0103 \u00eempotriva actualului Executiv.<\/p>\n<p>Chiar \u0219i cu mini\u0219trii PSD retra\u0219i, Guvernul nu devine unul minoritar, ci va continua s\u0103 func\u021bioneze ca unul cu puteri depline. Dup\u0103 eventuala demisie a mini\u0219trilor PSD, premierul va numi mini\u0219tri interimari, care pot r\u0103m\u00e2ne \u00een func\u021bie cel mult 45 de zile.<\/p>\n<p>Pre\u0219edintele Nicu\u0219or Dan are un rol decisiv, cel pu\u021bin procedural, at\u00e2t \u00een situa\u021bia \u00een care mini\u0219trii PSD demisioneaz\u0103, c\u00e2t \u0219i \u00een momentul \u00een care Ilie Bolojan va propune \u00eenlocuitori pentru ace\u0219tia.<\/p>\n<p>Constitu\u021bia precizeaz\u0103 c\u0103 pre\u0219edintele revoc\u0103 \u0219i nume\u0219te, la propunerea primului-ministru, pe unii membri ai Guvernului. Asta \u00eenseamn\u0103 c\u0103 pentru a se lua act \u00een mod oficial de demisiile social-democra\u021bilor, e nevoie de decretul semnat de Nicu\u0219or Dan.<\/p>\n<\/div>\n<div class=\"td-post-content\">\n<div class=\"td-post-featured-image\"><a href=\"https:\/\/newss.ro\/wp-content\/uploads\/2026\/04\/vor-PSD-retragere.jpg\" data-caption><img loading=\"lazy\" decoding=\"async\" width=\"696\" height=\"411\" class=\"entry-thumb td-modal-image\" src=\"https:\/\/newss.ro\/wp-content\/uploads\/2026\/04\/vor-PSD-retragere-696x411.jpg\" alt title=\"vor PSD retragere\"><\/a><\/div>\n<p>Rom\u00e2nia a intrat oficial \u00eentr-o criz\u0103 politic\u0103 al c\u0103rei final este neclar.<\/p>\n<p>Partidul Social Democrat a votat asear\u0103, \u00een propor\u021bie cov\u00e2r\u0219itoare, pentru ie\u0219irea din Guvernul Ilie Bolojan. 97,7% dintre cei aproximativ 5.000 de delega\u021bi din toat\u0103 \u021bara au votat \u201dpentru\u201d \u0219i doar 2,3% \u201d\u00eempotriv\u0103\u201d.<\/p>\n<p>PSD a\u0219teapt\u0103 \u00een acest moment demisia premierului Ilie Bolojan, care a spus \u00een repetate r\u00e2nduri c\u0103 nu va demisiona. \u00cen aceast\u0103 situa\u021bie, urm\u0103torul pas al social-democra\u021bilor va fi retragerea mini\u015ftrilor s\u0103i de guvern. Astfel, actualul Executiv \u00ee\u015fi schimb\u0103 structura \u015fi r\u0103m\u00e2ne interimar timp de 45 de zile, interval \u00een care este a\u015fteptat\u0103 \u015fi o mo\u0163iune de cenzur\u0103, \u00een Parlament.<\/p>\n<p>Ilie Bolojan \u00eei are de partea sa pe cei de la USR \u0219i UDMR, care au anun\u021bat c\u0103 mini\u0219trii lor nu se vor retrage din Guvern \u0219i, mai mult, parlamentarii acestor partide nu vor vota o mo\u021biune de cenzur\u0103 \u00eempotriva actualului Executiv.<\/p>\n<p>Chiar \u0219i cu mini\u0219trii PSD retra\u0219i, Guvernul nu devine unul minoritar, ci va continua s\u0103 func\u021bioneze ca unul cu puteri depline. Dup\u0103 eventuala demisie a mini\u0219trilor PSD, premierul va numi mini\u0219tri interimari, care pot r\u0103m\u00e2ne \u00een func\u021bie cel mult 45 de zile.<\/p>\n<p>Pre\u0219edintele Nicu\u0219or Dan are un rol decisiv, cel pu\u021bin procedural, at\u00e2t \u00een situa\u021bia \u00een care mini\u0219trii PSD demisioneaz\u0103, c\u00e2t \u0219i \u00een momentul \u00een care Ilie Bolojan va propune \u00eenlocuitori pentru ace\u0219tia.<\/p>\n<p>Constitu\u021bia precizeaz\u0103 c\u0103 pre\u0219edintele revoc\u0103 \u0219i nume\u0219te, la propunerea primului-ministru, pe unii membri ai Guvernului. Asta \u00eenseamn\u0103 c\u0103 pentru a se lua act \u00een mod oficial de demisiile social-democra\u021bilor, e nevoie de decretul semnat de Nicu\u0219or Dan.<\/p>\n<\/div>\n<p>[analyse_source url=&#8221;https:\/\/newss.ro\/2026\/04\/21\/romania-oficial-in-criza-politica\/&#8221;]<\/p>\n","protected":false},"excerpt":{"rendered":"<p>[analyse_image type=&#8221;featured&#8221; src=&#8221;https:\/\/newss.ro\/wp-content\/uploads\/2026\/04\/vor-PSD-retragere.jpg&#8221;] Rom\u00e2nia a intrat oficial \u00eentr-o criz\u0103 politic\u0103 al c\u0103rei final este neclar. Partidul Social Democrat a votat asear\u0103, \u00een propor\u021bie cov\u00e2r\u0219itoare, pentru ie\u0219irea din Guvernul Ilie Bolojan. 97,7% dintre cei aproximativ 5.000 de delega\u021bi din toat\u0103 \u021bara au votat \u201dpentru\u201d \u0219i doar 2,3% \u201d\u00eempotriv\u0103\u201d. PSD a\u0219teapt\u0103 \u00een acest moment demisia premierului Ilie [&hellip;]<\/p>\n","protected":false},"author":1,"featured_media":0,"comment_status":"open","ping_status":"","sticky":false,"template":"","format":"standard","meta":{"footnotes":""},"categories":[2],"tags":[226,73],"class_list":["post-1899668","post","type-post","status-publish","format-standard","hentry","category-politics","tag-crawlmanager","tag-newss-ro"],"_links":{"self":[{"href":"https:\/\/analyse.optim.biz\/index.php?rest_route=\/wp\/v2\/posts\/1899668","targetHints":{"allow":["GET"]}}],"collection":[{"href":"https:\/\/analyse.optim.biz\/index.php?rest_route=\/wp\/v2\/posts"}],"about":[{"href":"https:\/\/analyse.optim.biz\/index.php?rest_route=\/wp\/v2\/types\/post"}],"author":[{"embeddable":true,"href":"https:\/\/analyse.optim.biz\/index.php?rest_route=\/wp\/v2\/users\/1"}],"replies":[{"embeddable":true,"href":"https:\/\/analyse.optim.biz\/index.php?rest_route=%2Fwp%2Fv2%2Fcomments&post=1899668"}],"version-history":[{"count":0,"href":"https:\/\/analyse.optim.biz\/index.php?rest_route=\/wp\/v2\/posts\/1899668\/revisions"}],"wp:attachment":[{"href":"https:\/\/analyse.optim.biz\/index.php?rest_route=%2Fwp%2Fv2%2Fmedia&parent=1899668"}],"wp:term":[{"taxonomy":"category","embeddable":true,"href":"https:\/\/analyse.optim.biz\/index.php?rest_route=%2Fwp%2Fv2%2Fcategories&post=1899668"},{"taxonomy":"post_tag","embeddable":true,"href":"https:\/\/analyse.optim.biz\/index.php?rest_route=%2Fwp%2Fv2%2Ftags&post=1899668"}],"curies":[{"name":"wp","href":"https:\/\/api.w.org\/{rel}","templated":true}]}}