{"id":1899421,"date":"2026-04-23T16:56:00","date_gmt":"2026-04-23T13:56:00","guid":{"rendered":"https:\/\/analyse.optim.biz\/?p=1899421"},"modified":"2026-04-23T16:56:00","modified_gmt":"2026-04-23T13:56:00","slug":"de-ce-autoritatile-de-la-teheran-ar-fi-decis-sa-nu-publice-nici-o-imagine-cu-mojtaba-khamenei","status":"publish","type":"post","link":"https:\/\/analyse.optim.biz\/?p=1899421","title":{"rendered":"De ce autorit\u0103\u021bile de la Teheran ar fi decis s\u0103 nu publice nici o imagine cu Mojtaba Khamenei"},"content":{"rendered":"<p>[analyse_image type=&#8221;featured&#8221; src=&#8221;https:\/\/www.activenews.ro\/images\/articole\/204612.webp&#8221;]<\/p>\n<div class=\"articleBody\" data-key=\"articleBody\">&lt;div&gt;&lt;span style=&#8221;font-weight: bold;&#8221;&gt;Un membru al parlamentului de la Teheran a declarat c\u0103 autorit\u0103\u021bile au decis s\u0103 nu publice nicio imagine sau orice material nou legat de Mojtaba Khamenei, invoc\u00e2nd \u00eengrijor\u0103ri cu privire la \u201e\u0219tiin\u021bele oculte\u201d \u0219i metodele neconven\u021bionale care ar putea fi folosite \u00eempotriva sa, informeaz\u0103 &lt;a href=&#8221;http:\/\/www.iranintl.com\/en\/liveblog\/202604194357&#8243;&gt;IranInsight.&lt;\/a&gt;&lt;\/span&gt;&lt;\/div&gt; &lt;div&gt;&lt;br \/&gt; &lt;\/div&gt; &lt;div&gt;\u201ePe baza opiniei cercet\u0103torilor din Najaf, Qom \u0219i Mashhad \u0219i a deciziei oficialilor de securitate, deocamdat\u0103 nu vor fi publicate imagini sau materiale noi cu el, astfel \u00eenc\u00e2t inamicii s\u0103 nu-l poat\u0103 r\u0103ni prin anumite metode \u0219i \u0219tiin\u021be oculte\u201d, a declarat Salar Velayatmadar, membru al Comisiei Na\u021bionale de Securitate, sus\u021bin\u00e2nd c\u0103 astfel de \u0219tiin\u021be \u0219i metode sunt studiate \u00een institu\u021bii, inclusiv \u00een cele din Tel Aviv.&lt;\/div&gt; &lt;div&gt;&nbsp;&lt;\/div&gt; &lt;div&gt;&nbsp;&lt;span style=&#8221;font-weight: bold;&#8221;&gt;Era con\u0219tient \u0219i spunea rug\u0103ciuni c\u00e2nd a fost scos de sub d\u0103r\u00e2m\u0103turi&lt;\/span&gt;&lt;\/div&gt; &lt;div&gt;&lt;br \/&gt; &lt;\/div&gt; &lt;div&gt;R\u0103spunz\u00e2nd la o \u00eentrebare despre starea de s\u0103n\u0103tate a lui Mojtaba Khamenei, acesta a spus c\u0103 ayatollahul Khamenei era con\u0219tient \u0219i spunea rug\u0103ciuni c\u00e2nd a fost scos de sub d\u0103r\u00e2m\u0103turi, \u00een urma atacului din 28 februarie asupra complexului&nbsp; din centrul Teheranului.&nbsp; Salar Velayatmadar a citat un raport adresat comisiei de c\u0103tre un membru al G\u0103rzilor Revolu\u021bionare iraniene prezent la fa\u021ba locului.&lt;\/div&gt; &lt;div&gt;&lt;br \/&gt; &lt;\/div&gt; &lt;div&gt;\u201eR\u0103nile sale au fost superficiale\u201d, a spus Velayatmadar, ad\u0103ug\u00e2nd c\u0103 medicul curant a confirmat c\u0103 nu a suferit fracturi \u0219i nicio v\u0103t\u0103mare.&lt;\/div&gt; &lt;div&gt;&lt;br \/&gt; &lt;\/div&gt; &lt;div&gt;Publica\u021bia american\u0103 The New York Times dezv\u0103luie, \u00eentr-un material numit &#8220;o nou\u0103 er\u0103 \u0219i o nou\u0103 conducere: generalii care conduc Iranul&#8221;, starea de s\u0103n\u0103tate a liderului iranian. Jurnali\u0219tii spun c\u0103 uciderea ayatollahului Ali Khamenei a inaugurat o nou\u0103 form\u0103 de conducere colectiv\u0103 \u00een \u021bar\u0103, cu mai mult\u0103 putere pentru G\u0103rzile Revolu\u021bionare.&lt;\/div&gt; &lt;div&gt;&lt;br \/&gt; &lt;\/div&gt; &lt;div&gt;\u201eDe\u0219i Mojtaba Khamenei a fost grav r\u0103nit, este ager mintal \u0219i activ, potrivit a patru oficiali iranieni de rang \u00eenalt, familiariza\u021bi cu starea sa de s\u0103n\u0103tate.&lt;\/div&gt; &lt;div&gt;&lt;br \/&gt; &lt;\/div&gt; &lt;div&gt;Un picior a fost operat de trei ori \u0219i a\u0219teapt\u0103 o protez\u0103.&lt;\/div&gt; &lt;div&gt;&lt;br \/&gt; &lt;\/div&gt; &lt;div&gt;A fost operat la o m\u00e2n\u0103 \u0219i \u00ee\u0219i recap\u0103t\u0103 treptat func\u021bionalitatea.&lt;\/div&gt; &lt;div&gt;&lt;br \/&gt; &lt;\/div&gt; &lt;div&gt;Fa\u021ba \u0219i buzele i-au fost grav arse, ceea ce \u00eei \u00eengreuneaz\u0103 vorbirea, au declarat oficialii pentru NYTimes, ad\u0103ug\u00e2nd c\u0103, \u00een cele din urm\u0103, va avea nevoie de o interven\u021bie chirurgical\u0103 plastic\u0103.&lt;\/div&gt; &lt;div&gt;&lt;br \/&gt; &lt;\/div&gt; &lt;div&gt;\u201eMojtaba conduce \u021bara ca \u0219i cum ar fi directorul consiliului de administra\u021bie\u201d, a declarat Abdolreza Davari, un politician care a fost consilier principal al lui Mahmoud Ahmadinejad pe vremea c\u00e2nd acesta era pre\u0219edinte \u0219i care \u00eel cunoa\u0219te pe Khamenei.&lt;\/div&gt; &lt;div&gt;&lt;br \/&gt; &lt;\/div&gt; &lt;div&gt;&lt;span style=&#8221;font-weight: bold;&#8221;&gt;Cum comunic\u0103 Mojtaba Khamenei&lt;\/span&gt;&lt;\/div&gt; &lt;div&gt;&lt;br \/&gt; &lt;\/div&gt; &lt;div&gt;Oficialii au declarat c\u0103 Mojtaba Khamenei nu a \u00eenregistrat niciun mesaj video sau audio, deoarece nu dore\u0219te s\u0103 par\u0103 vulnerabil sau slab \u00een prima sa alocu\u021biune public\u0103. El a emis mai multe declara\u021bii scrise care au fost postate online \u0219i citite la televiziunea de stat.&lt;\/div&gt; &lt;div&gt;&lt;br \/&gt; &lt;\/div&gt; &lt;div&gt;Mesajele c\u0103tre el sunt scrise de m\u00e2n\u0103, sigilate \u00een plicuri \u0219i transmise printr-un lan\u021b uman de la un curier de \u00eencredere la altul, care c\u0103l\u0103toresc pe autostr\u0103zi \u0219i drumuri secundare, cu ma\u0219ini \u0219i motociclete p\u00e2n\u0103 ajung la ascunz\u0103toarea lui. \u00cendrum\u0103rile sale cu privire la probleme se \u00eentorc pe aceea\u0219i cale.&lt;\/div&gt;<\/div>\n<p>[analyse_source url=&#8221;https:\/\/www.activenews.ro\/stiri\/De-ce-autoritatile-de-la-Teheran-ar-fi-decis-sa-nu-publice-nici-o-imagine-cu-Mojtaba-Khamenei-204612&#8243;]<\/p>\n","protected":false},"excerpt":{"rendered":"<p>[analyse_image type=&#8221;featured&#8221; src=&#8221;https:\/\/www.activenews.ro\/images\/articole\/204612.webp&#8221;] &lt;div&gt;&lt;span style=&#8221;font-weight: bold;&#8221;&gt;Un membru al parlamentului de la Teheran a declarat c\u0103 autorit\u0103\u021bile au decis s\u0103 nu publice nicio imagine sau orice material nou legat de Mojtaba Khamenei, invoc\u00e2nd \u00eengrijor\u0103ri cu privire la \u201e\u0219tiin\u021bele oculte\u201d \u0219i metodele neconven\u021bionale care ar putea fi folosite \u00eempotriva sa, informeaz\u0103 &lt;a href=&#8221;http:\/\/www.iranintl.com\/en\/liveblog\/202604194357&#8243;&gt;IranInsight.&lt;\/a&gt;&lt;\/span&gt;&lt;\/div&gt; &lt;div&gt;&lt;br \/&gt; &lt;\/div&gt; &lt;div&gt;\u201ePe [&hellip;]<\/p>\n","protected":false},"author":1,"featured_media":0,"comment_status":"open","ping_status":"","sticky":false,"template":"","format":"standard","meta":{"footnotes":""},"categories":[89],"tags":[98,226],"class_list":["post-1899421","post","type-post","status-publish","format-standard","hentry","category-romania","tag-activenews-ro","tag-crawlmanager"],"_links":{"self":[{"href":"https:\/\/analyse.optim.biz\/index.php?rest_route=\/wp\/v2\/posts\/1899421","targetHints":{"allow":["GET"]}}],"collection":[{"href":"https:\/\/analyse.optim.biz\/index.php?rest_route=\/wp\/v2\/posts"}],"about":[{"href":"https:\/\/analyse.optim.biz\/index.php?rest_route=\/wp\/v2\/types\/post"}],"author":[{"embeddable":true,"href":"https:\/\/analyse.optim.biz\/index.php?rest_route=\/wp\/v2\/users\/1"}],"replies":[{"embeddable":true,"href":"https:\/\/analyse.optim.biz\/index.php?rest_route=%2Fwp%2Fv2%2Fcomments&post=1899421"}],"version-history":[{"count":0,"href":"https:\/\/analyse.optim.biz\/index.php?rest_route=\/wp\/v2\/posts\/1899421\/revisions"}],"wp:attachment":[{"href":"https:\/\/analyse.optim.biz\/index.php?rest_route=%2Fwp%2Fv2%2Fmedia&parent=1899421"}],"wp:term":[{"taxonomy":"category","embeddable":true,"href":"https:\/\/analyse.optim.biz\/index.php?rest_route=%2Fwp%2Fv2%2Fcategories&post=1899421"},{"taxonomy":"post_tag","embeddable":true,"href":"https:\/\/analyse.optim.biz\/index.php?rest_route=%2Fwp%2Fv2%2Ftags&post=1899421"}],"curies":[{"name":"wp","href":"https:\/\/api.w.org\/{rel}","templated":true}]}}