{"id":1899416,"date":"2026-04-23T12:55:29","date_gmt":"2026-04-23T09:55:29","guid":{"rendered":"https:\/\/analyse.optim.biz\/?p=1899416"},"modified":"2026-04-23T12:55:29","modified_gmt":"2026-04-23T09:55:29","slug":"ministrii-psd-si-au-depus-demisiile-la-guvern-usr-primeste-doar-un-minister-interimar","status":"publish","type":"post","link":"https:\/\/analyse.optim.biz\/?p=1899416","title":{"rendered":"Mini\u0219trii PSD \u0219i-au depus demisiile la Guvern\/ USR prime\u0219te doar un minister interimar"},"content":{"rendered":"<p>[analyse_image type=&#8221;featured&#8221; src=&#8221;https:\/\/ziardesuceava.ro\/wp-content\/uploads\/2026\/04\/78417-1024&#215;683.jpg&#8221;]<\/p>\n<div class=\"post-content clearfix\">\n<div class=\"blog-post-thumb\"><img loading=\"lazy\" decoding=\"async\" width=\"1140\" height=\"694\" src=\"https:\/\/ziardesuceava.ro\/wp-content\/uploads\/2026\/04\/78417-1140x694.jpg\" class=\"attachment-inhype-blog-thumb size-inhype-blog-thumb wp-post-image\" alt><\/div>\n<div class=\"entry-content\">\n<p>Cei \u0219ase mini\u0219tri PSD din Guvern, al\u0103turi de vicepremierul Marian Neac\u0219u \u0219i secretarul general al Executivului, Radu Oprea, sunt a\u0219tepta\u021bi joi s\u0103 \u00ee\u0219i prezinte demisiile din func\u021bii.<\/p>\n<div>\n<p><span>UPDATE<\/span><\/p>\n<p>Premierul Ilie Bolojan a sus\u021binut declara\u021bii de pres\u0103 dup\u0103 demisia mini\u0219trilor PSD \u0219i a anun\u021bat cine preia interimar portofoliile l\u0103sate libere, dup\u0103 ce a luat act de demisii.<\/p>\n<p>Astfel, mini\u0219trii interimar sunt:<\/p>\n<p>Ilie Bolojan preia Ministerul Energiei;<\/p>\n<p>Drago\u0219 P\u00eeslaru (actual ministru al Fondurilor Europene) \u2013 ministru interimar al Muncii;<\/p>\n<p>Cseke Attila (actual ministru al Dezvolt\u0103rii) \u2013 ministru interimar al S\u0103n\u0103t\u0103\u021bii;<\/p>\n<p>Tanczos Barna (actual vicepremier) \u2013 ministru interimar al Agriculturii;<\/p>\n<p>C\u0103t\u0103lin Predoiu (actual ministru de Interne) \u2013 ministru interimar al Justi\u021biei;<\/p>\n<p>Radu Miru\u021b\u0103 (actual ministru al Ap\u0103r\u0103rii) \u2013 ministru interimar al Transporturilor.<\/p>\n<p>Oana Gheorghiu, actual vicepremier, preia \u0219i atribu\u021biile fostului vicepremier Marian Neac\u0219u.<\/p>\n<p>\u201cSe cuvine s\u0103 le mul\u021bumesc pentru colaborarea pe care am avut-o \u00een aceste 10 luni, pentru c\u0103 toate lucrurile realizate, cele bune \u0219i poate cele care nu au fost at\u00e2t de reu\u0219ite sunt un rezultat de echip\u0103. Fiecare ministru, secretar de stat, director \u0219i fiecare coleg din ministere \u0219i-a adus contribu\u021bia la aceste rezultate. Av\u00e2nd \u00een vedere c\u0103 Guvernul trebuie s\u0103 lucreze f\u0103r\u0103 sincope (\u2026), vom trimite pre\u0219edintelui propunerile pentru a \u00eenlocui mini\u0219trii care \u0219i-au dat demisiile\u201d, a spus Ilie Bolojan.<\/p>\n<iframe loading=\"lazy\" src=\"https:\/\/www.facebook.com\/plugins\/video.php?height=314&amp;href=https%3A%2F%2Fwww.facebook.com%2Fguv.ro%2Fvideos%2F1483365890148266%2F&amp;show_text=false&amp;width=560&amp;t=0\" width=\"560\" height=\"314\" scrolling=\"no\" frameborder allowfullscreen=\"true\" allow=\"autoplay; clipboard-write; encrypted-media; picture-in-picture; web-share\"><\/iframe>\n<p>+++<\/p>\n<p>\u00centr-un comunicat de pres\u0103, PSD a transmis c\u0103 demisiile mini\u0219trilor social-democra\u021bi reprezint\u0103 actul politic prin care a fost formalizat\u0103 decizia partidului de a retrage sprijinul politic prim-ministrului Ilie\u00a0Bolojan.\u200b<\/p>\n<p>\u201cDin acest moment, premierul nu mai are sprijinul unei majorit\u0103\u021bi parlamentare, ceea ce \u00eenseamn\u0103 c\u0103 nu mai are legitimitatea democratic\u0103 de a exercita func\u021bia de conducere a Guvernului Rom\u00e2niei. Potrivit Constitu\u021biei, niciun grup \u0219i nicio persoan\u0103 nu pot exercita suveranitatea na\u021bional\u0103 \u00een nume propriu, contrar voin\u021bei parlamentare majoritare, rezultate \u00een urma alegerilor libere \u0219i democratice\u201d, se arat\u0103 \u00een comunicat.<\/p>\n<p>Totodat\u0103, men\u021binerea \u00een fruntea unui Guvern nefunc\u021bional, lipsit de o majoritate parlamentar\u0103, constituie o abordare profund iresponsabil\u0103, cu implica\u021bii negative asupra economiei na\u021bionale., acuz\u0103 social-democra\u021bii.<\/p>\n<p>\u201cRetragerea mini\u0219trilor PSD nu reprezint\u0103 o abandonare a guvern\u0103rii, ci un act prin care este ini\u021biat\u0103 schimbarea cerut\u0103 de o larg\u0103 majoritate a cet\u0103\u021benilor rom\u00e2ni. Recesiunea, infla\u021bia, pr\u0103bu\u0219irea consumului \u0219i a produc\u021biei impun o astfel de schimbare! Ar fi fost iresponsabil s\u0103 continu\u0103m pe aceea\u0219i cale care s-a dovedit gre\u0219it\u0103, mai ales \u00een contextul geopolitic \u00een care ne afl\u0103m\u201d, potrivit sursei citate.<\/p>\n<p>PSD transmite c\u0103 este preg\u0103tit s\u0103 participe la formarea unui nou Guvern pro-european \u0219i s\u0103 sus\u021bin\u0103 un premier, politic sau tehnocrat, care s\u0103 fie receptiv la\u00a0problemele cet\u0103\u021benilor \u0219i care s\u0103 aib\u0103 capacitatea de a colabora cu partidele care \u00eei asigur\u0103 majoritatea parlamentar\u0103.\u200b<\/p>\n<p>\u201cP\u00e2n\u0103 la formarea unui nou Guvern, PSD va asigura sprijinul parlamentar pentru adoptarea actelor normative necesare \u00een derularea proiectelor cu finan\u021bare european\u0103.\u200b De asemenea, mini\u0219trii demisionari ai PSD \u00ee\u0219i vor \u00eendeplini atribu\u021biile guvernamentale, p\u00e2n\u0103 la finalizarea procedurilor legale, care se \u00eencheie prin publicarea \u00een Monitorul Oficial a decretului preziden\u021bial privind\u00a0vacantarea func\u021biilor. \u00cen aceast\u0103 perioad\u0103, mini\u0219trii PSD nu vor mai participa la \u0219edin\u021bele de Guvern,\u00a0dar \u00ee\u0219i vor delega reprezentarea c\u0103tre secretarii de stat desemna\u021bi de celelalte partide din Coali\u021bia de guvernare\u201d, se \u00eencheie comunicatul.<\/p>\n<p>+++<\/p>\n<p>Purt\u0103toarea de cuv\u00e2nt a Guvernului, Ioana Dogioiu, a declarat joi c\u0103 \u201cpremierul Ilie Bolojan a \u021binut s\u0103 le mul\u021bumeasc\u0103 mini\u0219trilor sus\u021binu\u021bi de PSD, care nu au fost prezen\u021bi la \u0219edin\u021b\u0103\u201d.<\/p>\n<p>\u201cA subliniat c\u0103 tot ceea ce s-a realizat \u00een cele 10 luni, cu bune, cu rele, a fost o munc\u0103 de echip\u0103 la care fiecare \u0219i-a adus contribu\u021bia \u0219i fiecare are partea lui de responsabilitate. Mul\u021bumiri speciale au fost adresate vicepremierului Marian Neac\u0219u pentru felul \u00een care a \u00een\u021beles s\u0103 colaboreze cu premierul \u0219i cu echipa guvernamental\u0103\u201d, a continuat Dogioiu.<\/p>\n<p>Marian Neac\u0219u a fost condamnat definitiv la \u0219ase luni \u00eenchisoare cu suspendare pentru s\u0103v\u00e2r\u0219irea infrac\u021biunii de conflict de interese, \u00een 2016, pentru c\u0103 \u0219i-a angajat nelegal fiica la biroul s\u0103u parlamentar.<\/p>\n<p>De asemenea, premierul a spus, potrivit Ioanei Dogioiu, c\u0103 din ministere \u0219i alte institu\u021bii din subordine vor fi p\u0103stra\u021bi oameni de la PSD exclusiv pe criterii de competen\u021b\u0103, restul urm\u00e2nd s\u0103 fie da\u021bi afar\u0103.<\/p>\n<p>+++<\/p>\n<p>Guvernul a publica imagini de la \u0219edin\u021ba de Guvern f\u0103r\u0103 mini\u0219trii PSD. \u00cen locul lor au fost trimi\u021bi secretari de stat.<\/p>\n<div class=\"embed-container\"><iframe loading=\"lazy\" title=\"04\/23\/26 Ilustra\u021bie de la \u0219edin\u021ba de guvern\" width=\"750\" height=\"422\" src=\"https:\/\/www.youtube.com\/embed\/Fl13dLsjUY8?feature=oembed\" frameborder allow=\"accelerometer; autoplay; clipboard-write; encrypted-media; gyroscope; picture-in-picture; web-share\" referrerpolicy=\"strict-origin-when-cross-origin\" allowfullscreen><\/iframe><\/div>\n<p>+++<\/p>\n<p>Cei \u0219ase mini\u0219tri sunt Radu Ivan, de la Energie, Ciprian \u0218erban, de la Transporturi, Florin Manole \u2013 Munc\u0103, Radu Marinescu \u2013 Justi\u021bie, Florin Barbu \u2013 Agricultur\u0103, Alexandru Rogobete \u2013 S\u0103n\u0103tate.<\/p>\n<p>Demisiile vor fi demise \u00een bloc la ora 14:00, potrivit unor surse politice.<\/p>\n<p>\u00centr-un clip video postat pe Facebook \u00eenaintea \u0219edin\u021bei de Guvern de joi, unde mini\u0219trii PSD nu au fost prezen\u021bi, ci au trimis secretari de stat, ministrul PNL a Finan\u021belor, Alexandru Nazare\u00a0 a transmis c\u0103 \u201cpremierul Rom\u00e2niei, un premier care a performat \u0219i performeaz\u0103, este Ilie Bolojan\u201d.<\/p>\n<p> El sper\u0103 c\u0103 PSD \u201cva lua decizia s\u0103 nu retrag\u0103 mini\u0219trii din Guvern\u201d, afirm\u00e2nd c\u0103 \u201co astfel de decizie ar atrage dup\u0103 sine cre\u0219terea costurilor de finan\u021bare, o \u00eengrijorare din partea institu\u021biilor financiare interna\u021bionale, inclusiv a agen\u021biilor de rating\u201d.<\/p>\n<iframe loading=\"lazy\" src=\"https:\/\/www.facebook.com\/plugins\/video.php?height=476&amp;href=https%3A%2F%2Fwww.facebook.com%2Freel%2F2190903354996978%2F&amp;show_text=false&amp;width=267&amp;t=0\" width=\"267\" height=\"476\" scrolling=\"no\" frameborder allowfullscreen=\"true\" allow=\"autoplay; clipboard-write; encrypted-media; picture-in-picture; web-share\"><\/iframe>\n<\/div>\n<\/div>\n<div class=\"inhype-social-share-fixed sidebar-position-right\">\n<div class=\"post-social-wrapper\">\n<div class=\"post-social-title\"><span class=\"post-social-title-text\">Share<\/span><\/div>\n<\/div>\n<\/div>\n<\/div>\n<p>[analyse_source url=&#8221;https:\/\/ziardesuceava.ro\/ministrii-psd-si-au-depus-demisiile-la-guvern-usr-primeste-doar-un-minister-interimar\/&#8221;]<\/p>\n","protected":false},"excerpt":{"rendered":"<p>[analyse_image type=&#8221;featured&#8221; src=&#8221;https:\/\/ziardesuceava.ro\/wp-content\/uploads\/2026\/04\/78417-1024&#215;683.jpg&#8221;] Cei \u0219ase mini\u0219tri PSD din Guvern, al\u0103turi de vicepremierul Marian Neac\u0219u \u0219i secretarul general al Executivului, Radu Oprea, sunt a\u0219tepta\u021bi joi s\u0103 \u00ee\u0219i prezinte demisiile din func\u021bii. UPDATE Premierul Ilie Bolojan a sus\u021binut declara\u021bii de pres\u0103 dup\u0103 demisia mini\u0219trilor PSD \u0219i a anun\u021bat cine preia interimar portofoliile l\u0103sate libere, dup\u0103 ce a [&hellip;]<\/p>\n","protected":false},"author":1,"featured_media":0,"comment_status":"open","ping_status":"","sticky":false,"template":"","format":"standard","meta":{"footnotes":""},"categories":[89],"tags":[226,171],"class_list":["post-1899416","post","type-post","status-publish","format-standard","hentry","category-romania","tag-crawlmanager","tag-ziardesuceava-ro"],"_links":{"self":[{"href":"https:\/\/analyse.optim.biz\/index.php?rest_route=\/wp\/v2\/posts\/1899416","targetHints":{"allow":["GET"]}}],"collection":[{"href":"https:\/\/analyse.optim.biz\/index.php?rest_route=\/wp\/v2\/posts"}],"about":[{"href":"https:\/\/analyse.optim.biz\/index.php?rest_route=\/wp\/v2\/types\/post"}],"author":[{"embeddable":true,"href":"https:\/\/analyse.optim.biz\/index.php?rest_route=\/wp\/v2\/users\/1"}],"replies":[{"embeddable":true,"href":"https:\/\/analyse.optim.biz\/index.php?rest_route=%2Fwp%2Fv2%2Fcomments&post=1899416"}],"version-history":[{"count":0,"href":"https:\/\/analyse.optim.biz\/index.php?rest_route=\/wp\/v2\/posts\/1899416\/revisions"}],"wp:attachment":[{"href":"https:\/\/analyse.optim.biz\/index.php?rest_route=%2Fwp%2Fv2%2Fmedia&parent=1899416"}],"wp:term":[{"taxonomy":"category","embeddable":true,"href":"https:\/\/analyse.optim.biz\/index.php?rest_route=%2Fwp%2Fv2%2Fcategories&post=1899416"},{"taxonomy":"post_tag","embeddable":true,"href":"https:\/\/analyse.optim.biz\/index.php?rest_route=%2Fwp%2Fv2%2Ftags&post=1899416"}],"curies":[{"name":"wp","href":"https:\/\/api.w.org\/{rel}","templated":true}]}}