{"id":1899410,"date":"2026-04-23T14:28:59","date_gmt":"2026-04-23T11:28:59","guid":{"rendered":"https:\/\/analyse.optim.biz\/?p=1899410"},"modified":"2026-04-23T14:28:59","modified_gmt":"2026-04-23T11:28:59","slug":"legea-wiesel-vexler-nu-se-ocupa-de-extremistii-unguri-din-transilvania-oare-de-ce-o-ancheta-nova-tv-video","status":"publish","type":"post","link":"https:\/\/analyse.optim.biz\/?p=1899410","title":{"rendered":"Legea Wiesel-Vexler nu se ocup\u0103 de extremi\u0219tii unguri din Transilvania. Oare de ce? O anchet\u0103 Nova TV &#8211; VIDEO"},"content":{"rendered":"<p>[analyse_image type=&#8221;featured&#8221; src=&#8221;https:\/\/www.activenews.ro\/images\/articole\/204608.jpg&#8221;]<\/p>\n<div class=\"articleBody\" data-key=\"articleBody\">&lt;div&gt;&lt;span style=&#8221;font-weight: bold;&#8221;&gt;Rom\u00e2nii din Transilvania au fost victime ale proiectului regimului hortyst privind purificarea etnic\u0103 sau maghiarizarea for\u021bat\u0103 \u00een vremea ocupa\u021biei hortyste. &lt;\/span&gt;&lt;\/div&gt; &lt;div&gt;&lt;span style=&#8221;font-weight: bold;&#8221;&gt;&nbsp;&lt;\/span&gt;&lt;\/div&gt; &lt;div&gt;&nbsp;&lt;\/div&gt; &lt;div&gt;Honvezii au creat lag\u0103re de munc\u0103 \u0219i de exterminare pe teritoriul Ardealului \u0219i al Ungariei, destinate rom\u00e2nilor, evreilor \u0219i slovacilor. Un episod ascuns sub pre\u0219 de regimurile care s-au perindat la Budapesta, de-a lungul anilor. Din p\u0103cate, acest subiect nu este analizat de ini\u021biatorii legii Vexler, fiind vorba despre manifest\u0103ri fasciste \u0219i naziste \u00een timpul lui Horthy.&nbsp;&lt;\/div&gt; &lt;div&gt;&lt;br \/&gt; &lt;\/div&gt; &lt;div&gt;Institutul Elie Wisel refuz\u0103 s\u0103 studieze acest fenomen manifestat \u00een Transilvania, iar evreii de limb\u0103 maghiar\u0103 evit\u0103 subiectul. A\u0219a c\u0103 statuile lui Horthy \u0219i a altor criminali de r\u0103zboi unguri troneaz\u0103, f\u0103r\u0103 probleme \u00een tot Ardealul.&lt;\/div&gt; &lt;div&gt;&lt;br \/&gt; &lt;\/div&gt; &lt;div&gt;&lt;span style=&#8221;font-weight: bold;&#8221;&gt;Film realizat de NOUA TV, pe baza documentelor din acea vreme&lt;\/span&gt;&lt;\/div&gt; &lt;div&gt;&lt;span style=&#8221;font-weight: bold;&#8221;&gt;&lt;br \/&gt; &lt;\/span&gt;&lt;\/div&gt; &lt;div&gt;&lt;span style=&#8221;font-weight: bold;&#8221;&gt;Realizator: Costel Oprea&lt;\/span&gt;&lt;\/div&gt; &lt;div&gt;&lt;span style=&#8221;font-weight: bold;&#8221;&gt;&lt;br \/&gt; &lt;\/span&gt;&lt;\/div&gt; &lt;div&gt;&lt;span style=&#8221;font-weight: bold;&#8221;&gt;Montaj: Virginia Oprea&lt;\/span&gt;&lt;\/div&gt; &lt;div&gt;&lt;br \/&gt; &lt;\/div&gt; &lt;iframe width=&#8221;560&#8243; height=&#8221;315&#8243; src=&#8221;https:\/\/www.youtube.com\/embed\/UCMvx0L8Bpc?si=pU-EcpwZCpXqw8-v&#8221; title=&#8221;YouTube video player&#8221; frameborder=&#8221;0&#8243; allow=&#8221;accelerometer; autoplay; clipboard-write; encrypted-media; gyroscope; picture-in-picture; web-share&#8221; referrerpolicy=&#8221;strict-origin-when-cross-origin&#8221; allowfullscreen=&#8221;&#8221;&gt;&lt;\/iframe&gt; &lt;div&gt;&lt;br \/&gt; &lt;\/div&gt; &lt;div&gt;&lt;br \/&gt; &lt;\/div&gt;<\/div>\n<p>[analyse_source url=&#8221;https:\/\/www.activenews.ro\/stiri\/Legea-Wiesel-Vexler-nu-se-ocupa-de-extremistii-unguri-din-Transilvania.-Oare-de-ce-O-ancheta-Nova-TV-VIDEO-204608&#8243;]<\/p>\n","protected":false},"excerpt":{"rendered":"<p>[analyse_image type=&#8221;featured&#8221; src=&#8221;https:\/\/www.activenews.ro\/images\/articole\/204608.jpg&#8221;] &lt;div&gt;&lt;span style=&#8221;font-weight: bold;&#8221;&gt;Rom\u00e2nii din Transilvania au fost victime ale proiectului regimului hortyst privind purificarea etnic\u0103 sau maghiarizarea for\u021bat\u0103 \u00een vremea ocupa\u021biei hortyste. &lt;\/span&gt;&lt;\/div&gt; &lt;div&gt;&lt;span style=&#8221;font-weight: bold;&#8221;&gt;&nbsp;&lt;\/span&gt;&lt;\/div&gt; &lt;div&gt;&nbsp;&lt;\/div&gt; &lt;div&gt;Honvezii au creat lag\u0103re de munc\u0103 \u0219i de exterminare pe teritoriul Ardealului \u0219i al Ungariei, destinate rom\u00e2nilor, evreilor \u0219i slovacilor. Un episod ascuns sub pre\u0219 [&hellip;]<\/p>\n","protected":false},"author":1,"featured_media":0,"comment_status":"open","ping_status":"","sticky":false,"template":"","format":"standard","meta":{"footnotes":""},"categories":[89],"tags":[98,226],"class_list":["post-1899410","post","type-post","status-publish","format-standard","hentry","category-romania","tag-activenews-ro","tag-crawlmanager"],"_links":{"self":[{"href":"https:\/\/analyse.optim.biz\/index.php?rest_route=\/wp\/v2\/posts\/1899410","targetHints":{"allow":["GET"]}}],"collection":[{"href":"https:\/\/analyse.optim.biz\/index.php?rest_route=\/wp\/v2\/posts"}],"about":[{"href":"https:\/\/analyse.optim.biz\/index.php?rest_route=\/wp\/v2\/types\/post"}],"author":[{"embeddable":true,"href":"https:\/\/analyse.optim.biz\/index.php?rest_route=\/wp\/v2\/users\/1"}],"replies":[{"embeddable":true,"href":"https:\/\/analyse.optim.biz\/index.php?rest_route=%2Fwp%2Fv2%2Fcomments&post=1899410"}],"version-history":[{"count":0,"href":"https:\/\/analyse.optim.biz\/index.php?rest_route=\/wp\/v2\/posts\/1899410\/revisions"}],"wp:attachment":[{"href":"https:\/\/analyse.optim.biz\/index.php?rest_route=%2Fwp%2Fv2%2Fmedia&parent=1899410"}],"wp:term":[{"taxonomy":"category","embeddable":true,"href":"https:\/\/analyse.optim.biz\/index.php?rest_route=%2Fwp%2Fv2%2Fcategories&post=1899410"},{"taxonomy":"post_tag","embeddable":true,"href":"https:\/\/analyse.optim.biz\/index.php?rest_route=%2Fwp%2Fv2%2Ftags&post=1899410"}],"curies":[{"name":"wp","href":"https:\/\/api.w.org\/{rel}","templated":true}]}}