{"id":1899407,"date":"2026-04-23T10:53:27","date_gmt":"2026-04-23T07:53:27","guid":{"rendered":"https:\/\/analyse.optim.biz\/?p=1899407"},"modified":"2026-04-23T10:53:27","modified_gmt":"2026-04-23T07:53:27","slug":"legea-anti-femicid-promulgata-de-nicusor-dan","status":"publish","type":"post","link":"https:\/\/analyse.optim.biz\/?p=1899407","title":{"rendered":"Legea anti-femicid, promulgat\u0103 de Nicu\u0219or Dan"},"content":{"rendered":"<p>[analyse_image type=&#8221;featured&#8221; src=&#8221;https:\/\/ziardesuceava.ro\/wp-content\/uploads\/2026\/04\/78427-1024&#215;886.jpg&#8221;]<\/p>\n<div class=\"post-content clearfix\">\n<div class=\"blog-post-thumb\"><img loading=\"lazy\" decoding=\"async\" width=\"1117\" height=\"694\" src=\"https:\/\/ziardesuceava.ro\/wp-content\/uploads\/2026\/04\/78427-1117x694.jpg\" class=\"attachment-inhype-blog-thumb size-inhype-blog-thumb wp-post-image\" alt><\/div>\n<div class=\"entry-content\">\n<div>\n<p class=\"fara-orfani lead\">Pre\u0219edintele Nicu\u0219or Dan anun\u021b\u0103 miercuri ca a promulgat Legea pentru prevenirea \u0219i combaterea femicidului \u0219i a violen\u021belor care \u00eel preced.<\/p>\n<div class=\"continut-articol\">\n<p>\u201cViolen\u021ba \u00eempotriva femeilor este unul dintre cele mai \u00eenjositoare \u0219i degradante comportamente. Acest tip de agresiune a fost mult prea mult timp fie ignorat\u0103, fie insuficient abordat\u0103, cu consecin\u021be dramatice. De aceea, \u0219i ca un act de recunoa\u0219tere a unei realit\u0103\u021bi dureroase pe care avem obliga\u021bia s\u0103 o \u00eendrept\u0103m, este extrem de necesar\u0103 o lege care s\u0103 stabileasc\u0103 pedepse aspre \u0219i s\u0103 promoveze m\u0103suri de prevenire a femicidului \u0219i a violen\u021bei domestice\u201d, a scris pre\u0219edintele \u00eentr-un mesaj pe Facebook.<\/p>\n<p>El salut\u0103 ini\u021biativa parlamentarilor care \u201cau \u00een\u021beles gravitatea acestui fenomen \u0219i au realizat modific\u0103rile legislative care se impun\u201d.<\/p>\n<p>\u201cAceast\u0103 lege transform\u0103 angajamentul statului rom\u00e2n de a garanta siguran\u021ba femeilor \u0219i copiilor \u00eentr-un mecanism concret de preven\u021bie, oferind autorit\u0103\u021bilor instrumentele necesare pentru a interveni la timp, \u00eenainte ca violen\u021ba s\u0103 devin\u0103 o tragedie. Este un pas deosebit de important c\u0103tre con\u0219tientizarea cauzelor abuzurilor \u0219i violen\u021bei \u00eendreptate \u00eempotriva femeilor, dar \u0219i c\u0103tre o justi\u021bie mai eficient\u0103, mai uman\u0103, care nu doar sanc\u021bioneaz\u0103 dur agresorii, ci \u00een\u021belege \u0219i previne activ suferin\u021ba celor mai vulnerabili dintre noi\u201d, a continuat el.<\/p>\n<\/div>\n<\/div>\n<\/div>\n<div class=\"inhype-social-share-fixed sidebar-position-right\">\n<div class=\"post-social-wrapper\">\n<div class=\"post-social-title\"><span class=\"post-social-title-text\">Share<\/span><\/div>\n<\/div>\n<\/div>\n<\/div>\n<p>[analyse_source url=&#8221;https:\/\/ziardesuceava.ro\/legea-anti-femicid-promulgata-de-nicusor-dan\/&#8221;]<\/p>\n","protected":false},"excerpt":{"rendered":"<p>[analyse_image type=&#8221;featured&#8221; src=&#8221;https:\/\/ziardesuceava.ro\/wp-content\/uploads\/2026\/04\/78427-1024&#215;886.jpg&#8221;] Pre\u0219edintele Nicu\u0219or Dan anun\u021b\u0103 miercuri ca a promulgat Legea pentru prevenirea \u0219i combaterea femicidului \u0219i a violen\u021belor care \u00eel preced. \u201cViolen\u021ba \u00eempotriva femeilor este unul dintre cele mai \u00eenjositoare \u0219i degradante comportamente. Acest tip de agresiune a fost mult prea mult timp fie ignorat\u0103, fie insuficient abordat\u0103, cu consecin\u021be dramatice. De aceea, [&hellip;]<\/p>\n","protected":false},"author":1,"featured_media":0,"comment_status":"open","ping_status":"","sticky":false,"template":"","format":"standard","meta":{"footnotes":""},"categories":[89],"tags":[226,171],"class_list":["post-1899407","post","type-post","status-publish","format-standard","hentry","category-romania","tag-crawlmanager","tag-ziardesuceava-ro"],"_links":{"self":[{"href":"https:\/\/analyse.optim.biz\/index.php?rest_route=\/wp\/v2\/posts\/1899407","targetHints":{"allow":["GET"]}}],"collection":[{"href":"https:\/\/analyse.optim.biz\/index.php?rest_route=\/wp\/v2\/posts"}],"about":[{"href":"https:\/\/analyse.optim.biz\/index.php?rest_route=\/wp\/v2\/types\/post"}],"author":[{"embeddable":true,"href":"https:\/\/analyse.optim.biz\/index.php?rest_route=\/wp\/v2\/users\/1"}],"replies":[{"embeddable":true,"href":"https:\/\/analyse.optim.biz\/index.php?rest_route=%2Fwp%2Fv2%2Fcomments&post=1899407"}],"version-history":[{"count":0,"href":"https:\/\/analyse.optim.biz\/index.php?rest_route=\/wp\/v2\/posts\/1899407\/revisions"}],"wp:attachment":[{"href":"https:\/\/analyse.optim.biz\/index.php?rest_route=%2Fwp%2Fv2%2Fmedia&parent=1899407"}],"wp:term":[{"taxonomy":"category","embeddable":true,"href":"https:\/\/analyse.optim.biz\/index.php?rest_route=%2Fwp%2Fv2%2Fcategories&post=1899407"},{"taxonomy":"post_tag","embeddable":true,"href":"https:\/\/analyse.optim.biz\/index.php?rest_route=%2Fwp%2Fv2%2Ftags&post=1899407"}],"curies":[{"name":"wp","href":"https:\/\/api.w.org\/{rel}","templated":true}]}}