{"id":1899399,"date":"2026-04-23T17:01:01","date_gmt":"2026-04-23T14:01:01","guid":{"rendered":"https:\/\/analyse.optim.biz\/?p=1899399"},"modified":"2026-04-23T17:01:01","modified_gmt":"2026-04-23T14:01:01","slug":"nicusor-dan-tonul-discutiilor-s-a-mai-calmat-putin","status":"publish","type":"post","link":"https:\/\/analyse.optim.biz\/?p=1899399","title":{"rendered":"Nicu\u0219or Dan: Tonul discu\u021biilor s-a mai calmat pu\u021bin"},"content":{"rendered":"<p>[analyse_image type=&#8221;featured&#8221; src=&#8221;https:\/\/ziardesuceava.ro\/wp-content\/uploads\/2026\/04\/78434-1024&#215;683.jpg&#8221;]<\/p>\n<div class=\"post-content clearfix\">\n<div class=\"blog-post-thumb\"><img loading=\"lazy\" decoding=\"async\" width=\"1140\" height=\"694\" src=\"https:\/\/ziardesuceava.ro\/wp-content\/uploads\/2026\/04\/78434-1140x694.jpg\" class=\"attachment-inhype-blog-thumb size-inhype-blog-thumb wp-post-image\" alt><\/div>\n<div class=\"entry-content\">\n<div>\n<p class=\"fara-orfani lead\">Aflat \u00een Cipru, la o reuniune informal\u0103 a Consiliului European, pre\u0219edintele Nicu\u0219or Dan a \u00eencercat din nou s\u0103 dea impresia c\u0103 nu sunt motive de \u00eengrijorare dup\u0103 demisia mini\u0219trilor PSD din Guvern.<\/p>\n<div class=\"continut-articol\">\n<p>\u00centrebat dac\u0103 o mo\u021biune de cenzur\u0103 ar ajuta sau ar inflama \u0219i mai mult spiritele, sub pretextul c\u0103 e \u201cmediatorul\u201d, Nicu\u0219or Dan a declarat c\u0103 nu vrea s\u0103 se pronun\u021be: \u201cOrice a\u0219 spune ar fi p\u0103rtinitor pentru unul sau pentru cel\u0103lalt \u2026 \u201c.<\/p>\n<p>\u00centrebat ce urmeaz\u0103 dup\u0103 ce premierul Ilie Borojean a spus c\u0103 PNL nu va mai face alian\u021b\u0103 cu PSD, pre\u0219edintele a spus c\u0103 sunt foarte multe scenarii \u0219i nu vrea s\u0103 intre \u00een ele: \u201cCel pu\u021bin ce am perceput eu, tonul discu\u021biilor s-a mai calmat pu\u021bin\u201d.<\/p>\n<p>El nu a dorit s\u0103 spun\u0103 nici dac\u0103 Ilie Bolojan a performat sau nu p\u00e2n\u0103 acum: \u201cDac\u0103 v-a\u0219 da un r\u0103spuns, m-a\u0219 plasa \u00eentr-o parte sau \u00een alta \u0219i vreau s\u0103 p\u0103strez statutul de mediator\u201d.<\/p>\n<p>Dan a mai spus c\u0103 s\u0103pt\u0103m\u00e2na viitoare se va \u00eent\u00e2mpla ceva, dar nu a oferit detalii.<\/p>\n<p>\u201cO s\u0103 v\u0103 anun\u021b. O s\u0103 v\u0103 anun\u021b. Sigur, se va \u00eent\u00e2mpla ceva s\u0103pt\u0103m\u00e2na viitoare cu participarea mea, dar o s\u0103 v\u0103 anun\u021b\u201d, a spus el.\u00a0<\/p>\n<p>Referitor la ce le va spune liderilor europeni dac\u0103 \u00eel vor \u00eentreba despre ce se \u00eent\u00e2mpl\u0103 acum pe scena politic\u0103 din Rom\u00e2nia, Nicu\u0219or Dan a r\u0103spuns c\u0103 le va explica ce le-a spus \u0219i cet\u0103\u021benilor rom\u00e2ni, \u0219i anume c\u0103 Bucure\u0219tiul p\u0103streaz\u0103 direc\u021bia european\u0103, c\u0103 sunt patru partide pro-occidentale care doresc s\u0103 p\u0103streze asta, c\u0103 programele SAFE \u0219i PNRR, precum \u0219i aderarea la OECD, sunt \u201cextrem de importante \u0219i pe astea exist\u0103 consens\u201d.<\/p>\n<p>El a ad\u0103ugat c\u0103, \u00een privat, le va spune liderilor europeni \u201cmai multe dec\u00e2t v\u0103 spun dumneavoastr\u0103 public\u201d.<\/p>\n<p>Pre\u0219edintele a \u00eendemnat la calm \u0219i dup\u0103 consult\u0103rile de miercuri cu partidele din coali\u021bie, \u00eendemn\u00e2nd la calm.<\/p>\n<\/div>\n<\/div>\n<\/div>\n<div class=\"inhype-social-share-fixed sidebar-position-right\">\n<div class=\"post-social-wrapper\">\n<div class=\"post-social-title\"><span class=\"post-social-title-text\">Share<\/span><\/div>\n<\/div>\n<\/div>\n<\/div>\n<p>[analyse_source url=&#8221;https:\/\/ziardesuceava.ro\/nicusor-dan-tonul-discutiilor-s-a-mai-calmat-putin\/&#8221;]<\/p>\n","protected":false},"excerpt":{"rendered":"<p>[analyse_image type=&#8221;featured&#8221; src=&#8221;https:\/\/ziardesuceava.ro\/wp-content\/uploads\/2026\/04\/78434-1024&#215;683.jpg&#8221;] Aflat \u00een Cipru, la o reuniune informal\u0103 a Consiliului European, pre\u0219edintele Nicu\u0219or Dan a \u00eencercat din nou s\u0103 dea impresia c\u0103 nu sunt motive de \u00eengrijorare dup\u0103 demisia mini\u0219trilor PSD din Guvern. \u00centrebat dac\u0103 o mo\u021biune de cenzur\u0103 ar ajuta sau ar inflama \u0219i mai mult spiritele, sub pretextul c\u0103 e \u201cmediatorul\u201d, [&hellip;]<\/p>\n","protected":false},"author":1,"featured_media":0,"comment_status":"open","ping_status":"","sticky":false,"template":"","format":"standard","meta":{"footnotes":""},"categories":[89],"tags":[226,171],"class_list":["post-1899399","post","type-post","status-publish","format-standard","hentry","category-romania","tag-crawlmanager","tag-ziardesuceava-ro"],"_links":{"self":[{"href":"https:\/\/analyse.optim.biz\/index.php?rest_route=\/wp\/v2\/posts\/1899399","targetHints":{"allow":["GET"]}}],"collection":[{"href":"https:\/\/analyse.optim.biz\/index.php?rest_route=\/wp\/v2\/posts"}],"about":[{"href":"https:\/\/analyse.optim.biz\/index.php?rest_route=\/wp\/v2\/types\/post"}],"author":[{"embeddable":true,"href":"https:\/\/analyse.optim.biz\/index.php?rest_route=\/wp\/v2\/users\/1"}],"replies":[{"embeddable":true,"href":"https:\/\/analyse.optim.biz\/index.php?rest_route=%2Fwp%2Fv2%2Fcomments&post=1899399"}],"version-history":[{"count":0,"href":"https:\/\/analyse.optim.biz\/index.php?rest_route=\/wp\/v2\/posts\/1899399\/revisions"}],"wp:attachment":[{"href":"https:\/\/analyse.optim.biz\/index.php?rest_route=%2Fwp%2Fv2%2Fmedia&parent=1899399"}],"wp:term":[{"taxonomy":"category","embeddable":true,"href":"https:\/\/analyse.optim.biz\/index.php?rest_route=%2Fwp%2Fv2%2Fcategories&post=1899399"},{"taxonomy":"post_tag","embeddable":true,"href":"https:\/\/analyse.optim.biz\/index.php?rest_route=%2Fwp%2Fv2%2Ftags&post=1899399"}],"curies":[{"name":"wp","href":"https:\/\/api.w.org\/{rel}","templated":true}]}}