{"id":1899353,"date":"2026-04-23T18:19:37","date_gmt":"2026-04-23T15:19:37","guid":{"rendered":"https:\/\/analyse.optim.biz\/?p=1899353"},"modified":"2026-04-23T18:19:37","modified_gmt":"2026-04-23T15:19:37","slug":"sofer-depistat-beat-crita-la-volan-dupa-ce-nu-a-acordat-prioritate-la-o-trecere-de-pietoni-stiri-suceava","status":"publish","type":"post","link":"https:\/\/analyse.optim.biz\/?p=1899353","title":{"rendered":"\u0218ofer depistat beat cri\u021b\u0103 la volan dup\u0103 ce nu a acordat prioritate la o trecere de pietoni &#8211; Stiri Suceava"},"content":{"rendered":"<p>[analyse_image type=&#8221;featured&#8221; src=&#8221;https:\/\/www.informatiata.ro\/wp-content\/uploads\/2024\/08\/Screenshot_20240825_204935.jpg&#8221;]<\/p>\n<div class=\"td-post-content tagdiv-type\">\n<div class=\"td-post-featured-image\"><a href=\"https:\/\/www.informatiata.ro\/wp-content\/uploads\/2024\/08\/Screenshot_20240825_204935.jpg\" data-caption><img loading=\"lazy\" decoding=\"async\" width=\"696\" height=\"400\" class=\"entry-thumb td-modal-image\" src=\"https:\/\/www.informatiata.ro\/wp-content\/uploads\/2024\/08\/Screenshot_20240825_204935-696x400.jpg\" alt title=\"etilotest Suceava\"><img loading=\"lazy\" decoding=\"async\" width=\"696\" height=\"400\" class=\"entry-thumb td-modal-image\" src=\"https:\/\/www.informatiata.ro\/wp-content\/uploads\/2024\/08\/Screenshot_20240825_204935-696x400.jpg\" alt title=\"etilotest Suceava\"><\/a><\/div>\n<p>\u0218ofer depistat beat cri\u021b\u0103 la volan dup\u0103 ce nu a acordat prioritate la o trecere de pietoni. <\/p>\n<p>Poli\u021bi\u0219tii din cadrul Poli\u021biei ora\u0219ului Cajvana, afla\u021bi \u00een exercitarea atribu\u021biilor de serviciu pe linie rutier\u0103, au depistat un \u0219ofer care a \u00eenc\u0103lcat normele de circula\u021bie pe DJ178D, miercuri. <\/p>\n<div class=\"td-a-rec td-a-rec-id-content_inlineright  tdi_6 td_block_template_1\"><img loading=\"lazy\" decoding=\"async\" class=\"aligncenter size-full wp-image-64758\" src=\"https:\/\/www.informatiata.ro\/wp-content\/uploads\/2026\/04\/SAVCOM-14.gif\" alt width=\"299\" height=\"250\"><img loading=\"lazy\" decoding=\"async\" class=\"aligncenter size-full wp-image-64758\" src=\"https:\/\/www.informatiata.ro\/wp-content\/uploads\/2026\/04\/SAVCOM-14.gif\" alt width=\"299\" height=\"250\"><img loading=\"lazy\" decoding=\"async\" class=\"aligncenter size-full wp-image-64759\" src=\"https:\/\/www.informatiata.ro\/wp-content\/uploads\/2026\/04\/FACOS-12.gif\" alt width=\"300\" height=\"250\"><img loading=\"lazy\" decoding=\"async\" class=\"aligncenter size-full wp-image-64759\" src=\"https:\/\/www.informatiata.ro\/wp-content\/uploads\/2026\/04\/FACOS-12.gif\" alt width=\"300\" height=\"250\"><\/div>\n<p>Incidentul s-a petrecut \u00een zona central\u0103 a ora\u0219ului Cajvana. <\/p>\n<p>Un autoturism, care circula din direc\u021bia satului Arbore c\u0103tre satul Solone\u021b, nu a respectat indicatorul \u0219i marcajul \u201etrecere pentru pietoni\u201d, \u0219oferul neacord\u00e2nd prioritate persoanelor aflate \u00een traversarea regulamentar\u0103 a drumului.<\/p>\n<p>Autoturismul a fost oprit pentru control, iar la volan a fost identificat un b\u0103rbat \u00een v\u00e2rst\u0103 de 37 de ani, din Cajvana. <\/p>\n<p>\u00cen urma verific\u0103rilor, poli\u021bi\u0219tii au constatat c\u0103 inspec\u021bia tehnic\u0103 periodic\u0103 (ITP) a vehiculului era expirat\u0103.<\/p>\n<p>Mai mult dec\u00e2t at\u00e2t, conduc\u0103torul auto mirosea a alcool, motiv pentru care a fost testat cu aparatul etilotest. <\/p>\n<p>Rezultatul a indicat o valoare de 1,22 mg\/l alcool pur \u00een aerul expirat.<\/p>\n<p>\u0218oferul a fost condus ulterior la Spitalul Municipal R\u0103d\u0103u\u021bi, unde i-au fost recoltate probe biologice de s\u00e2nge pentru stabilirea exact\u0103 a alcoolemiei.<\/p>\n<p>Pentru abaterile constatate, acesta a fost sanc\u021bionat contraven\u021bional conform legisla\u021biei rutiere \u00een vigoare, cu o amend\u0103 \u00een valoare de 5.670 de lei. <\/p>\n<p>Totodat\u0103, ca m\u0103sur\u0103 complementar\u0103, poli\u021bi\u0219tii au dispus re\u021binerea permisului de conducere \u0219i a certificatului de \u00eenmatriculare al autoturismului.<\/p>\n<p>\u00cen cauz\u0103 a fost \u00eentocmit un dosar penal pentru s\u0103v\u00e2r\u0219irea infrac\u021biunii de conducere a unui vehicul sub influen\u021ba alcoolului, urm\u00e2nd ca cercet\u0103rile s\u0103 fie continuate de c\u0103tre poli\u021bi\u0219tii din cadrul Poli\u021biei ora\u0219ului Cajvana.<\/p>\n<div class=\"td-a-rec td-a-rec-id-content_bottom  tdi_7 td_block_template_1\"><img loading=\"lazy\" decoding=\"async\" class=\"aligncenter size-full wp-image-64758\" src=\"https:\/\/www.informatiata.ro\/wp-content\/uploads\/2026\/04\/SAVCOM-14.gif\" alt width=\"299\" height=\"250\"><img loading=\"lazy\" decoding=\"async\" class=\"aligncenter size-full wp-image-64758\" src=\"https:\/\/www.informatiata.ro\/wp-content\/uploads\/2026\/04\/SAVCOM-14.gif\" alt width=\"299\" height=\"250\"><img loading=\"lazy\" decoding=\"async\" class=\"aligncenter size-full wp-image-64759\" src=\"https:\/\/www.informatiata.ro\/wp-content\/uploads\/2026\/04\/FACOS-12.gif\" alt width=\"300\" height=\"250\"><img loading=\"lazy\" decoding=\"async\" class=\"aligncenter size-full wp-image-64759\" src=\"https:\/\/www.informatiata.ro\/wp-content\/uploads\/2026\/04\/FACOS-12.gif\" alt width=\"300\" height=\"250\"><\/div>\n<\/div>\n<p>[analyse_source url=&#8221;https:\/\/www.informatiata.ro\/sofer-beat-crita-neacordare-prioritate-pietoni\/&#8221;]<\/p>\n","protected":false},"excerpt":{"rendered":"<p>[analyse_image type=&#8221;featured&#8221; src=&#8221;https:\/\/www.informatiata.ro\/wp-content\/uploads\/2024\/08\/Screenshot_20240825_204935.jpg&#8221;] \u0218ofer depistat beat cri\u021b\u0103 la volan dup\u0103 ce nu a acordat prioritate la o trecere de pietoni. Poli\u021bi\u0219tii din cadrul Poli\u021biei ora\u0219ului Cajvana, afla\u021bi \u00een exercitarea atribu\u021biilor de serviciu pe linie rutier\u0103, au depistat un \u0219ofer care a \u00eenc\u0103lcat normele de circula\u021bie pe DJ178D, miercuri. Incidentul s-a petrecut \u00een zona central\u0103 a [&hellip;]<\/p>\n","protected":false},"author":1,"featured_media":0,"comment_status":"open","ping_status":"","sticky":false,"template":"","format":"standard","meta":{"footnotes":""},"categories":[89],"tags":[226,167],"class_list":["post-1899353","post","type-post","status-publish","format-standard","hentry","category-romania","tag-crawlmanager","tag-informatiata-ro"],"_links":{"self":[{"href":"https:\/\/analyse.optim.biz\/index.php?rest_route=\/wp\/v2\/posts\/1899353","targetHints":{"allow":["GET"]}}],"collection":[{"href":"https:\/\/analyse.optim.biz\/index.php?rest_route=\/wp\/v2\/posts"}],"about":[{"href":"https:\/\/analyse.optim.biz\/index.php?rest_route=\/wp\/v2\/types\/post"}],"author":[{"embeddable":true,"href":"https:\/\/analyse.optim.biz\/index.php?rest_route=\/wp\/v2\/users\/1"}],"replies":[{"embeddable":true,"href":"https:\/\/analyse.optim.biz\/index.php?rest_route=%2Fwp%2Fv2%2Fcomments&post=1899353"}],"version-history":[{"count":0,"href":"https:\/\/analyse.optim.biz\/index.php?rest_route=\/wp\/v2\/posts\/1899353\/revisions"}],"wp:attachment":[{"href":"https:\/\/analyse.optim.biz\/index.php?rest_route=%2Fwp%2Fv2%2Fmedia&parent=1899353"}],"wp:term":[{"taxonomy":"category","embeddable":true,"href":"https:\/\/analyse.optim.biz\/index.php?rest_route=%2Fwp%2Fv2%2Fcategories&post=1899353"},{"taxonomy":"post_tag","embeddable":true,"href":"https:\/\/analyse.optim.biz\/index.php?rest_route=%2Fwp%2Fv2%2Ftags&post=1899353"}],"curies":[{"name":"wp","href":"https:\/\/api.w.org\/{rel}","templated":true}]}}