{"id":1899299,"date":"2026-04-16T11:20:52","date_gmt":"2026-04-16T08:20:52","guid":{"rendered":"https:\/\/analyse.optim.biz\/?p=1899299"},"modified":"2026-04-16T11:20:52","modified_gmt":"2026-04-16T08:20:52","slug":"proiecte-importante-pe-ordinea-de-zi-a-sedintei-clm-buzau","status":"publish","type":"post","link":"https:\/\/analyse.optim.biz\/?p=1899299","title":{"rendered":"PROIECTE IMPORTANTE PE ORDINEA DE ZI A \u0218EDIN\u021aEI CLM BUZ\u0102U"},"content":{"rendered":"<p>[analyse_image type=&#8221;featured&#8221; src=&#8221;https:\/\/newss.ro\/wp-content\/uploads\/2026\/04\/CLM-2-IULIE-2025.jpg&#8221;]<\/p>\n<div class=\"td-post-content\">\n<div class=\"td-post-featured-image\"><a href=\"https:\/\/newss.ro\/wp-content\/uploads\/2026\/04\/CLM-2-IULIE-2025.jpg\" data-caption><img loading=\"lazy\" decoding=\"async\" width=\"696\" height=\"522\" class=\"entry-thumb td-modal-image\" src=\"https:\/\/newss.ro\/wp-content\/uploads\/2026\/04\/CLM-2-IULIE-2025-696x522.jpg\" alt title=\"CLM 2 IULIE 2025\"><\/a><\/div>\n<p>Consiliul Local Municipal Buz\u0103u se va \u00eentruni, vineri, 17 aprilie, de la ora 11.00, \u00eentr-o \u0219edin\u021b\u0103 extraordinar\u0103. Pe ordinea de zi au fost trecute 8 proiecte de hot\u0103r\u00e2re.<\/p>\n<p>Consilierii buzoieni vor aproba completarea Statutului Organiza\u0163iei de Management al Destina\u0163iei Jude\u0163ul Buz\u0103u \u0219i vor supune la vot actualizarea sumelor reprezent\u00e2nd contribu\u021bia local\u0103 pentru obiectivul de investi\u021bii \u201eREABILITAREA \u0218I MODERNIZAREA A 14 STR\u0102ZI DIN MUNICIPIUL BUZ\u0102U\u201d, aprobat pentru finan\u0163are prin Programul Na\u021bional de Investi\u021bii \u201eAnghel Saligny\u201d.<\/p>\n<p>Tot vineri, Consiliul Local Buz\u0103u va aproba complet\u0103ri privind achizi\u021bia public\u0103 de servicii de asisten\u021b\u0103 juridic\u0103 \u0219i de reprezentare \u00een dou\u0103 litigii privind anularea unor acte administrative.<\/p>\n<\/div>\n<div class=\"td-post-content\">\n<div class=\"td-post-featured-image\"><a href=\"https:\/\/newss.ro\/wp-content\/uploads\/2026\/04\/CLM-2-IULIE-2025.jpg\" data-caption><img loading=\"lazy\" decoding=\"async\" width=\"696\" height=\"522\" class=\"entry-thumb td-modal-image\" src=\"https:\/\/newss.ro\/wp-content\/uploads\/2026\/04\/CLM-2-IULIE-2025-696x522.jpg\" alt title=\"CLM 2 IULIE 2025\"><\/a><\/div>\n<p>Consiliul Local Municipal Buz\u0103u se va \u00eentruni, vineri, 17 aprilie, de la ora 11.00, \u00eentr-o \u0219edin\u021b\u0103 extraordinar\u0103. Pe ordinea de zi au fost trecute 8 proiecte de hot\u0103r\u00e2re.<\/p>\n<p>Consilierii buzoieni vor aproba completarea Statutului Organiza\u0163iei de Management al Destina\u0163iei Jude\u0163ul Buz\u0103u \u0219i vor supune la vot actualizarea sumelor reprezent\u00e2nd contribu\u021bia local\u0103 pentru obiectivul de investi\u021bii \u201eREABILITAREA \u0218I MODERNIZAREA A 14 STR\u0102ZI DIN MUNICIPIUL BUZ\u0102U\u201d, aprobat pentru finan\u0163are prin Programul Na\u021bional de Investi\u021bii \u201eAnghel Saligny\u201d.<\/p>\n<p>Tot vineri, Consiliul Local Buz\u0103u va aproba complet\u0103ri privind achizi\u021bia public\u0103 de servicii de asisten\u021b\u0103 juridic\u0103 \u0219i de reprezentare \u00een dou\u0103 litigii privind anularea unor acte administrative.<\/p>\n<\/div>\n<p>[analyse_source url=&#8221;https:\/\/newss.ro\/2026\/04\/16\/proiecte-importante-pe-ordinea-de-zi-a-sedintei-clm-buzau\/&#8221;]<\/p>\n","protected":false},"excerpt":{"rendered":"<p>[analyse_image type=&#8221;featured&#8221; src=&#8221;https:\/\/newss.ro\/wp-content\/uploads\/2026\/04\/CLM-2-IULIE-2025.jpg&#8221;] Consiliul Local Municipal Buz\u0103u se va \u00eentruni, vineri, 17 aprilie, de la ora 11.00, \u00eentr-o \u0219edin\u021b\u0103 extraordinar\u0103. Pe ordinea de zi au fost trecute 8 proiecte de hot\u0103r\u00e2re. Consilierii buzoieni vor aproba completarea Statutului Organiza\u0163iei de Management al Destina\u0163iei Jude\u0163ul Buz\u0103u \u0219i vor supune la vot actualizarea sumelor reprezent\u00e2nd contribu\u021bia local\u0103 pentru [&hellip;]<\/p>\n","protected":false},"author":1,"featured_media":0,"comment_status":"open","ping_status":"","sticky":false,"template":"","format":"standard","meta":{"footnotes":""},"categories":[2],"tags":[226,73],"class_list":["post-1899299","post","type-post","status-publish","format-standard","hentry","category-politics","tag-crawlmanager","tag-newss-ro"],"_links":{"self":[{"href":"https:\/\/analyse.optim.biz\/index.php?rest_route=\/wp\/v2\/posts\/1899299","targetHints":{"allow":["GET"]}}],"collection":[{"href":"https:\/\/analyse.optim.biz\/index.php?rest_route=\/wp\/v2\/posts"}],"about":[{"href":"https:\/\/analyse.optim.biz\/index.php?rest_route=\/wp\/v2\/types\/post"}],"author":[{"embeddable":true,"href":"https:\/\/analyse.optim.biz\/index.php?rest_route=\/wp\/v2\/users\/1"}],"replies":[{"embeddable":true,"href":"https:\/\/analyse.optim.biz\/index.php?rest_route=%2Fwp%2Fv2%2Fcomments&post=1899299"}],"version-history":[{"count":0,"href":"https:\/\/analyse.optim.biz\/index.php?rest_route=\/wp\/v2\/posts\/1899299\/revisions"}],"wp:attachment":[{"href":"https:\/\/analyse.optim.biz\/index.php?rest_route=%2Fwp%2Fv2%2Fmedia&parent=1899299"}],"wp:term":[{"taxonomy":"category","embeddable":true,"href":"https:\/\/analyse.optim.biz\/index.php?rest_route=%2Fwp%2Fv2%2Fcategories&post=1899299"},{"taxonomy":"post_tag","embeddable":true,"href":"https:\/\/analyse.optim.biz\/index.php?rest_route=%2Fwp%2Fv2%2Ftags&post=1899299"}],"curies":[{"name":"wp","href":"https:\/\/api.w.org\/{rel}","templated":true}]}}