{"id":1899298,"date":"2026-04-16T09:44:52","date_gmt":"2026-04-16T06:44:52","guid":{"rendered":"https:\/\/analyse.optim.biz\/?p=1899298"},"modified":"2026-04-16T09:44:52","modified_gmt":"2026-04-16T06:44:52","slug":"lucrari-pe-autostrada-moldovei","status":"publish","type":"post","link":"https:\/\/analyse.optim.biz\/?p=1899298","title":{"rendered":"LUCR\u0102RI PE AUTOSTRADA MOLDOVEI"},"content":{"rendered":"<p>[analyse_image type=&#8221;featured&#8221; src=&#8221;https:\/\/newss.ro\/wp-content\/uploads\/2026\/04\/LUCRARI-AUTOSTRADA-A7.jpg&#8221;]<\/p>\n<div class=\"td-post-content\">\n<div class=\"td-post-featured-image\"><a href=\"https:\/\/newss.ro\/wp-content\/uploads\/2026\/04\/LUCRARI-AUTOSTRADA-A7.jpg\" data-caption><img loading=\"lazy\" decoding=\"async\" width=\"696\" height=\"466\" class=\"entry-thumb td-modal-image\" src=\"https:\/\/newss.ro\/wp-content\/uploads\/2026\/04\/LUCRARI-AUTOSTRADA-A7-696x466.jpg\" alt title=\"LUCRARI AUTOSTRADA A7\"><\/a><\/div>\n<p>Lucr\u0103ri ample pe autostrada Moldovei, \u00een jude\u021bul Buz\u0103u, \u00een perioada urm\u0103toare. Direc\u021bia Regional\u0103 de Drumuri \u0219i Poduri Buz\u0103u precizeaz\u0103 c\u0103 este vorba despre lucr\u0103ri de repara\u021bii \u0219i \u00eentre\u021binere pe tronsonul Pietroasele-Municipiul Buz\u0103u, pe ambele sensuri de mers, destinate men\u021binerii calit\u0103\u021bii infrastructurii rutiere, dup\u0103 perioada de iarn\u0103, c\u00e2nd au ap\u0103rut tas\u0103ri sau alte probleme pe autostrad\u0103. Interven\u021biile vor avea loc doar \u00een timpul s\u0103pt\u0103m\u00e2nii, de<\/p>\n<p>luni, ora 12:00, p\u00e2n\u0103 vineri, ora 12:00, cu respectarea tuturor m\u0103surilor de siguran\u021b\u0103 rutier\u0103. Direc\u021bia Regional\u0103 de Drumuri \u0219i Poduri Buz\u0103u subliniaz\u0103 c\u0103, pentru un trafic fluent \u0219i \u00een siguran\u021b\u0103, nu se va lucra \u00een weekend, \u00een zilele de s\u0103rb\u0103toare legal\u0103 sau \u00een perioadele cu trafic intens din cursul anului, cum ar fi v\u00e2rful sezonului estival.<\/p>\n<\/div>\n<div class=\"td-post-content\">\n<div class=\"td-post-featured-image\"><a href=\"https:\/\/newss.ro\/wp-content\/uploads\/2026\/04\/LUCRARI-AUTOSTRADA-A7.jpg\" data-caption><img loading=\"lazy\" decoding=\"async\" width=\"696\" height=\"466\" class=\"entry-thumb td-modal-image\" src=\"https:\/\/newss.ro\/wp-content\/uploads\/2026\/04\/LUCRARI-AUTOSTRADA-A7-696x466.jpg\" alt title=\"LUCRARI AUTOSTRADA A7\"><\/a><\/div>\n<p>Lucr\u0103ri ample pe autostrada Moldovei, \u00een jude\u021bul Buz\u0103u, \u00een perioada urm\u0103toare. Direc\u021bia Regional\u0103 de Drumuri \u0219i Poduri Buz\u0103u precizeaz\u0103 c\u0103 este vorba despre lucr\u0103ri de repara\u021bii \u0219i \u00eentre\u021binere pe tronsonul Pietroasele-Municipiul Buz\u0103u, pe ambele sensuri de mers, destinate men\u021binerii calit\u0103\u021bii infrastructurii rutiere, dup\u0103 perioada de iarn\u0103, c\u00e2nd au ap\u0103rut tas\u0103ri sau alte probleme pe autostrad\u0103. Interven\u021biile vor avea loc doar \u00een timpul s\u0103pt\u0103m\u00e2nii, de<\/p>\n<p>luni, ora 12:00, p\u00e2n\u0103 vineri, ora 12:00, cu respectarea tuturor m\u0103surilor de siguran\u021b\u0103 rutier\u0103. Direc\u021bia Regional\u0103 de Drumuri \u0219i Poduri Buz\u0103u subliniaz\u0103 c\u0103, pentru un trafic fluent \u0219i \u00een siguran\u021b\u0103, nu se va lucra \u00een weekend, \u00een zilele de s\u0103rb\u0103toare legal\u0103 sau \u00een perioadele cu trafic intens din cursul anului, cum ar fi v\u00e2rful sezonului estival.<\/p>\n<\/div>\n<p>[analyse_source url=&#8221;https:\/\/newss.ro\/2026\/04\/16\/lucrari-pe-autostrada-moldovei\/&#8221;]<\/p>\n","protected":false},"excerpt":{"rendered":"<p>[analyse_image type=&#8221;featured&#8221; src=&#8221;https:\/\/newss.ro\/wp-content\/uploads\/2026\/04\/LUCRARI-AUTOSTRADA-A7.jpg&#8221;] Lucr\u0103ri ample pe autostrada Moldovei, \u00een jude\u021bul Buz\u0103u, \u00een perioada urm\u0103toare. Direc\u021bia Regional\u0103 de Drumuri \u0219i Poduri Buz\u0103u precizeaz\u0103 c\u0103 este vorba despre lucr\u0103ri de repara\u021bii \u0219i \u00eentre\u021binere pe tronsonul Pietroasele-Municipiul Buz\u0103u, pe ambele sensuri de mers, destinate men\u021binerii calit\u0103\u021bii infrastructurii rutiere, dup\u0103 perioada de iarn\u0103, c\u00e2nd au ap\u0103rut tas\u0103ri sau alte [&hellip;]<\/p>\n","protected":false},"author":1,"featured_media":0,"comment_status":"open","ping_status":"","sticky":false,"template":"","format":"standard","meta":{"footnotes":""},"categories":[2],"tags":[226,73],"class_list":["post-1899298","post","type-post","status-publish","format-standard","hentry","category-politics","tag-crawlmanager","tag-newss-ro"],"_links":{"self":[{"href":"https:\/\/analyse.optim.biz\/index.php?rest_route=\/wp\/v2\/posts\/1899298","targetHints":{"allow":["GET"]}}],"collection":[{"href":"https:\/\/analyse.optim.biz\/index.php?rest_route=\/wp\/v2\/posts"}],"about":[{"href":"https:\/\/analyse.optim.biz\/index.php?rest_route=\/wp\/v2\/types\/post"}],"author":[{"embeddable":true,"href":"https:\/\/analyse.optim.biz\/index.php?rest_route=\/wp\/v2\/users\/1"}],"replies":[{"embeddable":true,"href":"https:\/\/analyse.optim.biz\/index.php?rest_route=%2Fwp%2Fv2%2Fcomments&post=1899298"}],"version-history":[{"count":0,"href":"https:\/\/analyse.optim.biz\/index.php?rest_route=\/wp\/v2\/posts\/1899298\/revisions"}],"wp:attachment":[{"href":"https:\/\/analyse.optim.biz\/index.php?rest_route=%2Fwp%2Fv2%2Fmedia&parent=1899298"}],"wp:term":[{"taxonomy":"category","embeddable":true,"href":"https:\/\/analyse.optim.biz\/index.php?rest_route=%2Fwp%2Fv2%2Fcategories&post=1899298"},{"taxonomy":"post_tag","embeddable":true,"href":"https:\/\/analyse.optim.biz\/index.php?rest_route=%2Fwp%2Fv2%2Ftags&post=1899298"}],"curies":[{"name":"wp","href":"https:\/\/api.w.org\/{rel}","templated":true}]}}