{"id":1899297,"date":"2026-04-16T11:12:27","date_gmt":"2026-04-16T08:12:27","guid":{"rendered":"https:\/\/analyse.optim.biz\/?p=1899297"},"modified":"2026-04-16T11:12:27","modified_gmt":"2026-04-16T08:12:27","slug":"politia-municipala-in-fosta-cladire-a-unei-banci","status":"publish","type":"post","link":"https:\/\/analyse.optim.biz\/?p=1899297","title":{"rendered":"POLI\u021aIA MUNICIPAL\u0102, \u00ceN FOSTA CL\u0102DIRE A UNEI B\u0102NCI"},"content":{"rendered":"<p>[analyse_image type=&#8221;featured&#8221; src=&#8221;https:\/\/newss.ro\/wp-content\/uploads\/2026\/04\/POLITIA-MUNICIPALA-IN-FOSTA-CLADIRE-A-UNEI-BANCI.Still001.jpg&#8221;]<\/p>\n<div class=\"td-post-content\">\n<div class=\"td-post-featured-image\"><a href=\"https:\/\/newss.ro\/wp-content\/uploads\/2026\/04\/POLITIA-MUNICIPALA-IN-FOSTA-CLADIRE-A-UNEI-BANCI.Still001.jpg\" data-caption><img loading=\"lazy\" decoding=\"async\" width=\"696\" height=\"392\" class=\"entry-thumb td-modal-image\" src=\"https:\/\/newss.ro\/wp-content\/uploads\/2026\/04\/POLITIA-MUNICIPALA-IN-FOSTA-CLADIRE-A-UNEI-BANCI.Still001-696x392.jpg\" alt title=\"POLI\u021aIA MUNICIPAL\u0102, \u00ceN FOSTA CL\u0102DIRE A UNEI B\u0102NCI.Still001\"><\/a><\/div>\n<p>Poli\u021bia Municipal\u0103 R\u00e2mnicu S\u0103rat va func\u021biona \u00een fosta cl\u0103dire a unei b\u0103nci din centrul ora\u0219ului, pe perioada \u00een care sediul institu\u021biei se renoveaz\u0103. Consiliul Local a aprobat darea \u00een administrare c\u0103tre Poli\u021bia Municipiului R\u00e2mnicu S\u0103rat, a cl\u0103dirii \u0219i terenului respectiv, de pe strada Tudor Vladimirescu, nr. 10, \u00een vederea mut\u0103rii personalului Poli\u021biei \u0219i desf\u0103\u0219ur\u0103rii activit\u0103\u021bilor specifice, pe durata lucr\u0103rilor de consolidare \u0219i reabilitarea energetic\u0103 a corpurilor de cl\u0103dire C1 \u0219i C2 ale institu\u021biei.<\/p>\n<p>Cl\u0103direa \u00een care func\u021bioneaz\u0103 Poli\u021bia Municipal\u0103 R\u00e2mnicu S\u0103rat a fost construit\u0103 \u00een perioada 1920, fiind o vil\u0103 burghez\u0103, inspirat\u0103 din arhitectura \u021b\u0103r\u0103nesc\u0103 subcarpatic\u0103. \u00cen anul 1980, la construc\u021bia existent\u0103 a fost alipit corpul C2.<\/p>\n<p>\u00a0<\/p>\n<\/div>\n<div class=\"td-post-content\">\n<div class=\"td-post-featured-image\"><a href=\"https:\/\/newss.ro\/wp-content\/uploads\/2026\/04\/POLITIA-MUNICIPALA-IN-FOSTA-CLADIRE-A-UNEI-BANCI.Still001.jpg\" data-caption><img loading=\"lazy\" decoding=\"async\" width=\"696\" height=\"392\" class=\"entry-thumb td-modal-image\" src=\"https:\/\/newss.ro\/wp-content\/uploads\/2026\/04\/POLITIA-MUNICIPALA-IN-FOSTA-CLADIRE-A-UNEI-BANCI.Still001-696x392.jpg\" alt title=\"POLI\u021aIA MUNICIPAL\u0102, \u00ceN FOSTA CL\u0102DIRE A UNEI B\u0102NCI.Still001\"><\/a><\/div>\n<p>Poli\u021bia Municipal\u0103 R\u00e2mnicu S\u0103rat va func\u021biona \u00een fosta cl\u0103dire a unei b\u0103nci din centrul ora\u0219ului, pe perioada \u00een care sediul institu\u021biei se renoveaz\u0103. Consiliul Local a aprobat darea \u00een administrare c\u0103tre Poli\u021bia Municipiului R\u00e2mnicu S\u0103rat, a cl\u0103dirii \u0219i terenului respectiv, de pe strada Tudor Vladimirescu, nr. 10, \u00een vederea mut\u0103rii personalului Poli\u021biei \u0219i desf\u0103\u0219ur\u0103rii activit\u0103\u021bilor specifice, pe durata lucr\u0103rilor de consolidare \u0219i reabilitarea energetic\u0103 a corpurilor de cl\u0103dire C1 \u0219i C2 ale institu\u021biei.<\/p>\n<p>Cl\u0103direa \u00een care func\u021bioneaz\u0103 Poli\u021bia Municipal\u0103 R\u00e2mnicu S\u0103rat a fost construit\u0103 \u00een perioada 1920, fiind o vil\u0103 burghez\u0103, inspirat\u0103 din arhitectura \u021b\u0103r\u0103nesc\u0103 subcarpatic\u0103. \u00cen anul 1980, la construc\u021bia existent\u0103 a fost alipit corpul C2.<\/p>\n<p>\u00a0<\/p>\n<\/div>\n<p>[analyse_source url=&#8221;https:\/\/newss.ro\/2026\/04\/16\/politia-municipala-in-fosta-cladire-a-unei-banci\/&#8221;]<\/p>\n","protected":false},"excerpt":{"rendered":"<p>[analyse_image type=&#8221;featured&#8221; src=&#8221;https:\/\/newss.ro\/wp-content\/uploads\/2026\/04\/POLITIA-MUNICIPALA-IN-FOSTA-CLADIRE-A-UNEI-BANCI.Still001.jpg&#8221;] Poli\u021bia Municipal\u0103 R\u00e2mnicu S\u0103rat va func\u021biona \u00een fosta cl\u0103dire a unei b\u0103nci din centrul ora\u0219ului, pe perioada \u00een care sediul institu\u021biei se renoveaz\u0103. Consiliul Local a aprobat darea \u00een administrare c\u0103tre Poli\u021bia Municipiului R\u00e2mnicu S\u0103rat, a cl\u0103dirii \u0219i terenului respectiv, de pe strada Tudor Vladimirescu, nr. 10, \u00een vederea mut\u0103rii personalului Poli\u021biei [&hellip;]<\/p>\n","protected":false},"author":1,"featured_media":0,"comment_status":"open","ping_status":"","sticky":false,"template":"","format":"standard","meta":{"footnotes":""},"categories":[2],"tags":[226,73],"class_list":["post-1899297","post","type-post","status-publish","format-standard","hentry","category-politics","tag-crawlmanager","tag-newss-ro"],"_links":{"self":[{"href":"https:\/\/analyse.optim.biz\/index.php?rest_route=\/wp\/v2\/posts\/1899297","targetHints":{"allow":["GET"]}}],"collection":[{"href":"https:\/\/analyse.optim.biz\/index.php?rest_route=\/wp\/v2\/posts"}],"about":[{"href":"https:\/\/analyse.optim.biz\/index.php?rest_route=\/wp\/v2\/types\/post"}],"author":[{"embeddable":true,"href":"https:\/\/analyse.optim.biz\/index.php?rest_route=\/wp\/v2\/users\/1"}],"replies":[{"embeddable":true,"href":"https:\/\/analyse.optim.biz\/index.php?rest_route=%2Fwp%2Fv2%2Fcomments&post=1899297"}],"version-history":[{"count":0,"href":"https:\/\/analyse.optim.biz\/index.php?rest_route=\/wp\/v2\/posts\/1899297\/revisions"}],"wp:attachment":[{"href":"https:\/\/analyse.optim.biz\/index.php?rest_route=%2Fwp%2Fv2%2Fmedia&parent=1899297"}],"wp:term":[{"taxonomy":"category","embeddable":true,"href":"https:\/\/analyse.optim.biz\/index.php?rest_route=%2Fwp%2Fv2%2Fcategories&post=1899297"},{"taxonomy":"post_tag","embeddable":true,"href":"https:\/\/analyse.optim.biz\/index.php?rest_route=%2Fwp%2Fv2%2Ftags&post=1899297"}],"curies":[{"name":"wp","href":"https:\/\/api.w.org\/{rel}","templated":true}]}}