{"id":1899247,"date":"2026-04-23T19:25:16","date_gmt":"2026-04-23T16:25:16","guid":{"rendered":"https:\/\/analyse.optim.biz\/?p=1899247"},"modified":"2026-04-23T19:25:16","modified_gmt":"2026-04-23T16:25:16","slug":"ce-spune-papa-leon-al-xiv-lea-despre-masura-papei-francisc-de-a-oferi-binecuvantari-cuplurilor-de-acelasi","status":"publish","type":"post","link":"https:\/\/analyse.optim.biz\/?p=1899247","title":{"rendered":"Ce spune Papa Leon al XIV-lea despre m\u0103sura Papei Francisc de a oferi binecuv\u00e2nt\u0103ri cuplurilor de acela\u015fi&#8230;"},"content":{"rendered":"<p>[analyse_image type=&#8221;featured&#8221; src=&#8221;https:\/\/s.iw.ro\/gateway\/g\/ZmlsZVNvdXJjZT1odHRwJTNBJTJGJTJG\/c3RvcmFnZTA4dHJhbnNjb2Rlci5yY3Mt\/cmRzLnJvJTJGc3RvcmFnZSUyRjIwMjUl\/MkYwNyUyRjMwJTJGMjMxNzQ0MV8yMzE3\/NDQxX1BvcGUtTGVvLVhJVi5qcGcmdz0x\/MjAwJmg9NjMwJnpjPTEmaGFzaD0wMzQy\/NmFhMWI4N2Q3MWJjMDJmZjkxZTNjN2M5MzVjNQ==.thumb.jpg&#8221;]<\/p>\n<div class=\"entry data-app-meta data-app-meta-article\" data-embed-base-url-canonical=\"https:\/\/www.digi24.ro\/embed\/stiri\/externe\/mapamond\/ce-spune-papa-leon-al-xiv-lea-despre-masura-papei-francisc-de-a-oferi-binecuvantari-cuplurilor-de-acelasi-sex-3742067\">\n<p data-index=\"1\"><strong> Papa Leon al XIV-lea a dat de \u00een\u0163eles c\u0103 nu inten\u0163ioneaz\u0103 s\u0103 dep\u0103\u015feasc\u0103 eforturile depuse de predecesorul s\u0103u, papa Francisc, de a oferi binecuv\u00e2nt\u0103ri biserice\u015fti cuplurilor de acela\u015fi sex. Suveranul Pontif a spus c\u0103 adoptarea unor noi m\u0103suri ar putea provoca dezbinare \u00een r\u00e2ndul catolicilor.<\/strong><\/p>\n<p data-index=\"2\">Leon al XIV-lea, primul pap\u0103 n\u0103scut \u00een Statele Unite, a l\u0103udat decizia istoric\u0103 a papei Francisc din 2023, \u00eens\u0103 a declarat, \u00een comentarii f\u0103cute la bordul avionului cu care se \u00eentoarce la Roma, dup\u0103 un turneu \u00een patru \u0163\u0103ri africane, c\u0103 Vaticanul nu dore\u015fte ca astfel de binecuv\u00e2nt\u0103ri s\u0103 fie oficializate dincolo de actualul lor caracter informal.<\/p>\n<p data-index=\"3\">&#8220;S\u0103 mergem mai departe de at\u00e2t, ast\u0103zi, cred c\u0103 acest subiect poate provoca mai mult\u0103 dezbinare dec\u00e2t unitate&#8221;, a declarat actualul suveran pontif joi, potrivit Reuters, preluat\u0103 de Agerpres.<\/p>\n<p data-index=\"4\">Papa Francisc, care a murit \u00een 2025 dup\u0103 12 ani petrecu\u0163i la conducerea Bisericii Catolice, le-a permis preo\u0163ilor s\u0103 ofere binecuv\u00e2nt\u0103ri cuplurilor de acela\u015fi sex \u00een mod informal, \u00een afara unui ritual religios \u015fi doar de la caz la caz.<\/p>\n<p data-index=\"5\">Decizia a provocat dezbateri ample \u00een cadrul Bisericii Catolice, iar episcopii din unele \u0163\u0103ri, \u00een special din Africa, au refuzat s\u0103 le permit\u0103 preo\u0163ilor lor s\u0103 implementeze aceast\u0103 m\u0103sur\u0103.<\/p>\n<h2 id=\"highlight-3742067-1\">&#8220;Nu suntem de acord cu binecuv\u00e2ntarea oficializat\u0103 a acestor cupluri&#8221;<\/h2>\n<p data-index=\"6\">\u00centrebat despre inten\u0163ia cardinalului german Reinhard Marx de a oficializa astfel de binecuv\u00e2nt\u0103ri \u00een dieceza sa, papa Leon nu l-a criticat pe acesta \u00een mod specific, dar a f\u0103cut referire la instruc\u0163iunile anterioare ale Vaticanului c\u0103tre Conferin\u0163a episcopilor germani de a nu dezvolta ritualuri oficiale pentru binecuv\u00e2nt\u0103rile oferite cuplurilor de acela\u015fi sex.<\/p>\n<p data-index=\"7\">&#8220;Sf\u00e2ntul Scaun a precizat \u00een mod clar c\u0103 nu suntem de acord cu binecuv\u00e2ntarea oficializat\u0103 a acestor cupluri&#8221;, a mai spus papa Leon al XIV-lea.<\/p>\n<p data-index=\"8\">Suveranul pontif a ad\u0103ugat c\u0103 unitatea din cadrul Bisericii Catolice, care num\u0103r\u0103 1,4 miliarde de credincio\u015fi, nu ar trebui s\u0103 se concentreze doar asupra eticii sexuale.<\/p>\n<p data-index=\"9\">&#8220;Avem tendin\u0163a s\u0103 credem c\u0103, atunci c\u00e2nd Biserica vorbe\u015fte despre moralitate, singura problem\u0103 de moralitate este cea de natur\u0103 sexual\u0103. \u00cen realitate, cred c\u0103 exist\u0103 probleme mult mari \u015fi mai importante, cum ar fi cele care vizeaz\u0103 dreptatea, egalitatea \u015fi libertatea b\u0103rba\u0163ilor \u015fi a femeilor&#8221;, a explicat liderul de la Vatican.<\/p>\n<p data-index=\"10\">Biserica Catolic\u0103 consider\u0103 c\u0103 rela\u0163iile sexuale \u00een afara c\u0103s\u0103toriei heterosexuale reprezint\u0103 p\u0103cate. Ea afirm\u0103 totodat\u0103 c\u0103 persoanele care au o atrac\u0163ie fa\u0163\u0103 de persoane de acela\u015fi sex ar trebui s\u0103 \u00eencerce s\u0103 fie caste.<\/p>\n<p> Editor : <a href=\"https:\/\/www.digi24.ro\/autor\/bogdan-pacurar\"> B.P. <\/a><\/p>\n<\/div>\n<p>[analyse_source url=&#8221;https:\/\/www.digi24.ro\/stiri\/externe\/mapamond\/ce-spune-papa-leon-al-xiv-lea-despre-masura-papei-francisc-de-a-oferi-binecuvantari-cuplurilor-de-acelasi-sex-3742067&#8243;]<\/p>\n","protected":false},"excerpt":{"rendered":"<p>[analyse_image type=&#8221;featured&#8221; src=&#8221;https:\/\/s.iw.ro\/gateway\/g\/ZmlsZVNvdXJjZT1odHRwJTNBJTJGJTJG\/c3RvcmFnZTA4dHJhbnNjb2Rlci5yY3Mt\/cmRzLnJvJTJGc3RvcmFnZSUyRjIwMjUl\/MkYwNyUyRjMwJTJGMjMxNzQ0MV8yMzE3\/NDQxX1BvcGUtTGVvLVhJVi5qcGcmdz0x\/MjAwJmg9NjMwJnpjPTEmaGFzaD0wMzQy\/NmFhMWI4N2Q3MWJjMDJmZjkxZTNjN2M5MzVjNQ==.thumb.jpg&#8221;] Papa Leon al XIV-lea a dat de \u00een\u0163eles c\u0103 nu inten\u0163ioneaz\u0103 s\u0103 dep\u0103\u015feasc\u0103 eforturile depuse de predecesorul s\u0103u, papa Francisc, de a oferi binecuv\u00e2nt\u0103ri biserice\u015fti cuplurilor de acela\u015fi sex. Suveranul Pontif a spus c\u0103 adoptarea unor noi m\u0103suri ar putea provoca dezbinare \u00een r\u00e2ndul catolicilor. Leon al XIV-lea, primul pap\u0103 n\u0103scut \u00een [&hellip;]<\/p>\n","protected":false},"author":1,"featured_media":0,"comment_status":"open","ping_status":"","sticky":false,"template":"","format":"standard","meta":{"footnotes":""},"categories":[89],"tags":[226,11],"class_list":["post-1899247","post","type-post","status-publish","format-standard","hentry","category-romania","tag-crawlmanager","tag-digi24"],"_links":{"self":[{"href":"https:\/\/analyse.optim.biz\/index.php?rest_route=\/wp\/v2\/posts\/1899247","targetHints":{"allow":["GET"]}}],"collection":[{"href":"https:\/\/analyse.optim.biz\/index.php?rest_route=\/wp\/v2\/posts"}],"about":[{"href":"https:\/\/analyse.optim.biz\/index.php?rest_route=\/wp\/v2\/types\/post"}],"author":[{"embeddable":true,"href":"https:\/\/analyse.optim.biz\/index.php?rest_route=\/wp\/v2\/users\/1"}],"replies":[{"embeddable":true,"href":"https:\/\/analyse.optim.biz\/index.php?rest_route=%2Fwp%2Fv2%2Fcomments&post=1899247"}],"version-history":[{"count":0,"href":"https:\/\/analyse.optim.biz\/index.php?rest_route=\/wp\/v2\/posts\/1899247\/revisions"}],"wp:attachment":[{"href":"https:\/\/analyse.optim.biz\/index.php?rest_route=%2Fwp%2Fv2%2Fmedia&parent=1899247"}],"wp:term":[{"taxonomy":"category","embeddable":true,"href":"https:\/\/analyse.optim.biz\/index.php?rest_route=%2Fwp%2Fv2%2Fcategories&post=1899247"},{"taxonomy":"post_tag","embeddable":true,"href":"https:\/\/analyse.optim.biz\/index.php?rest_route=%2Fwp%2Fv2%2Ftags&post=1899247"}],"curies":[{"name":"wp","href":"https:\/\/api.w.org\/{rel}","templated":true}]}}