{"id":1899147,"date":"2026-04-23T15:41:08","date_gmt":"2026-04-23T12:41:08","guid":{"rendered":"https:\/\/analyse.optim.biz\/?p=1899147"},"modified":"2026-04-23T15:41:08","modified_gmt":"2026-04-23T12:41:08","slug":"o-fetita-de-2-ani-a-murit-in-ambulanta-dupa-ce-i-s-a-facut-rau-in-constanta-politia-a-deschis-o-ancheta","status":"publish","type":"post","link":"https:\/\/analyse.optim.biz\/?p=1899147","title":{"rendered":"O feti\u021b\u0103 de 2 ani a murit \u00een ambulan\u021b\u0103, dup\u0103 ce i s-a f\u0103cut r\u0103u, \u00een Constan\u021ba. Poli\u021bia a deschis o anchet\u0103"},"content":{"rendered":"<p>[analyse_image type=&#8221;featured&#8221; src=&#8221;https:\/\/s.iw.ro\/gateway\/g\/ZmlsZVNvdXJjZT1odHRwJTNBJTJGJTJG\/c3RvcmFnZTA4dHJhbnNjb2Rlci5yY3Mt\/cmRzLnJvJTJGc3RvcmFnZSUyRjIwMjUl\/MkYwMiUyRjA4JTJGMjE4NTU5N18yMTg1\/NTk3X3NodXR0ZXJzdG9ja18yMTY0ODA3\/MjQ1LmpwZyZ3PTEyMDAmaD02MzAmemM9\/MSZoYXNoPTVlZmI4OWRkZDQzNzQzMTBiMDYxYTkyMGY2ODU0MTM0.thumb.jpg&#8221;]<\/p>\n<div class=\"entry data-app-meta data-app-meta-article\" data-embed-base-url-canonical=\"https:\/\/www.digi24.ro\/embed\/stiri\/o-fetita-de-2-ani-a-murit-in-ambulanta-dupa-ce-i-s-a-facut-rau-in-constanta-politia-a-deschis-o-ancheta-3741767\">\n<p data-index=\"1\"><strong>Poli\u0163i\u015ftii au deschis o anchet\u0103 dup\u0103 ce o fat\u0103 de un an \u015fi nou\u0103 luni din jude\u0163ul Constan\u0163a a murit, dup\u0103 ce a \u00eenceput s\u0103 se simt\u0103 r\u0103u, iar mama a decis s\u0103 o transporte cu ma\u015fina la medicul de familie. Pe drum, starea feti\u0163ei s-a agravat, iar femeia a sunat la 112 \u015fi pe drum s-a \u00eent\u00e2lnit cu o ambulan\u0163\u0103. Echipajul medical a \u00eenceput manevrele de resuscitare, dar f\u0103r\u0103 rezultat.<\/strong><\/p>\n<p data-index=\"2\">Reprezentan\u0163ii Inspectoratului de Poli\u0163ie Jude\u0163ean Constan\u0163a au anun\u0163at c\u0103 poli\u0163i\u015ftii au fost sesiza\u0163i, joi, prin apel la 112, cu privire la faptul c\u0103 o feti\u0163\u0103 a murit \u00eentr-o ambulan\u0163\u0103. <\/p>\n<p>\u201dDin primele cercet\u0103ri la fa\u0163a locului a reie\u015fit faptul c\u0103, \u00een aceast\u0103 diminea\u0163\u0103, minora s-ar fi sim\u0163it r\u0103u, moment \u00een care mama acesteia ar fi decis s\u0103 o transporte cu autoturismul personal, din localitatea Valu lui Traian, la medicul de familie din municipiul Constan\u0163a. Pe drum, starea feti\u0163ei s-ar fi agravat, astfel c\u0103 mama a apelat num\u0103rul unic pentru apeluri de urgen\u0163\u0103 112, solicit\u00e2nd o ambulan\u0163\u0103, cu care s-a \u00eent\u00e2lnit pe DN 3, iar echipajul medical a \u00eenceput manevrele de resuscitare, din nefericire f\u0103r\u0103 rezultat\u201d, au afirmat reprezentan\u0163ii IPJ Constan\u0163a. <\/p>\n<p>Trupul ne\u00eensufle\u0163it a fost transportat la morg\u0103 pentru realizarea necropsiei \u015fi stabilirea cauzei decesului.<\/p>\n<p>Poli\u0163i\u015ftii au deschis dosar penal, iar cercet\u0103rile sunt continuate \u00een acest caz.<\/p>\n<p> Editor : <a href=\"https:\/\/www.digi24.ro\/autor\/alina-popescu\"> A.P. <\/a><\/p>\n<\/div>\n<p>[analyse_source url=&#8221;https:\/\/www.digi24.ro\/stiri\/o-fetita-de-2-ani-a-murit-in-ambulanta-dupa-ce-i-s-a-facut-rau-in-constanta-politia-a-deschis-o-ancheta-3741767&#8243;]<\/p>\n","protected":false},"excerpt":{"rendered":"<p>[analyse_image type=&#8221;featured&#8221; src=&#8221;https:\/\/s.iw.ro\/gateway\/g\/ZmlsZVNvdXJjZT1odHRwJTNBJTJGJTJG\/c3RvcmFnZTA4dHJhbnNjb2Rlci5yY3Mt\/cmRzLnJvJTJGc3RvcmFnZSUyRjIwMjUl\/MkYwMiUyRjA4JTJGMjE4NTU5N18yMTg1\/NTk3X3NodXR0ZXJzdG9ja18yMTY0ODA3\/MjQ1LmpwZyZ3PTEyMDAmaD02MzAmemM9\/MSZoYXNoPTVlZmI4OWRkZDQzNzQzMTBiMDYxYTkyMGY2ODU0MTM0.thumb.jpg&#8221;] Poli\u0163i\u015ftii au deschis o anchet\u0103 dup\u0103 ce o fat\u0103 de un an \u015fi nou\u0103 luni din jude\u0163ul Constan\u0163a a murit, dup\u0103 ce a \u00eenceput s\u0103 se simt\u0103 r\u0103u, iar mama a decis s\u0103 o transporte cu ma\u015fina la medicul de familie. Pe drum, starea feti\u0163ei s-a agravat, iar femeia a sunat la [&hellip;]<\/p>\n","protected":false},"author":1,"featured_media":0,"comment_status":"open","ping_status":"","sticky":false,"template":"","format":"standard","meta":{"footnotes":""},"categories":[89],"tags":[226,11],"class_list":["post-1899147","post","type-post","status-publish","format-standard","hentry","category-romania","tag-crawlmanager","tag-digi24"],"_links":{"self":[{"href":"https:\/\/analyse.optim.biz\/index.php?rest_route=\/wp\/v2\/posts\/1899147","targetHints":{"allow":["GET"]}}],"collection":[{"href":"https:\/\/analyse.optim.biz\/index.php?rest_route=\/wp\/v2\/posts"}],"about":[{"href":"https:\/\/analyse.optim.biz\/index.php?rest_route=\/wp\/v2\/types\/post"}],"author":[{"embeddable":true,"href":"https:\/\/analyse.optim.biz\/index.php?rest_route=\/wp\/v2\/users\/1"}],"replies":[{"embeddable":true,"href":"https:\/\/analyse.optim.biz\/index.php?rest_route=%2Fwp%2Fv2%2Fcomments&post=1899147"}],"version-history":[{"count":0,"href":"https:\/\/analyse.optim.biz\/index.php?rest_route=\/wp\/v2\/posts\/1899147\/revisions"}],"wp:attachment":[{"href":"https:\/\/analyse.optim.biz\/index.php?rest_route=%2Fwp%2Fv2%2Fmedia&parent=1899147"}],"wp:term":[{"taxonomy":"category","embeddable":true,"href":"https:\/\/analyse.optim.biz\/index.php?rest_route=%2Fwp%2Fv2%2Fcategories&post=1899147"},{"taxonomy":"post_tag","embeddable":true,"href":"https:\/\/analyse.optim.biz\/index.php?rest_route=%2Fwp%2Fv2%2Ftags&post=1899147"}],"curies":[{"name":"wp","href":"https:\/\/api.w.org\/{rel}","templated":true}]}}