{"id":1898986,"date":"2026-04-23T16:35:02","date_gmt":"2026-04-23T13:35:02","guid":{"rendered":"https:\/\/analyse.optim.biz\/?p=1898986"},"modified":"2026-04-23T16:35:02","modified_gmt":"2026-04-23T13:35:02","slug":"cum-a-plonjat-un-sofer-grabit-patru-metri-in-gol-pana-a-ajuns-cu-masina-intr-un-rau-stiri-suceava","status":"publish","type":"post","link":"https:\/\/analyse.optim.biz\/?p=1898986","title":{"rendered":"Cum a plonjat un \u0219ofer gr\u0103bit patru metri \u00een gol p\u00e2n\u0103 a ajuns cu ma\u0219ina \u00eentr-un r\u00e2u &#8211; Stiri Suceava"},"content":{"rendered":"<p>[analyse_image type=&#8221;featured&#8221; src=&#8221;https:\/\/www.informatiata.ro\/wp-content\/uploads\/2026\/04\/IMG_20260423_033822.jpg&#8221;]<\/p>\n<div class=\"td-post-content tagdiv-type\">\n<div class=\"td-post-featured-image\"><a href=\"https:\/\/www.informatiata.ro\/wp-content\/uploads\/2026\/04\/IMG_20260423_033822.jpg\" data-caption><img loading=\"lazy\" decoding=\"async\" width=\"696\" height=\"545\" class=\"entry-thumb td-modal-image\" src=\"https:\/\/www.informatiata.ro\/wp-content\/uploads\/2026\/04\/IMG_20260423_033822-696x545.jpg\" alt title=\"IMG_20260423_033822\"><img loading=\"lazy\" decoding=\"async\" width=\"696\" height=\"545\" class=\"entry-thumb td-modal-image\" src=\"https:\/\/www.informatiata.ro\/wp-content\/uploads\/2026\/04\/IMG_20260423_033822-696x545.jpg\" alt title=\"IMG_20260423_033822\"><\/a><\/div>\n<p>Un \u0219ofer gr\u0103bit a plonjat patru metri \u00een gol p\u00e2n\u0103 a ajuns cu ma\u0219ina \u00eentr-un r\u00e2u. <\/p>\n<p>Accidentul rutier s-a petrecut la Brodina, \u00een jude\u021bul Suceava, miercuri noapte. <\/p>\n<div class=\"td-a-rec td-a-rec-id-content_inlineright  tdi_6 td_block_template_1\"><img loading=\"lazy\" decoding=\"async\" class=\"aligncenter size-full wp-image-64758\" src=\"https:\/\/www.informatiata.ro\/wp-content\/uploads\/2026\/04\/SAVCOM-14.gif\" alt width=\"299\" height=\"250\"><img loading=\"lazy\" decoding=\"async\" class=\"aligncenter size-full wp-image-64758\" src=\"https:\/\/www.informatiata.ro\/wp-content\/uploads\/2026\/04\/SAVCOM-14.gif\" alt width=\"299\" height=\"250\"><img loading=\"lazy\" decoding=\"async\" class=\"aligncenter size-full wp-image-64759\" src=\"https:\/\/www.informatiata.ro\/wp-content\/uploads\/2026\/04\/FACOS-12.gif\" alt width=\"300\" height=\"250\"><img loading=\"lazy\" decoding=\"async\" class=\"aligncenter size-full wp-image-64759\" src=\"https:\/\/www.informatiata.ro\/wp-content\/uploads\/2026\/04\/FACOS-12.gif\" alt width=\"300\" height=\"250\"><\/div>\n<p>Un localnic nu a adaptat viteza la conditiile de drum, \u00eentr-o curb\u0103 la dreapta, \u0219i a pierdut controlul asupra direc\u021biei de deplasare.<\/p>\n<p>Autoturismul a p\u0103r\u0103sit partea carosabil\u0103, a distrus balustrada podului de peste r\u00e2ul Suceava \u0219i a c\u0103zut de la o \u00een\u0103l\u021bime de aproximativ 4 metri \u00een albia r\u00e2ului. <\/p>\n<p>\u00cen urmna accidentului a rezultat r\u0103nirea conducatorului auto si avarierea autoturismului marca Volkswagen. <\/p>\n<p>La fa\u021ba locului s-a prezentat un echipaj pompieri din cadrul grupei ISU Vicovu de Sus, care a procedat la extragerea conduc\u0103torului auto din autoturism.<\/p>\n<p>Acesta a fost transportat la Spitalul municipal R\u0103d\u0103u\u021bi de c\u0103tre un echipaj SAJ. <\/p>\n<p>\u0218oferul a fost testat cu etilotestul, rezultatul fiind negativ. El s-a ales cu dosar penal. <\/p>\n<div class=\"td-a-rec td-a-rec-id-content_bottom  tdi_7 td_block_template_1\"><img loading=\"lazy\" decoding=\"async\" class=\"aligncenter size-full wp-image-64758\" src=\"https:\/\/www.informatiata.ro\/wp-content\/uploads\/2026\/04\/SAVCOM-14.gif\" alt width=\"299\" height=\"250\"><img loading=\"lazy\" decoding=\"async\" class=\"aligncenter size-full wp-image-64758\" src=\"https:\/\/www.informatiata.ro\/wp-content\/uploads\/2026\/04\/SAVCOM-14.gif\" alt width=\"299\" height=\"250\"><img loading=\"lazy\" decoding=\"async\" class=\"aligncenter size-full wp-image-64759\" src=\"https:\/\/www.informatiata.ro\/wp-content\/uploads\/2026\/04\/FACOS-12.gif\" alt width=\"300\" height=\"250\"><img loading=\"lazy\" decoding=\"async\" class=\"aligncenter size-full wp-image-64759\" src=\"https:\/\/www.informatiata.ro\/wp-content\/uploads\/2026\/04\/FACOS-12.gif\" alt width=\"300\" height=\"250\"><\/div>\n<\/div>\n<p>[analyse_source url=&#8221;https:\/\/www.informatiata.ro\/sofer-grabit-cu-masina-in-rau\/&#8221;]<\/p>\n","protected":false},"excerpt":{"rendered":"<p>[analyse_image type=&#8221;featured&#8221; src=&#8221;https:\/\/www.informatiata.ro\/wp-content\/uploads\/2026\/04\/IMG_20260423_033822.jpg&#8221;] Un \u0219ofer gr\u0103bit a plonjat patru metri \u00een gol p\u00e2n\u0103 a ajuns cu ma\u0219ina \u00eentr-un r\u00e2u. Accidentul rutier s-a petrecut la Brodina, \u00een jude\u021bul Suceava, miercuri noapte. Un localnic nu a adaptat viteza la conditiile de drum, \u00eentr-o curb\u0103 la dreapta, \u0219i a pierdut controlul asupra direc\u021biei de deplasare. Autoturismul a p\u0103r\u0103sit [&hellip;]<\/p>\n","protected":false},"author":1,"featured_media":0,"comment_status":"open","ping_status":"","sticky":false,"template":"","format":"standard","meta":{"footnotes":""},"categories":[89],"tags":[226,167],"class_list":["post-1898986","post","type-post","status-publish","format-standard","hentry","category-romania","tag-crawlmanager","tag-informatiata-ro"],"_links":{"self":[{"href":"https:\/\/analyse.optim.biz\/index.php?rest_route=\/wp\/v2\/posts\/1898986","targetHints":{"allow":["GET"]}}],"collection":[{"href":"https:\/\/analyse.optim.biz\/index.php?rest_route=\/wp\/v2\/posts"}],"about":[{"href":"https:\/\/analyse.optim.biz\/index.php?rest_route=\/wp\/v2\/types\/post"}],"author":[{"embeddable":true,"href":"https:\/\/analyse.optim.biz\/index.php?rest_route=\/wp\/v2\/users\/1"}],"replies":[{"embeddable":true,"href":"https:\/\/analyse.optim.biz\/index.php?rest_route=%2Fwp%2Fv2%2Fcomments&post=1898986"}],"version-history":[{"count":0,"href":"https:\/\/analyse.optim.biz\/index.php?rest_route=\/wp\/v2\/posts\/1898986\/revisions"}],"wp:attachment":[{"href":"https:\/\/analyse.optim.biz\/index.php?rest_route=%2Fwp%2Fv2%2Fmedia&parent=1898986"}],"wp:term":[{"taxonomy":"category","embeddable":true,"href":"https:\/\/analyse.optim.biz\/index.php?rest_route=%2Fwp%2Fv2%2Fcategories&post=1898986"},{"taxonomy":"post_tag","embeddable":true,"href":"https:\/\/analyse.optim.biz\/index.php?rest_route=%2Fwp%2Fv2%2Ftags&post=1898986"}],"curies":[{"name":"wp","href":"https:\/\/api.w.org\/{rel}","templated":true}]}}