{"id":1898977,"date":"2026-04-22T14:10:37","date_gmt":"2026-04-22T11:10:37","guid":{"rendered":"https:\/\/analyse.optim.biz\/?p=1898977"},"modified":"2026-04-22T14:10:37","modified_gmt":"2026-04-22T11:10:37","slug":"noi-restrictii-pe-autostrada-a7","status":"publish","type":"post","link":"https:\/\/analyse.optim.biz\/?p=1898977","title":{"rendered":"NOI RESTRIC\u021aII PE AUTOSTRADA A7"},"content":{"rendered":"<p>[analyse_image type=&#8221;featured&#8221; src=&#8221;https:\/\/newss.ro\/wp-content\/uploads\/2026\/04\/autostrada-A7.jpg&#8221;]<\/p>\n<div class=\"td-post-content\">\n<div class=\"td-post-featured-image\"><a href=\"https:\/\/newss.ro\/wp-content\/uploads\/2026\/04\/autostrada-A7.jpg\" data-caption><img loading=\"lazy\" decoding=\"async\" width=\"696\" height=\"473\" class=\"entry-thumb td-modal-image\" src=\"https:\/\/newss.ro\/wp-content\/uploads\/2026\/04\/autostrada-A7-696x473.jpg\" alt title=\"autostrada A7\"><\/a><\/div>\n<p>Noi restric\u021bii de circula\u021bie vor fi impuse, vineri, 24 aprilie, pe autostrada Moldovei, \u00een apropiere de municipiul Buz\u0103u. \u00a0Reprezentan\u021bii Direc\u021biei Regionale de Drumuri \u0219i Poduri Buz\u0103u precizeaz\u0103 c\u0103 este vorba despre o zon\u0103 apropiat\u0103 de nodul rutier de la Sp\u0103taru, unde se vor face verific\u0103ri piezoelectrice, pe sensul de mers Bucure\u0219ti-Foc\u0219ani. Restric\u021biile vor fi impuse \u00eentre orele 09:00 \u2013 12:00, iar traficul va fi dirijat printr-o semnalizare temporar\u0103. Reprezentan\u021bii DRDP Buz\u0103u au anun\u021bat, recent, ample lucr\u0103ri de repara\u021bii \u0219i \u00eentre\u021binere pe tronsonul Pietroasele-Municipiul Buz\u0103u al Autostr\u0103zii A7, pe ambele sensuri de mers, destinate men\u021binerii calit\u0103\u021bii infrastructurii rutiere, dup\u0103 perioada de iarn\u0103, c\u00e2nd au ap\u0103rut tas\u0103ri sau alte probleme pe autostrad\u0103.<\/p>\n<p>Interven\u021biile vor avea loc doar \u00een timpul s\u0103pt\u0103m\u00e2nii, de luni, ora 12:00, p\u00e2n\u0103 vineri, ora 12:00, cu respectarea tuturor m\u0103surilor de siguran\u021b\u0103 rutier\u0103.<\/p>\n<\/div>\n<div class=\"td-post-content\">\n<div class=\"td-post-featured-image\"><a href=\"https:\/\/newss.ro\/wp-content\/uploads\/2026\/04\/autostrada-A7.jpg\" data-caption><img loading=\"lazy\" decoding=\"async\" width=\"696\" height=\"473\" class=\"entry-thumb td-modal-image\" src=\"https:\/\/newss.ro\/wp-content\/uploads\/2026\/04\/autostrada-A7-696x473.jpg\" alt title=\"autostrada A7\"><\/a><\/div>\n<p>Noi restric\u021bii de circula\u021bie vor fi impuse, vineri, 24 aprilie, pe autostrada Moldovei, \u00een apropiere de municipiul Buz\u0103u. \u00a0Reprezentan\u021bii Direc\u021biei Regionale de Drumuri \u0219i Poduri Buz\u0103u precizeaz\u0103 c\u0103 este vorba despre o zon\u0103 apropiat\u0103 de nodul rutier de la Sp\u0103taru, unde se vor face verific\u0103ri piezoelectrice, pe sensul de mers Bucure\u0219ti-Foc\u0219ani. Restric\u021biile vor fi impuse \u00eentre orele 09:00 \u2013 12:00, iar traficul va fi dirijat printr-o semnalizare temporar\u0103. Reprezentan\u021bii DRDP Buz\u0103u au anun\u021bat, recent, ample lucr\u0103ri de repara\u021bii \u0219i \u00eentre\u021binere pe tronsonul Pietroasele-Municipiul Buz\u0103u al Autostr\u0103zii A7, pe ambele sensuri de mers, destinate men\u021binerii calit\u0103\u021bii infrastructurii rutiere, dup\u0103 perioada de iarn\u0103, c\u00e2nd au ap\u0103rut tas\u0103ri sau alte probleme pe autostrad\u0103.<\/p>\n<p>Interven\u021biile vor avea loc doar \u00een timpul s\u0103pt\u0103m\u00e2nii, de luni, ora 12:00, p\u00e2n\u0103 vineri, ora 12:00, cu respectarea tuturor m\u0103surilor de siguran\u021b\u0103 rutier\u0103.<\/p>\n<\/div>\n<p>[analyse_source url=&#8221;https:\/\/newss.ro\/2026\/04\/22\/noi-restrictii-pe-autostrada-a7\/&#8221;]<\/p>\n","protected":false},"excerpt":{"rendered":"<p>[analyse_image type=&#8221;featured&#8221; src=&#8221;https:\/\/newss.ro\/wp-content\/uploads\/2026\/04\/autostrada-A7.jpg&#8221;] Noi restric\u021bii de circula\u021bie vor fi impuse, vineri, 24 aprilie, pe autostrada Moldovei, \u00een apropiere de municipiul Buz\u0103u. \u00a0Reprezentan\u021bii Direc\u021biei Regionale de Drumuri \u0219i Poduri Buz\u0103u precizeaz\u0103 c\u0103 este vorba despre o zon\u0103 apropiat\u0103 de nodul rutier de la Sp\u0103taru, unde se vor face verific\u0103ri piezoelectrice, pe sensul de mers Bucure\u0219ti-Foc\u0219ani. Restric\u021biile [&hellip;]<\/p>\n","protected":false},"author":1,"featured_media":0,"comment_status":"open","ping_status":"","sticky":false,"template":"","format":"standard","meta":{"footnotes":""},"categories":[2],"tags":[226,73],"class_list":["post-1898977","post","type-post","status-publish","format-standard","hentry","category-politics","tag-crawlmanager","tag-newss-ro"],"_links":{"self":[{"href":"https:\/\/analyse.optim.biz\/index.php?rest_route=\/wp\/v2\/posts\/1898977","targetHints":{"allow":["GET"]}}],"collection":[{"href":"https:\/\/analyse.optim.biz\/index.php?rest_route=\/wp\/v2\/posts"}],"about":[{"href":"https:\/\/analyse.optim.biz\/index.php?rest_route=\/wp\/v2\/types\/post"}],"author":[{"embeddable":true,"href":"https:\/\/analyse.optim.biz\/index.php?rest_route=\/wp\/v2\/users\/1"}],"replies":[{"embeddable":true,"href":"https:\/\/analyse.optim.biz\/index.php?rest_route=%2Fwp%2Fv2%2Fcomments&post=1898977"}],"version-history":[{"count":0,"href":"https:\/\/analyse.optim.biz\/index.php?rest_route=\/wp\/v2\/posts\/1898977\/revisions"}],"wp:attachment":[{"href":"https:\/\/analyse.optim.biz\/index.php?rest_route=%2Fwp%2Fv2%2Fmedia&parent=1898977"}],"wp:term":[{"taxonomy":"category","embeddable":true,"href":"https:\/\/analyse.optim.biz\/index.php?rest_route=%2Fwp%2Fv2%2Fcategories&post=1898977"},{"taxonomy":"post_tag","embeddable":true,"href":"https:\/\/analyse.optim.biz\/index.php?rest_route=%2Fwp%2Fv2%2Ftags&post=1898977"}],"curies":[{"name":"wp","href":"https:\/\/api.w.org\/{rel}","templated":true}]}}