{"id":1898976,"date":"2026-04-22T12:07:27","date_gmt":"2026-04-22T09:07:27","guid":{"rendered":"https:\/\/analyse.optim.biz\/?p=1898976"},"modified":"2026-04-22T12:07:27","modified_gmt":"2026-04-22T09:07:27","slug":"buzoienii-rau-platnici-pusi-pe-lista-rusinii","status":"publish","type":"post","link":"https:\/\/analyse.optim.biz\/?p=1898976","title":{"rendered":"BUZOIENII R\u0102U-PLATNICI PU\u0218I PE LISTA RU\u0218INII"},"content":{"rendered":"<p>[analyse_image type=&#8221;featured&#8221; src=&#8221;https:\/\/newss.ro\/wp-content\/uploads\/2026\/04\/portofel-gol.jpg&#8221;]<\/p>\n<div class=\"td-post-content\">\n<div class=\"td-post-featured-image\"><a href=\"https:\/\/newss.ro\/wp-content\/uploads\/2026\/04\/portofel-gol.jpg\" data-caption><img loading=\"lazy\" decoding=\"async\" width=\"696\" height=\"393\" class=\"entry-thumb td-modal-image\" src=\"https:\/\/newss.ro\/wp-content\/uploads\/2026\/04\/portofel-gol-696x393.jpg\" alt title=\"portofel gol\"><\/a><\/div>\n<p>Dac\u0103 legea o cere, primarul Buz\u0103ului, Constantin Toma, se execut\u0103\u2026 ,,cu pl\u0103cere\u201d! Edilul preg\u0103te\u0219te d\u00e9j\u00e0 listele ru\u0219inii pe care vor figura to\u021bi cei care au uitat s\u0103-\u0219i mai pl\u0103teasc\u0103 d\u0103rile c\u0103tre stat. Legea \u00eencearc\u0103 totu\u0219i s\u0103 evite acuza\u021bia de bullying institu\u021bional prin obliga\u021bia notific\u0103rii datornicilor. Adic\u0103, cet\u0103\u021beanul are o ultim\u0103 \u0219ans\u0103: \u201ePl\u0103te\u0219te sau devii public\u201d.<\/p>\n<p>Teama sau ru\u0219inea datornicului de a fi v\u0103zut de vecini, clien\u021bi sau parteneri de afaceri pe o list\u0103 neagr\u0103 este, de multe ori, un stimulent mai puternic dec\u00e2t penalit\u0103\u021bile de \u00eent\u00e2rziere. Pragul minim necesar pentru a fi \u00eenscri\u0219i pe aceste liste ru\u0219inoase este de 1.200 lei pentru persoanele fizice \u0219i de 5.000 lei pentru persoanele juridice. Pentru moment, la Buz\u0103u nu se \u0219tie c\u00e2t de lung\u0103 va fi lista.<\/p>\n<p>Autorit\u0103\u021bile argumenteaz\u0103 c\u0103 este nedrept ca majoritatea cet\u0103\u021benilor s\u0103 pl\u0103teasc\u0103 la timp, \u00een vreme ce al\u021bii beneficiaz\u0103 de serviciile ora\u0219ului -iluminat, cur\u0103\u021benie, drumuri- pe gratis, sub protec\u021bia anonimatului. Totu\u0219i, mul\u021bi dintre cei de pe list\u0103 ar putea fi persoane \u00een dificultate financiar\u0103, nu neap\u0103rat \u201er\u0103u-platnici de rea-credin\u021b\u0103\u201d. Marii datornici, de cele mai multe ori firme \u201cfantom\u0103\u201d, nu sunt afecta\u021bi de \u201eru\u0219ine\u201d, pe c\u00e2nd un mic antreprenor local \u00ee\u0219i poate pierde reputa\u021bia \u0219i creditul \u00een fa\u021ba furnizorilor din cauza unei liste trimestriale.<\/p>\n<\/div>\n<div class=\"td-post-content\">\n<div class=\"td-post-featured-image\"><a href=\"https:\/\/newss.ro\/wp-content\/uploads\/2026\/04\/portofel-gol.jpg\" data-caption><img loading=\"lazy\" decoding=\"async\" width=\"696\" height=\"393\" class=\"entry-thumb td-modal-image\" src=\"https:\/\/newss.ro\/wp-content\/uploads\/2026\/04\/portofel-gol-696x393.jpg\" alt title=\"portofel gol\"><\/a><\/div>\n<p>Dac\u0103 legea o cere, primarul Buz\u0103ului, Constantin Toma, se execut\u0103\u2026 ,,cu pl\u0103cere\u201d! Edilul preg\u0103te\u0219te d\u00e9j\u00e0 listele ru\u0219inii pe care vor figura to\u021bi cei care au uitat s\u0103-\u0219i mai pl\u0103teasc\u0103 d\u0103rile c\u0103tre stat. Legea \u00eencearc\u0103 totu\u0219i s\u0103 evite acuza\u021bia de bullying institu\u021bional prin obliga\u021bia notific\u0103rii datornicilor. Adic\u0103, cet\u0103\u021beanul are o ultim\u0103 \u0219ans\u0103: \u201ePl\u0103te\u0219te sau devii public\u201d.<\/p>\n<p>Teama sau ru\u0219inea datornicului de a fi v\u0103zut de vecini, clien\u021bi sau parteneri de afaceri pe o list\u0103 neagr\u0103 este, de multe ori, un stimulent mai puternic dec\u00e2t penalit\u0103\u021bile de \u00eent\u00e2rziere. Pragul minim necesar pentru a fi \u00eenscri\u0219i pe aceste liste ru\u0219inoase este de 1.200 lei pentru persoanele fizice \u0219i de 5.000 lei pentru persoanele juridice. Pentru moment, la Buz\u0103u nu se \u0219tie c\u00e2t de lung\u0103 va fi lista.<\/p>\n<p>Autorit\u0103\u021bile argumenteaz\u0103 c\u0103 este nedrept ca majoritatea cet\u0103\u021benilor s\u0103 pl\u0103teasc\u0103 la timp, \u00een vreme ce al\u021bii beneficiaz\u0103 de serviciile ora\u0219ului -iluminat, cur\u0103\u021benie, drumuri- pe gratis, sub protec\u021bia anonimatului. Totu\u0219i, mul\u021bi dintre cei de pe list\u0103 ar putea fi persoane \u00een dificultate financiar\u0103, nu neap\u0103rat \u201er\u0103u-platnici de rea-credin\u021b\u0103\u201d. Marii datornici, de cele mai multe ori firme \u201cfantom\u0103\u201d, nu sunt afecta\u021bi de \u201eru\u0219ine\u201d, pe c\u00e2nd un mic antreprenor local \u00ee\u0219i poate pierde reputa\u021bia \u0219i creditul \u00een fa\u021ba furnizorilor din cauza unei liste trimestriale.<\/p>\n<\/div>\n<p>[analyse_source url=&#8221;https:\/\/newss.ro\/2026\/04\/22\/buzoienii-rau-platnici-pusi-pe-lista-rusinii\/&#8221;]<\/p>\n","protected":false},"excerpt":{"rendered":"<p>[analyse_image type=&#8221;featured&#8221; src=&#8221;https:\/\/newss.ro\/wp-content\/uploads\/2026\/04\/portofel-gol.jpg&#8221;] Dac\u0103 legea o cere, primarul Buz\u0103ului, Constantin Toma, se execut\u0103\u2026 ,,cu pl\u0103cere\u201d! Edilul preg\u0103te\u0219te d\u00e9j\u00e0 listele ru\u0219inii pe care vor figura to\u021bi cei care au uitat s\u0103-\u0219i mai pl\u0103teasc\u0103 d\u0103rile c\u0103tre stat. Legea \u00eencearc\u0103 totu\u0219i s\u0103 evite acuza\u021bia de bullying institu\u021bional prin obliga\u021bia notific\u0103rii datornicilor. Adic\u0103, cet\u0103\u021beanul are o ultim\u0103 \u0219ans\u0103: \u201ePl\u0103te\u0219te [&hellip;]<\/p>\n","protected":false},"author":1,"featured_media":0,"comment_status":"open","ping_status":"","sticky":false,"template":"","format":"standard","meta":{"footnotes":""},"categories":[2],"tags":[226,73],"class_list":["post-1898976","post","type-post","status-publish","format-standard","hentry","category-politics","tag-crawlmanager","tag-newss-ro"],"_links":{"self":[{"href":"https:\/\/analyse.optim.biz\/index.php?rest_route=\/wp\/v2\/posts\/1898976","targetHints":{"allow":["GET"]}}],"collection":[{"href":"https:\/\/analyse.optim.biz\/index.php?rest_route=\/wp\/v2\/posts"}],"about":[{"href":"https:\/\/analyse.optim.biz\/index.php?rest_route=\/wp\/v2\/types\/post"}],"author":[{"embeddable":true,"href":"https:\/\/analyse.optim.biz\/index.php?rest_route=\/wp\/v2\/users\/1"}],"replies":[{"embeddable":true,"href":"https:\/\/analyse.optim.biz\/index.php?rest_route=%2Fwp%2Fv2%2Fcomments&post=1898976"}],"version-history":[{"count":0,"href":"https:\/\/analyse.optim.biz\/index.php?rest_route=\/wp\/v2\/posts\/1898976\/revisions"}],"wp:attachment":[{"href":"https:\/\/analyse.optim.biz\/index.php?rest_route=%2Fwp%2Fv2%2Fmedia&parent=1898976"}],"wp:term":[{"taxonomy":"category","embeddable":true,"href":"https:\/\/analyse.optim.biz\/index.php?rest_route=%2Fwp%2Fv2%2Fcategories&post=1898976"},{"taxonomy":"post_tag","embeddable":true,"href":"https:\/\/analyse.optim.biz\/index.php?rest_route=%2Fwp%2Fv2%2Ftags&post=1898976"}],"curies":[{"name":"wp","href":"https:\/\/api.w.org\/{rel}","templated":true}]}}