{"id":1898974,"date":"2026-04-22T11:04:23","date_gmt":"2026-04-22T08:04:23","guid":{"rendered":"https:\/\/analyse.optim.biz\/?p=1898974"},"modified":"2026-04-22T11:04:23","modified_gmt":"2026-04-22T08:04:23","slug":"lucrari-care-nu-se-mai-termina","status":"publish","type":"post","link":"https:\/\/analyse.optim.biz\/?p=1898974","title":{"rendered":"LUCR\u0102RI CARE NU SE MAI TERMIN\u0102"},"content":{"rendered":"<p>[analyse_image type=&#8221;featured&#8221; src=&#8221;https:\/\/newss.ro\/wp-content\/uploads\/2026\/04\/LUCRARI-CARE-NU-SE-MAI-TERMINA.Still001.jpg&#8221;]<\/p>\n<div class=\"td-post-content\">\n<div class=\"td-post-featured-image\"><a href=\"https:\/\/newss.ro\/wp-content\/uploads\/2026\/04\/LUCRARI-CARE-NU-SE-MAI-TERMINA.Still001.jpg\" data-caption><img loading=\"lazy\" decoding=\"async\" width=\"696\" height=\"392\" class=\"entry-thumb td-modal-image\" src=\"https:\/\/newss.ro\/wp-content\/uploads\/2026\/04\/LUCRARI-CARE-NU-SE-MAI-TERMINA.Still001-696x392.jpg\" alt title=\"LUCR\u0102RI CARE NU SE MAI TERMIN\u0102.Still001\"><\/a><\/div>\n<p>Lucr\u0103rile de reabilitare \u0219i modernizare a cl\u0103dirii Colegiului Na\u021bional \u201dAlexandru Vlahu\u021b\u0103\u201e din R\u00e2mnicu S\u0103rat par s\u0103 nu se mai termine. \u00cen prezent, se asfalteaz\u0103 curtea unit\u0103\u021bii de \u00eenv\u0103\u021b\u0103m\u00e2nt, dup\u0103 o perioad\u0103 \u00een care, spun autorit\u0103\u021bile locale, sub stratul de asfalt, s-au ref\u0103cut toate re\u021belele de termoficare, ap\u0103 \u0219i ap\u0103 pluvial\u0103.<\/p>\n<p>Lucr\u0103rile de reabilitare a unit\u0103\u021bii de \u00eenv\u0103\u021b\u0103m\u00e2nt din Rm. S\u0103rat au demarat \u00een prim\u0103vara anului 2019. Potrivit autorit\u0103\u021bilor locale, pandemia, criza materialelor de construc\u021bii, dar \u0219i alte probleme tehnice \u00eent\u00e2mpinate pe parcursul execu\u021biei lucr\u0103rilor au dus la prelungirea perioadei de finalizare a investi\u021biei. \u00centre timp, r\u0103bdarea r\u00e2mnicenilor \u0219i a celor care vor ca unitatea s\u0103-\u0219i primeasc\u0103 din nou elevii a ajuns la final.<\/p>\n<p>\u00cen curtea colegiului vor fi amenajate spa\u021bii verzi \u0219i vor fi planta\u021bi arbori.<\/p>\n<p>Cl\u0103direa \u00een care func\u021bioneaz\u0103 Colegiul Na\u021bional \u201cAlexandru Vlahu\u021b\u0103\u201d din R\u00e2mnicu S\u0103rat are o vechime de 137 de ani \u0219i este declarat\u0103 monument istoric. De c\u00e2nd au demarat lucr\u0103rile de reabilitare, elevii \u00ee\u0219i desf\u0103\u0219oar\u0103 cursurile la Liceul Tehnologic ,,Traian S\u0103vulescu,, din R\u00e2mnicu S\u0103rat. Debutul acestui an \u0219colar a venit cu o surpriz\u0103 uria\u0219\u0103 pentru r\u00e2mniceni: elevii \u0218colii Gimnaziale \u201eConstantin Br\u00e2ncoveanu\u201d au \u00eenceput cursurile \u00eentr-o parte din cl\u0103direa Colegiului Na\u021bional \u201eAlexandru Vlahu\u021b\u0103\u201d. Comunitatea local\u0103 sper\u0103 ca proiectul de reabilitare \u0219i modernizare a unit\u0103\u021bii de \u00eenv\u0103\u021b\u0103m\u00e2nt s\u0103 se finalizeze c\u00e2t mai repede, iar elevii \u0219i cadrele didactice s\u0103 se poat\u0103 muta \u00een cl\u0103direa de care apar\u021bin.<\/p>\n<\/div>\n<div class=\"td-post-content\">\n<div class=\"td-post-featured-image\"><a href=\"https:\/\/newss.ro\/wp-content\/uploads\/2026\/04\/LUCRARI-CARE-NU-SE-MAI-TERMINA.Still001.jpg\" data-caption><img loading=\"lazy\" decoding=\"async\" width=\"696\" height=\"392\" class=\"entry-thumb td-modal-image\" src=\"https:\/\/newss.ro\/wp-content\/uploads\/2026\/04\/LUCRARI-CARE-NU-SE-MAI-TERMINA.Still001-696x392.jpg\" alt title=\"LUCR\u0102RI CARE NU SE MAI TERMIN\u0102.Still001\"><\/a><\/div>\n<p>Lucr\u0103rile de reabilitare \u0219i modernizare a cl\u0103dirii Colegiului Na\u021bional \u201dAlexandru Vlahu\u021b\u0103\u201e din R\u00e2mnicu S\u0103rat par s\u0103 nu se mai termine. \u00cen prezent, se asfalteaz\u0103 curtea unit\u0103\u021bii de \u00eenv\u0103\u021b\u0103m\u00e2nt, dup\u0103 o perioad\u0103 \u00een care, spun autorit\u0103\u021bile locale, sub stratul de asfalt, s-au ref\u0103cut toate re\u021belele de termoficare, ap\u0103 \u0219i ap\u0103 pluvial\u0103.<\/p>\n<p>Lucr\u0103rile de reabilitare a unit\u0103\u021bii de \u00eenv\u0103\u021b\u0103m\u00e2nt din Rm. S\u0103rat au demarat \u00een prim\u0103vara anului 2019. Potrivit autorit\u0103\u021bilor locale, pandemia, criza materialelor de construc\u021bii, dar \u0219i alte probleme tehnice \u00eent\u00e2mpinate pe parcursul execu\u021biei lucr\u0103rilor au dus la prelungirea perioadei de finalizare a investi\u021biei. \u00centre timp, r\u0103bdarea r\u00e2mnicenilor \u0219i a celor care vor ca unitatea s\u0103-\u0219i primeasc\u0103 din nou elevii a ajuns la final.<\/p>\n<p>\u00cen curtea colegiului vor fi amenajate spa\u021bii verzi \u0219i vor fi planta\u021bi arbori.<\/p>\n<p>Cl\u0103direa \u00een care func\u021bioneaz\u0103 Colegiul Na\u021bional \u201cAlexandru Vlahu\u021b\u0103\u201d din R\u00e2mnicu S\u0103rat are o vechime de 137 de ani \u0219i este declarat\u0103 monument istoric. De c\u00e2nd au demarat lucr\u0103rile de reabilitare, elevii \u00ee\u0219i desf\u0103\u0219oar\u0103 cursurile la Liceul Tehnologic ,,Traian S\u0103vulescu,, din R\u00e2mnicu S\u0103rat. Debutul acestui an \u0219colar a venit cu o surpriz\u0103 uria\u0219\u0103 pentru r\u00e2mniceni: elevii \u0218colii Gimnaziale \u201eConstantin Br\u00e2ncoveanu\u201d au \u00eenceput cursurile \u00eentr-o parte din cl\u0103direa Colegiului Na\u021bional \u201eAlexandru Vlahu\u021b\u0103\u201d. Comunitatea local\u0103 sper\u0103 ca proiectul de reabilitare \u0219i modernizare a unit\u0103\u021bii de \u00eenv\u0103\u021b\u0103m\u00e2nt s\u0103 se finalizeze c\u00e2t mai repede, iar elevii \u0219i cadrele didactice s\u0103 se poat\u0103 muta \u00een cl\u0103direa de care apar\u021bin.<\/p>\n<\/div>\n<p>[analyse_source url=&#8221;https:\/\/newss.ro\/2026\/04\/22\/lucrari-care-nu-se-mai-termina\/&#8221;]<\/p>\n","protected":false},"excerpt":{"rendered":"<p>[analyse_image type=&#8221;featured&#8221; src=&#8221;https:\/\/newss.ro\/wp-content\/uploads\/2026\/04\/LUCRARI-CARE-NU-SE-MAI-TERMINA.Still001.jpg&#8221;] Lucr\u0103rile de reabilitare \u0219i modernizare a cl\u0103dirii Colegiului Na\u021bional \u201dAlexandru Vlahu\u021b\u0103\u201e din R\u00e2mnicu S\u0103rat par s\u0103 nu se mai termine. \u00cen prezent, se asfalteaz\u0103 curtea unit\u0103\u021bii de \u00eenv\u0103\u021b\u0103m\u00e2nt, dup\u0103 o perioad\u0103 \u00een care, spun autorit\u0103\u021bile locale, sub stratul de asfalt, s-au ref\u0103cut toate re\u021belele de termoficare, ap\u0103 \u0219i ap\u0103 pluvial\u0103. Lucr\u0103rile de [&hellip;]<\/p>\n","protected":false},"author":1,"featured_media":0,"comment_status":"open","ping_status":"","sticky":false,"template":"","format":"standard","meta":{"footnotes":""},"categories":[2],"tags":[226,73],"class_list":["post-1898974","post","type-post","status-publish","format-standard","hentry","category-politics","tag-crawlmanager","tag-newss-ro"],"_links":{"self":[{"href":"https:\/\/analyse.optim.biz\/index.php?rest_route=\/wp\/v2\/posts\/1898974","targetHints":{"allow":["GET"]}}],"collection":[{"href":"https:\/\/analyse.optim.biz\/index.php?rest_route=\/wp\/v2\/posts"}],"about":[{"href":"https:\/\/analyse.optim.biz\/index.php?rest_route=\/wp\/v2\/types\/post"}],"author":[{"embeddable":true,"href":"https:\/\/analyse.optim.biz\/index.php?rest_route=\/wp\/v2\/users\/1"}],"replies":[{"embeddable":true,"href":"https:\/\/analyse.optim.biz\/index.php?rest_route=%2Fwp%2Fv2%2Fcomments&post=1898974"}],"version-history":[{"count":0,"href":"https:\/\/analyse.optim.biz\/index.php?rest_route=\/wp\/v2\/posts\/1898974\/revisions"}],"wp:attachment":[{"href":"https:\/\/analyse.optim.biz\/index.php?rest_route=%2Fwp%2Fv2%2Fmedia&parent=1898974"}],"wp:term":[{"taxonomy":"category","embeddable":true,"href":"https:\/\/analyse.optim.biz\/index.php?rest_route=%2Fwp%2Fv2%2Fcategories&post=1898974"},{"taxonomy":"post_tag","embeddable":true,"href":"https:\/\/analyse.optim.biz\/index.php?rest_route=%2Fwp%2Fv2%2Ftags&post=1898974"}],"curies":[{"name":"wp","href":"https:\/\/api.w.org\/{rel}","templated":true}]}}