{"id":1898971,"date":"2026-04-17T12:25:46","date_gmt":"2026-04-17T09:25:46","guid":{"rendered":"https:\/\/analyse.optim.biz\/?p=1898971"},"modified":"2026-04-17T12:25:46","modified_gmt":"2026-04-17T09:25:46","slug":"helesteul-din-parcul-crang-trebuie-curatat","status":"publish","type":"post","link":"https:\/\/analyse.optim.biz\/?p=1898971","title":{"rendered":"HELE\u0218TEUL DIN PARCUL CR\u00c2NG TREBUIE CUR\u0102\u021aAT"},"content":{"rendered":"<p>[analyse_image type=&#8221;featured&#8221; src=&#8221;https:\/\/newss.ro\/wp-content\/uploads\/2016\/11\/helesteu-Parcul-Crang.jpg&#8221;]<\/p>\n<div class=\"td-post-content\">\n<div class=\"td-post-featured-image\"><a href=\"https:\/\/newss.ro\/wp-content\/uploads\/2016\/11\/helesteu-Parcul-Crang.jpg\" data-caption><img loading=\"lazy\" decoding=\"async\" width=\"696\" height=\"522\" class=\"entry-thumb td-modal-image\" src=\"https:\/\/newss.ro\/wp-content\/uploads\/2016\/11\/helesteu-Parcul-Crang-696x522.jpg\" alt title=\"helesteu-parcul-crang\"><\/a><\/div>\n<p>\u0218i \u00een acest an, Hele\u0219teul din Parcul Cr\u00e2ng, din municipiul Buz\u0103u, va fi cur\u0103\u021bat cu ajutorul unei motocositori acvatice, iar lacul va fi reumplut cu ap\u0103 la un nivel potrivit. Ac\u021biunea se realizeaz\u0103 periodic deoarece o mare suprafa\u021b\u0103 din Hele\u0219teu este murdar\u0103 \u0219i are nevoie de o cur\u0103\u021bire profund\u0103.<\/p>\n<p>Opera\u021biunea este \u00eens\u0103 una destul de superficial\u0103 \u0219i ar fi nevoie de o cur\u0103\u021bare adecvat\u0103. De asemenea, pentru a cur\u0103\u021ba hele\u0219teul va fi nevoie de mul\u021bi bani, de timp \u0219i de opera\u021biuni complicate \u0219i costisitoare. Este \u0219i motivul pentru care Prim\u0103ria Buz\u0103u dore\u0219te s\u0103 fac\u0103 mai \u00eent\u00e2i un studiu de fezabilitate pentru a stabili solu\u021bia tehnic\u0103 potrivit\u0103, inclusiv expertizarea malurilor \u0219i consolidarea lor, acolo unde sunt posibile pr\u0103bu\u0219iri.<\/p>\n<\/div>\n<div class=\"td-post-content\">\n<div class=\"td-post-featured-image\"><a href=\"https:\/\/newss.ro\/wp-content\/uploads\/2016\/11\/helesteu-Parcul-Crang.jpg\" data-caption><img loading=\"lazy\" decoding=\"async\" width=\"696\" height=\"522\" class=\"entry-thumb td-modal-image\" src=\"https:\/\/newss.ro\/wp-content\/uploads\/2016\/11\/helesteu-Parcul-Crang-696x522.jpg\" alt title=\"helesteu-parcul-crang\"><\/a><\/div>\n<p>\u0218i \u00een acest an, Hele\u0219teul din Parcul Cr\u00e2ng, din municipiul Buz\u0103u, va fi cur\u0103\u021bat cu ajutorul unei motocositori acvatice, iar lacul va fi reumplut cu ap\u0103 la un nivel potrivit. Ac\u021biunea se realizeaz\u0103 periodic deoarece o mare suprafa\u021b\u0103 din Hele\u0219teu este murdar\u0103 \u0219i are nevoie de o cur\u0103\u021bire profund\u0103.<\/p>\n<p>Opera\u021biunea este \u00eens\u0103 una destul de superficial\u0103 \u0219i ar fi nevoie de o cur\u0103\u021bare adecvat\u0103. De asemenea, pentru a cur\u0103\u021ba hele\u0219teul va fi nevoie de mul\u021bi bani, de timp \u0219i de opera\u021biuni complicate \u0219i costisitoare. Este \u0219i motivul pentru care Prim\u0103ria Buz\u0103u dore\u0219te s\u0103 fac\u0103 mai \u00eent\u00e2i un studiu de fezabilitate pentru a stabili solu\u021bia tehnic\u0103 potrivit\u0103, inclusiv expertizarea malurilor \u0219i consolidarea lor, acolo unde sunt posibile pr\u0103bu\u0219iri.<\/p>\n<\/div>\n<p>[analyse_source url=&#8221;https:\/\/newss.ro\/2026\/04\/17\/helesteul-din-parcul-crang-trebuie-curatat\/&#8221;]<\/p>\n","protected":false},"excerpt":{"rendered":"<p>[analyse_image type=&#8221;featured&#8221; src=&#8221;https:\/\/newss.ro\/wp-content\/uploads\/2016\/11\/helesteu-Parcul-Crang.jpg&#8221;] \u0218i \u00een acest an, Hele\u0219teul din Parcul Cr\u00e2ng, din municipiul Buz\u0103u, va fi cur\u0103\u021bat cu ajutorul unei motocositori acvatice, iar lacul va fi reumplut cu ap\u0103 la un nivel potrivit. Ac\u021biunea se realizeaz\u0103 periodic deoarece o mare suprafa\u021b\u0103 din Hele\u0219teu este murdar\u0103 \u0219i are nevoie de o cur\u0103\u021bire profund\u0103. Opera\u021biunea este \u00eens\u0103 [&hellip;]<\/p>\n","protected":false},"author":1,"featured_media":0,"comment_status":"open","ping_status":"","sticky":false,"template":"","format":"standard","meta":{"footnotes":""},"categories":[2],"tags":[226,73],"class_list":["post-1898971","post","type-post","status-publish","format-standard","hentry","category-politics","tag-crawlmanager","tag-newss-ro"],"_links":{"self":[{"href":"https:\/\/analyse.optim.biz\/index.php?rest_route=\/wp\/v2\/posts\/1898971","targetHints":{"allow":["GET"]}}],"collection":[{"href":"https:\/\/analyse.optim.biz\/index.php?rest_route=\/wp\/v2\/posts"}],"about":[{"href":"https:\/\/analyse.optim.biz\/index.php?rest_route=\/wp\/v2\/types\/post"}],"author":[{"embeddable":true,"href":"https:\/\/analyse.optim.biz\/index.php?rest_route=\/wp\/v2\/users\/1"}],"replies":[{"embeddable":true,"href":"https:\/\/analyse.optim.biz\/index.php?rest_route=%2Fwp%2Fv2%2Fcomments&post=1898971"}],"version-history":[{"count":0,"href":"https:\/\/analyse.optim.biz\/index.php?rest_route=\/wp\/v2\/posts\/1898971\/revisions"}],"wp:attachment":[{"href":"https:\/\/analyse.optim.biz\/index.php?rest_route=%2Fwp%2Fv2%2Fmedia&parent=1898971"}],"wp:term":[{"taxonomy":"category","embeddable":true,"href":"https:\/\/analyse.optim.biz\/index.php?rest_route=%2Fwp%2Fv2%2Fcategories&post=1898971"},{"taxonomy":"post_tag","embeddable":true,"href":"https:\/\/analyse.optim.biz\/index.php?rest_route=%2Fwp%2Fv2%2Ftags&post=1898971"}],"curies":[{"name":"wp","href":"https:\/\/api.w.org\/{rel}","templated":true}]}}