{"id":1898783,"date":"2026-04-23T11:06:22","date_gmt":"2026-04-23T08:06:22","guid":{"rendered":"https:\/\/analyse.optim.biz\/?p=1898783"},"modified":"2026-04-23T11:06:22","modified_gmt":"2026-04-23T08:06:22","slug":"tulcea-lucrarile-la-cele-doua-investitii-pnrr-pentru-persoanele-cu-dizabilitati-sunt-aproape-de-final","status":"publish","type":"post","link":"https:\/\/analyse.optim.biz\/?p=1898783","title":{"rendered":"Tulcea: Lucr\u0103rile la cele dou\u0103 investi\u021bii (PNRR) pentru persoanele cu dizabilit\u0103\u021bi sunt aproape de final"},"content":{"rendered":"<p>[analyse_image type=&#8221;featured&#8221; src=&#8221;https:\/\/dobrogeanews.b-cdn.net\/wp-content\/uploads\/2026\/04\/santiere-centre-sociale-tulcea2.jpg&#8221;]<\/p>\n<div id=\"post-70190\" class=\"entry single-default post-70190 post type-post status-publish format-standard has-post-thumbnail hentry category-info\">\n<div>\n<div class=\"ss-follow-wrapper ss-clearfix ss-regular-buttons ss-columns-1 ss-default-style\">\n<div class=\"ss-follow-column\" data-ss-sf-network-id='\"facebook\"'><a href=\"https:\/\/www.facebook.com\/dobrogeanews\" class=\"ss-follow-network ss-facebook-color\" rel=\"nofollow noopener\" aria-label=\"facebook\" target=\"_blank\"><span class=\"ss-follow-network-label\">Urm\u0103re\u015fte-ne \u015fi pe Facebook!<\/span><span class=\"ss-follow-network-count\"><span class=\"ss-follow-network-count-number\">57K<\/span><span class=\"ss-follow-network-count-label\">Followers<\/span><\/span><\/a><\/div>\n<\/div>\n<\/div>\n<p>Prim\u0103ria Municipiului Tulcea, prin Direc\u021bia de Asisten\u021b\u0103 \u0219i Protec\u021bie Social\u0103 (DAPS),\u00a0implementeaz\u0103 \u00een prezent mai multe proiecte majore finan\u021bate prin\u00a0Planul Na\u021bional de Redresare \u0219i Rezilien\u021b\u0103 (PNRR), axate pe dezvoltarea infrastructurii sociale pentru persoanele v\u00e2rstnice \u0219i cele cu dizabilit\u0103\u021bi.\u00a0Primarul Municipiului Tulcea, \u0218tefan Ilie, \u00eempreun\u0103 cu \u0218tefana Zibileanu, directorul Direc\u021biei de Asisten\u021b\u0103 \u0219i Protec\u021bie Social\u0103 Tulcea, au vizitat \u0219antierele celor dou\u0103 investi\u021bii pentru persoanele cu dizabilit\u0103\u021bi, pentru a vedea stadiul lucr\u0103rilor.<\/p>\n<p>\u201cVizit\u0103m stadiul celor dou\u0103 investi\u021bii pentru recuperarea persoanelor cu dizabilit\u0103\u021bi \u0219i pentru mentenan\u021ba tuturor serviciilor de care au nevoie persoanele cu dizabilit\u0103\u021bi. Centrele Mihail \u0219i Gavril, sunt aproape de finalizare (80%) \u0219i vrem s\u0103 ne \u00eencadr\u0103m cu aceste investi\u021bii deosebit de importante pentru municipiul nostru p\u00e2n\u0103 la finalul lunii mai, pentru c\u0103 sunt investi\u021bii din Programul Na\u021bional de redresare \u0219i Rezilien\u021b\u0103 PNRR \u0219i, a\u0219a dup\u0103 cum \u0219tim cu to\u021bii, ele trebuie finalizate \u00een aceast\u0103 prim\u0103var\u0103- var\u0103.<\/p>\n<p>Foarte mul\u021bumi\u021bi de constructor, de arhitect, de diriginte, care au gestionat cum trebuie cele dou\u0103 investi\u021bii, de Direc\u021bia de Asisten\u021b\u0103 \u0219i Protec\u021bie Social\u0103, care continuu monitorizeaz\u0103 stadiul lucr\u0103rilor.<\/p>\n<p>Unul dintre centre se ocup\u0103 cu consilierea persoanelor adulte cu dizabilit\u0103\u021bi, iar cel\u0103lalt cu proceduri de recuperare a lor \u0219i reconversia persoanelor cu dizabilit\u0103\u021bi \u00een societate. Persoanele cu dizabilit\u0103\u021bi, mai ales cele adulte, nu au un loc unde s\u0103 se \u00eent\u00e2lneasc\u0103. P\u0103rin\u021bii fiind, s\u0103 spunem a\u0219a, tributari ca tot timpul s\u0103 fie al\u0103turi de ei \u0219i s\u0103 nu aib\u0103 posibilitatea de a-i duce undeva, unde s\u0103 aib\u0103 ac\u021biuni specifice dizabilit\u0103\u021bii lor, ac\u021biuni pentru preg\u0103tirea pentru anumite meserii pe care le pot practica.<\/p>\n<p>Sunt pa\u0219i importan\u021bi pentru integrarea lor \u00een societate, pentru tratament, pentru consiliere. Am ob\u021binut prin PNRR finan\u021bare pentru dou\u0103 investi\u021bii importante Centrul de zi \u0219i Centrul de recuperare. I-am numit dup\u0103 Arhanghelii Mihail \u0219i Gavriil. A fost ideea \u0218tefanei Zibileanu \u0219i este o idee foarte, foarte frumoas\u0103\u201d conform primarului \u0218tefan Ilie.<\/p>\n<div class=\"monsterinsights-inline-popular-posts monsterinsights-inline-popular-posts-charlie monsterinsights-popular-posts-styled\">\n<div class=\"monsterinsights-inline-popular-posts-text\"><span class=\"monsterinsights-inline-popular-posts-label\">Vezi \u0219i:<\/span><\/p>\n<div class=\"monsterinsights-inline-popular-posts-post\"><a class=\"monsterinsights-inline-popular-posts-title\" href=\"https:\/\/www.dobrogeanews.ro\/la-baia-taxa-de-habitat-a-ramas-15-lei-luna-pers-adica-180-lei-an-am-votat-aplicarea-cotelor-minime-permise\/\">La Baia, taxa de habitat a r\u0103mas 15 lei\/lun\u0103\/pers, adic\u0103, 180 lei\/an. \u201eAm votat aplicarea cotelor minime permise\u201d<\/a><\/div>\n<div class=\"monsterinsights-inline-popular-posts-post\"><a class=\"monsterinsights-inline-popular-posts-title\" href=\"https:\/\/www.dobrogeanews.ro\/cine-este-fata-de-18-ani-care-s-a-sinucis-la-tulcea-soapte-intre-lumi\/\">Cine este fata de 18 ani care s-a sinucis la Tulcea. \u0218oapte \u00eentre lumi \u2026<\/a><\/div>\n<div class=\"monsterinsights-inline-popular-posts-post\"><a class=\"monsterinsights-inline-popular-posts-title\" href=\"https:\/\/www.dobrogeanews.ro\/liliana-marinescu-a-fost-semnat-contractul-de-finantare-pentru-alimentare-cu-gaze-la-baia-in-valoare-de-8-075-000-lei\/\">Liliana Marinescu: A fost semnat contractul de finan\u021bare pentru \u201eAlimentare cu gaze\u201d la Baia \u00een valoare de 8.075.000 lei<\/a><\/div>\n<\/div>\n<\/div>\n<p class=\"has-text-align-center has-white-color has-text-color has-background\"><span><a href=\"https:\/\/news.google.com\/publications\/CAAqBwgKMIu5pgsw88O-Aw?ceid=RO:ro&amp;oc=3\">Urm\u0103ri\u0163i \u015etirile Dobrogeanews \u015fi pe Google News<\/a><\/span><\/p>\n<\/div>\n<div id=\"post-70190\" class=\"entry single-default post-70190 post type-post status-publish format-standard has-post-thumbnail hentry category-info\">\n<div>\n<div class=\"ss-follow-wrapper ss-clearfix ss-regular-buttons ss-columns-1 ss-default-style\">\n<div class=\"ss-follow-column\" data-ss-sf-network-id='\"facebook\"'><a href=\"https:\/\/www.facebook.com\/dobrogeanews\" class=\"ss-follow-network ss-facebook-color\" rel=\"nofollow noopener\" aria-label=\"facebook\" target=\"_blank\"><span class=\"ss-follow-network-label\">Urm\u0103re\u015fte-ne \u015fi pe Facebook!<\/span><span class=\"ss-follow-network-count\"><span class=\"ss-follow-network-count-number\">57K<\/span><span class=\"ss-follow-network-count-label\">Followers<\/span><\/span><\/a><\/div>\n<\/div>\n<\/div>\n<p>Prim\u0103ria Municipiului Tulcea, prin Direc\u021bia de Asisten\u021b\u0103 \u0219i Protec\u021bie Social\u0103 (DAPS),\u00a0implementeaz\u0103 \u00een prezent mai multe proiecte majore finan\u021bate prin\u00a0Planul Na\u021bional de Redresare \u0219i Rezilien\u021b\u0103 (PNRR), axate pe dezvoltarea infrastructurii sociale pentru persoanele v\u00e2rstnice \u0219i cele cu dizabilit\u0103\u021bi.\u00a0Primarul Municipiului Tulcea, \u0218tefan Ilie, \u00eempreun\u0103 cu \u0218tefana Zibileanu, directorul Direc\u021biei de Asisten\u021b\u0103 \u0219i Protec\u021bie Social\u0103 Tulcea, au vizitat \u0219antierele celor dou\u0103 investi\u021bii pentru persoanele cu dizabilit\u0103\u021bi, pentru a vedea stadiul lucr\u0103rilor.<\/p>\n<p>\u201cVizit\u0103m stadiul celor dou\u0103 investi\u021bii pentru recuperarea persoanelor cu dizabilit\u0103\u021bi \u0219i pentru mentenan\u021ba tuturor serviciilor de care au nevoie persoanele cu dizabilit\u0103\u021bi. Centrele Mihail \u0219i Gavril, sunt aproape de finalizare (80%) \u0219i vrem s\u0103 ne \u00eencadr\u0103m cu aceste investi\u021bii deosebit de importante pentru municipiul nostru p\u00e2n\u0103 la finalul lunii mai, pentru c\u0103 sunt investi\u021bii din Programul Na\u021bional de redresare \u0219i Rezilien\u021b\u0103 PNRR \u0219i, a\u0219a dup\u0103 cum \u0219tim cu to\u021bii, ele trebuie finalizate \u00een aceast\u0103 prim\u0103var\u0103- var\u0103.<\/p>\n<p>Foarte mul\u021bumi\u021bi de constructor, de arhitect, de diriginte, care au gestionat cum trebuie cele dou\u0103 investi\u021bii, de Direc\u021bia de Asisten\u021b\u0103 \u0219i Protec\u021bie Social\u0103, care continuu monitorizeaz\u0103 stadiul lucr\u0103rilor.<\/p>\n<p>Unul dintre centre se ocup\u0103 cu consilierea persoanelor adulte cu dizabilit\u0103\u021bi, iar cel\u0103lalt cu proceduri de recuperare a lor \u0219i reconversia persoanelor cu dizabilit\u0103\u021bi \u00een societate. Persoanele cu dizabilit\u0103\u021bi, mai ales cele adulte, nu au un loc unde s\u0103 se \u00eent\u00e2lneasc\u0103. P\u0103rin\u021bii fiind, s\u0103 spunem a\u0219a, tributari ca tot timpul s\u0103 fie al\u0103turi de ei \u0219i s\u0103 nu aib\u0103 posibilitatea de a-i duce undeva, unde s\u0103 aib\u0103 ac\u021biuni specifice dizabilit\u0103\u021bii lor, ac\u021biuni pentru preg\u0103tirea pentru anumite meserii pe care le pot practica.<\/p>\n<p>Sunt pa\u0219i importan\u021bi pentru integrarea lor \u00een societate, pentru tratament, pentru consiliere. Am ob\u021binut prin PNRR finan\u021bare pentru dou\u0103 investi\u021bii importante Centrul de zi \u0219i Centrul de recuperare. I-am numit dup\u0103 Arhanghelii Mihail \u0219i Gavriil. A fost ideea \u0218tefanei Zibileanu \u0219i este o idee foarte, foarte frumoas\u0103\u201d conform primarului \u0218tefan Ilie.<\/p>\n<div class=\"monsterinsights-inline-popular-posts monsterinsights-inline-popular-posts-charlie monsterinsights-popular-posts-styled\">\n<div class=\"monsterinsights-inline-popular-posts-text\"><span class=\"monsterinsights-inline-popular-posts-label\">Vezi \u0219i:<\/span><\/p>\n<div class=\"monsterinsights-inline-popular-posts-post\"><a class=\"monsterinsights-inline-popular-posts-title\" href=\"https:\/\/www.dobrogeanews.ro\/la-baia-taxa-de-habitat-a-ramas-15-lei-luna-pers-adica-180-lei-an-am-votat-aplicarea-cotelor-minime-permise\/\">La Baia, taxa de habitat a r\u0103mas 15 lei\/lun\u0103\/pers, adic\u0103, 180 lei\/an. \u201eAm votat aplicarea cotelor minime permise\u201d<\/a><\/div>\n<div class=\"monsterinsights-inline-popular-posts-post\"><a class=\"monsterinsights-inline-popular-posts-title\" href=\"https:\/\/www.dobrogeanews.ro\/cine-este-fata-de-18-ani-care-s-a-sinucis-la-tulcea-soapte-intre-lumi\/\">Cine este fata de 18 ani care s-a sinucis la Tulcea. \u0218oapte \u00eentre lumi \u2026<\/a><\/div>\n<div class=\"monsterinsights-inline-popular-posts-post\"><a class=\"monsterinsights-inline-popular-posts-title\" href=\"https:\/\/www.dobrogeanews.ro\/liliana-marinescu-a-fost-semnat-contractul-de-finantare-pentru-alimentare-cu-gaze-la-baia-in-valoare-de-8-075-000-lei\/\">Liliana Marinescu: A fost semnat contractul de finan\u021bare pentru \u201eAlimentare cu gaze\u201d la Baia \u00een valoare de 8.075.000 lei<\/a><\/div>\n<\/div>\n<\/div>\n<p class=\"has-text-align-center has-white-color has-text-color has-background\"><span><a href=\"https:\/\/news.google.com\/publications\/CAAqBwgKMIu5pgsw88O-Aw?ceid=RO:ro&amp;oc=3\">Urm\u0103ri\u0163i \u015etirile Dobrogeanews \u015fi pe Google News<\/a><\/span><\/p>\n<\/div>\n<p>[analyse_source url=&#8221;https:\/\/www.dobrogeanews.ro\/tulcea-lucrarile-la-cele-doua-investitii-pnrr-pentru-persoanele-cu-dizabilitati-sunt-aproape-de-final\/&#8221;]<\/p>\n","protected":false},"excerpt":{"rendered":"<p>[analyse_image type=&#8221;featured&#8221; src=&#8221;https:\/\/dobrogeanews.b-cdn.net\/wp-content\/uploads\/2026\/04\/santiere-centre-sociale-tulcea2.jpg&#8221;] Urm\u0103re\u015fte-ne \u015fi pe Facebook!57KFollowers Prim\u0103ria Municipiului Tulcea, prin Direc\u021bia de Asisten\u021b\u0103 \u0219i Protec\u021bie Social\u0103 (DAPS),\u00a0implementeaz\u0103 \u00een prezent mai multe proiecte majore finan\u021bate prin\u00a0Planul Na\u021bional de Redresare \u0219i Rezilien\u021b\u0103 (PNRR), axate pe dezvoltarea infrastructurii sociale pentru persoanele v\u00e2rstnice \u0219i cele cu dizabilit\u0103\u021bi.\u00a0Primarul Municipiului Tulcea, \u0218tefan Ilie, \u00eempreun\u0103 cu \u0218tefana Zibileanu, directorul Direc\u021biei de [&hellip;]<\/p>\n","protected":false},"author":1,"featured_media":0,"comment_status":"open","ping_status":"","sticky":false,"template":"","format":"standard","meta":{"footnotes":""},"categories":[89],"tags":[226,223],"class_list":["post-1898783","post","type-post","status-publish","format-standard","hentry","category-romania","tag-crawlmanager","tag-dobrogeanews-ro"],"_links":{"self":[{"href":"https:\/\/analyse.optim.biz\/index.php?rest_route=\/wp\/v2\/posts\/1898783","targetHints":{"allow":["GET"]}}],"collection":[{"href":"https:\/\/analyse.optim.biz\/index.php?rest_route=\/wp\/v2\/posts"}],"about":[{"href":"https:\/\/analyse.optim.biz\/index.php?rest_route=\/wp\/v2\/types\/post"}],"author":[{"embeddable":true,"href":"https:\/\/analyse.optim.biz\/index.php?rest_route=\/wp\/v2\/users\/1"}],"replies":[{"embeddable":true,"href":"https:\/\/analyse.optim.biz\/index.php?rest_route=%2Fwp%2Fv2%2Fcomments&post=1898783"}],"version-history":[{"count":0,"href":"https:\/\/analyse.optim.biz\/index.php?rest_route=\/wp\/v2\/posts\/1898783\/revisions"}],"wp:attachment":[{"href":"https:\/\/analyse.optim.biz\/index.php?rest_route=%2Fwp%2Fv2%2Fmedia&parent=1898783"}],"wp:term":[{"taxonomy":"category","embeddable":true,"href":"https:\/\/analyse.optim.biz\/index.php?rest_route=%2Fwp%2Fv2%2Fcategories&post=1898783"},{"taxonomy":"post_tag","embeddable":true,"href":"https:\/\/analyse.optim.biz\/index.php?rest_route=%2Fwp%2Fv2%2Ftags&post=1898783"}],"curies":[{"name":"wp","href":"https:\/\/api.w.org\/{rel}","templated":true}]}}