{"id":1898768,"date":"2026-04-23T13:19:51","date_gmt":"2026-04-23T10:19:51","guid":{"rendered":"https:\/\/analyse.optim.biz\/?p=1898768"},"modified":"2026-04-23T13:19:51","modified_gmt":"2026-04-23T10:19:51","slug":"sinagoga-din-fabric-mai-aproape-de-revitalizare-casa-de-rugaciuni-intra-in-administrarea-primariei","status":"publish","type":"post","link":"https:\/\/analyse.optim.biz\/?p=1898768","title":{"rendered":"Sinagoga din Fabric, mai aproape de revitalizare: Casa de rug\u0103ciuni intr\u0103 \u00een administrarea Prim\u0103riei"},"content":{"rendered":"<p>[analyse_image type=&#8221;featured&#8221; src=&#8221;https:\/\/orasul-timisoara.ro\/wp-content\/uploads\/2025\/06\/sinagoga-fabrica.jpg&#8221;]<\/p>\n<article id=\"post-38359\" class=\"td-post-template-7 post-38359 post type-post status-publish format-standard has-post-thumbnail category-administratie category-featured category-investitii-in-timisoara category-stiri-timisoara tag-comunitate-evreiasca tag-cultura-timisoara tag-dominic-fritz tag-proiect-urban tag-regenerare-urbana tag-restaurare-cladiri tag-sinagoga-fabric tag-timisoara-patrimoniu td-container-wrap\">\n<div class=\"td-full-screen-header-image-wrap\">\n<div class=\"td-container td-post-header\">\n<div class=\"td-crumb-container\">\n<div class=\"entry-crumbs\"><span><a title=\"Vede\u021bi toate articolele \u00een Administra\u021bie local\u0103\" class=\"entry-crumb\" href=\"https:\/\/orasul-timisoara.ro\/local-category\/administratie\/\">Administra\u021bie local\u0103<\/a><\/span><span class=\"td-bred-no-url-last\">Sinagoga din Fabric, mai aproape de revitalizare: Casa de rug\u0103ciuni intr\u0103 \u00een&#8230;<\/span><\/div>\n<\/div>\n<div class=\"td-post-header-holder\">\n<div class=\"td-parallax-header\">\n<header class=\"td-post-title\">\n<ul class=\"td-category\">\n<li class=\"entry-category\"><a href=\"https:\/\/orasul-timisoara.ro\/local-category\/administratie\/\">Administra\u021bie local\u0103<\/a><\/li>\n<li class=\"entry-category\"><a href=\"https:\/\/orasul-timisoara.ro\/local-category\/investitii-in-timisoara\/\">Investitii in Timisoara<\/a><\/li>\n<li class=\"entry-category\"><a href=\"https:\/\/orasul-timisoara.ro\/local-category\/stiri-timisoara\/\">\u0218tiri Locale<\/a><\/li>\n<\/ul>\n<h1 class=\"entry-title\">Sinagoga din Fabric, mai aproape de revitalizare: Casa de rug\u0103ciuni intr\u0103 \u00een administrarea Prim\u0103riei<\/h1>\n<div class=\"td-module-meta-info\">\n<div class=\"td-post-author-name\">\n<div class=\"td-author-by\">De c\u0103tre<\/div>\n<p><a href=\"https:\/\/orasul-timisoara.ro\/author\/timisoara\/\">redactia<\/a><\/p>\n<div class=\"td-author-line\"> &#8211; <\/div>\n<\/div>\n<p><span class=\"td-post-date\"><time class=\"entry-date updated td-module-date\" datetime=\"2026-04-23T16:19:51+03:00\">23\/04\/2026<\/time><\/span><\/div>\n<\/header>\n<\/div>\n<\/div>\n<\/div>\n<div id=\"td-full-screen-header-image\" class=\"td-image-gradient-style7\"><img decoding=\"async\" class=\"td-backstretch\" src=\"https:\/\/orasul-timisoara.ro\/wp-content\/uploads\/2025\/06\/sinagoga-fabrica.jpg\"><\/div>\n<\/div>\n<div class=\"td-container\">\n<div class=\"td-pb-row\">\n<div class=\"td-pb-span8 td-main-content\" role=\"main\">\n<div class=\"td-ss-main-content\">\n<div class=\"td-post-sharing-top\">\n<div class=\"td-post-sharing-classic\"><iframe title=\"topFacebookLike\" frameborder src=\"https:\/\/www.facebook.com\/plugins\/like.php?href=https:\/\/orasul-timisoara.ro\/local-38359\/&amp;layout=button_count&amp;show_faces=false&amp;width=105&amp;action=like&amp;colorscheme=light&amp;height=21\"><\/iframe><\/div>\n<div id=\"td_social_sharing_article_top\" class=\"td-post-sharing td-ps-bg td-ps-notext td-post-sharing-style1 \">\n<div class=\"td-post-sharing-visible\"><a class=\"td-social-sharing-button td-social-sharing-button-js td-social-network td-social-facebook\" href=\"https:\/\/www.facebook.com\/sharer.php?u=https%3A%2F%2Forasul-timisoara.ro%2Flocal-38359%2F\" title=\"Facebook\"><\/p>\n<div class=\"td-social-but-text\">Facebook<\/div>\n<p><\/a><a class=\"td-social-sharing-button td-social-sharing-button-js td-social-network td-social-twitter\" href=\"https:\/\/twitter.com\/intent\/tweet?text=Sinagoga+din+Fabric%2C+mai+aproape+de+revitalizare%3A+Casa+de+rug%C4%83ciuni+intr%C4%83+%C3%AEn+administrarea+Prim%C4%83riei&amp;url=https%3A%2F%2Forasul-timisoara.ro%2Flocal-38359%2F&amp;via=orasultm\" title=\"Twitter\"><\/p>\n<div class=\"td-social-but-text\">Twitter<\/div>\n<p><\/a><a class=\"td-social-sharing-button td-social-sharing-button-js td-social-network td-social-whatsapp\" href=\"https:\/\/api.whatsapp.com\/send?text=Sinagoga+din+Fabric%2C+mai+aproape+de+revitalizare%3A+Casa+de+rug%C4%83ciuni+intr%C4%83+%C3%AEn+administrarea+Prim%C4%83riei%20%0A%0A%20https:\/\/orasul-timisoara.ro\/local-38359\/\" title=\"WhatsApp\"><\/p>\n<div class=\"td-social-but-text\">WhatsApp<\/div>\n<p><\/a><a class=\"td-social-sharing-button td-social-sharing-button-js td-social-network td-social-linkedin\" href=\"https:\/\/www.linkedin.com\/shareArticle?mini=true&amp;url=https:\/\/orasul-timisoara.ro\/local-38359\/&amp;title=Sinagoga+din+Fabric%2C+mai+aproape+de+revitalizare%3A+Casa+de+rug%C4%83ciuni+intr%C4%83+%C3%AEn+administrarea+Prim%C4%83riei\" title=\"Linkedin\"><\/p>\n<div class=\"td-social-but-text\">Linkedin<\/div>\n<p><\/a><a class=\"td-social-sharing-button td-social-sharing-button-js td-social-network td-social-reddit\" href=\"https:\/\/reddit.com\/submit?url=https:\/\/orasul-timisoara.ro\/local-38359\/&amp;title=Sinagoga+din+Fabric%2C+mai+aproape+de+revitalizare%3A+Casa+de+rug%C4%83ciuni+intr%C4%83+%C3%AEn+administrarea+Prim%C4%83riei\" title=\"ReddIt\"><\/p>\n<div class=\"td-social-but-text\">ReddIt<\/div>\n<p><\/a><a class=\"td-social-sharing-button td-social-sharing-button-js td-social-network td-social-mail\" href=\"mailto:?subject=Sinagoga%20din%20Fabric,%20mai%20aproape%20de%20revitalizare:%20Casa%20de%20rug%C4%83ciuni%20intr%C4%83%20%C3%AEn%20administrarea%20Prim%C4%83riei&amp;body=https:\/\/orasul-timisoara.ro\/local-38359\/\" title=\"Email\"><\/p>\n<div class=\"td-social-but-text\">Email<\/div>\n<p><\/a><a class=\"td-social-sharing-button td-social-sharing-button-js td-social-network td-social-print\" href=\"https:\/\/orasul-timisoara.ro\/local-38359\/\" title=\"Imprimare\"><\/p>\n<div class=\"td-social-but-text\">Imprimare<\/div>\n<p><\/a><\/div>\n<\/div>\n<\/div>\n<div class=\"td-post-content tagdiv-type\">\n<p>Prim\u0103ria Timi\u0219oara face un nou pas \u00een direc\u021bia valorific\u0103rii patrimoniului local, prin extinderea proiectului de reabilitare a Sinagoga din Fabric. Administra\u021bia local\u0103 inten\u021bioneaz\u0103 s\u0103 preia \u0219i Casa de rug\u0103ciuni adiacent\u0103, \u00eempreun\u0103 cu curtea aferent\u0103, pentru a integra \u00eentregul ansamblu \u00eentr-un concept unitar de restaurare \u0219i reutilizare.<\/p>\n<p>Decizia vine \u00een urma colabor\u0103rii cu Federa\u021bia Comunit\u0103\u021bilor Evreie\u0219ti din Rom\u00e2nia, care a aprobat completarea contractului \u00een acest sens. Proiectul urmeaz\u0103 s\u0103 fie supus votului Consiliului Local.<\/p>\n<h3 class=\"wp-block-heading\">Centru comunitar \u0219i educa\u021bional \u00een cl\u0103dire istoric\u0103<\/h3>\n<p>Noul concept de refunc\u021bionalizare vizeaz\u0103 transformarea ansamblului \u00eentr-un spa\u021biu dedicat comunit\u0103\u021bii, educa\u021biei \u0219i activit\u0103\u021bilor culturale. Planul, dezvoltat \u00een colaborare cu World Monuments Fund \u0219i Ateliercetrei, prevede amenajarea unor spa\u021bii de studiu, a unei biblioteci publice \u0219i a unor zone destinate copiilor \u0219i tinerilor.<\/p>\n<p>De asemenea, cl\u0103direa va include o sal\u0103 pentru expozi\u021bii \u0219i evenimente de mici dimensiuni, completat\u0103 de o cafenea, iar curtea interioar\u0103 va fi transformat\u0103 \u00eentr-un spa\u021biu pentru concerte \u0219i expozi\u021bii \u00een aer liber.<\/p>\n<p>Un element important al proiectului \u00eel reprezint\u0103 crearea unei zone dedicate memoriei comunit\u0103\u021bii evreie\u0219ti din Timi\u0219oara, cu materiale documentare realizate \u00een parteneriat cu Federa\u021bia Comunit\u0103\u021bilor Evreie\u0219ti.<\/p>\n<h3 class=\"wp-block-heading\">Etape de restaurare \u0219i investi\u021bii<\/h3>\n<p>\u00cen 2025 au fost finalizate lucr\u0103rile de urgen\u021b\u0103, \u00een valoare de aproximativ un milion de lei, care au vizat stabilizarea structurii \u0219i protejarea vitraliilor. Aceste interven\u021bii au oprit degradarea cl\u0103dirii \u0219i au preg\u0103tit terenul pentru etapele urm\u0103toare.<\/p>\n<p>Municipalitatea se preg\u0103te\u0219te acum pentru lansarea procedurilor de proiectare \u0219i achizi\u021bie, care vor deschide drumul lucr\u0103rilor de restaurare propriu-zise.<\/p>\n<h3 class=\"wp-block-heading\">Integrare \u00een regenerarea urban\u0103 a cartierului Fabric<\/h3>\n<p>Administrarea ansamblului de c\u0103tre Prim\u0103ria Timi\u0219oara este stabilit\u0103 p\u00e2n\u0103 \u00een anul 2072, oferind un cadru stabil pentru implementarea proiectului pe termen lung.<\/p>\n<p>Sinagoga din Fabric va fi inclus\u0103 \u0219i \u00een proiectul mai amplu de regenerare urban\u0103 a zonei Traian, aflat deja \u00een execu\u021bie, care urm\u0103re\u0219te revitalizarea cartierului istoric Fabric \u0219i transformarea acestuia \u00eentr-un pol cultural \u0219i turistic al ora\u0219ului.<\/p>\n<p>Prin aceast\u0103 ini\u021biativ\u0103, autorit\u0103\u021bile locale \u00ee\u0219i propun nu doar conservarea unui monument istoric, ci \u0219i redarea acestuia comunit\u0103\u021bii, \u00eentr-o form\u0103 adaptat\u0103 nevoilor contemporane.<\/p>\n<\/div>\n<footer>\n<div class=\"td-post-source-tags\">\n<ul class=\"td-tags td-post-small-box clearfix\">\n<li><span>ETICHETE<\/span><\/li>\n<li><a href=\"https:\/\/orasul-timisoara.ro\/local-tag\/comunitate-evreiasca\/\">comunitate evreiasca<\/a><\/li>\n<li><a href=\"https:\/\/orasul-timisoara.ro\/local-tag\/cultura-timisoara\/\">cultura timisoara<\/a><\/li>\n<li><a href=\"https:\/\/orasul-timisoara.ro\/local-tag\/dominic-fritz\/\">dominic fritz<\/a><\/li>\n<li><a href=\"https:\/\/orasul-timisoara.ro\/local-tag\/proiect-urban\/\">proiect urban<\/a><\/li>\n<li><a href=\"https:\/\/orasul-timisoara.ro\/local-tag\/regenerare-urbana\/\">regenerare urbana<\/a><\/li>\n<li><a href=\"https:\/\/orasul-timisoara.ro\/local-tag\/restaurare-cladiri\/\">restaurare cladiri<\/a><\/li>\n<li><a href=\"https:\/\/orasul-timisoara.ro\/local-tag\/sinagoga-fabric\/\">Sinagoga Fabric<\/a><\/li>\n<li><a href=\"https:\/\/orasul-timisoara.ro\/local-tag\/timisoara-patrimoniu\/\">Timisoara patrimoniu<\/a><\/li>\n<\/ul>\n<\/div>\n<div class=\"td-post-sharing-bottom\">\n<div class=\"td-post-sharing-classic\"><iframe title=\"bottomFacebookLike\" frameborder src=\"https:\/\/www.facebook.com\/plugins\/like.php?href=https:\/\/orasul-timisoara.ro\/local-38359\/&amp;layout=button_count&amp;show_faces=false&amp;width=105&amp;action=like&amp;colorscheme=light&amp;height=21\"><\/iframe><\/div>\n<div id=\"td_social_sharing_article_bottom\" class=\"td-post-sharing td-ps-bg td-ps-notext td-post-sharing-style1 \">\n<div class=\"td-post-sharing-visible\"><a class=\"td-social-sharing-button td-social-sharing-button-js td-social-network td-social-facebook\" href=\"https:\/\/www.facebook.com\/sharer.php?u=https%3A%2F%2Forasul-timisoara.ro%2Flocal-38359%2F\" title=\"Facebook\"><\/p>\n<div class=\"td-social-but-text\">Facebook<\/div>\n<p><\/a><a class=\"td-social-sharing-button td-social-sharing-button-js td-social-network td-social-twitter\" href=\"https:\/\/twitter.com\/intent\/tweet?text=Sinagoga+din+Fabric%2C+mai+aproape+de+revitalizare%3A+Casa+de+rug%C4%83ciuni+intr%C4%83+%C3%AEn+administrarea+Prim%C4%83riei&amp;url=https%3A%2F%2Forasul-timisoara.ro%2Flocal-38359%2F&amp;via=orasultm\" title=\"Twitter\"><\/p>\n<div class=\"td-social-but-text\">Twitter<\/div>\n<p><\/a><a class=\"td-social-sharing-button td-social-sharing-button-js td-social-network td-social-whatsapp\" href=\"https:\/\/api.whatsapp.com\/send?text=Sinagoga+din+Fabric%2C+mai+aproape+de+revitalizare%3A+Casa+de+rug%C4%83ciuni+intr%C4%83+%C3%AEn+administrarea+Prim%C4%83riei%20%0A%0A%20https:\/\/orasul-timisoara.ro\/local-38359\/\" title=\"WhatsApp\"><\/p>\n<div class=\"td-social-but-text\">WhatsApp<\/div>\n<p><\/a><a class=\"td-social-sharing-button td-social-sharing-button-js td-social-network td-social-linkedin\" href=\"https:\/\/www.linkedin.com\/shareArticle?mini=true&amp;url=https:\/\/orasul-timisoara.ro\/local-38359\/&amp;title=Sinagoga+din+Fabric%2C+mai+aproape+de+revitalizare%3A+Casa+de+rug%C4%83ciuni+intr%C4%83+%C3%AEn+administrarea+Prim%C4%83riei\" title=\"Linkedin\"><\/p>\n<div class=\"td-social-but-text\">Linkedin<\/div>\n<p><\/a><a class=\"td-social-sharing-button td-social-sharing-button-js td-social-network td-social-reddit\" href=\"https:\/\/reddit.com\/submit?url=https:\/\/orasul-timisoara.ro\/local-38359\/&amp;title=Sinagoga+din+Fabric%2C+mai+aproape+de+revitalizare%3A+Casa+de+rug%C4%83ciuni+intr%C4%83+%C3%AEn+administrarea+Prim%C4%83riei\" title=\"ReddIt\"><\/p>\n<div class=\"td-social-but-text\">ReddIt<\/div>\n<p><\/a><a class=\"td-social-sharing-button td-social-sharing-button-js td-social-network td-social-mail\" href=\"mailto:?subject=Sinagoga%20din%20Fabric,%20mai%20aproape%20de%20revitalizare:%20Casa%20de%20rug%C4%83ciuni%20intr%C4%83%20%C3%AEn%20administrarea%20Prim%C4%83riei&amp;body=https:\/\/orasul-timisoara.ro\/local-38359\/\" title=\"Email\"><\/p>\n<div class=\"td-social-but-text\">Email<\/div>\n<p><\/a><a class=\"td-social-sharing-button td-social-sharing-button-js td-social-network td-social-print\" href=\"https:\/\/orasul-timisoara.ro\/local-38359\/\" title=\"Imprimare\"><\/p>\n<div class=\"td-social-but-text\">Imprimare<\/div>\n<p><\/a><\/div>\n<\/div>\n<\/div>\n<div class=\"td-block-row td-post-next-prev\">\n<div class=\"td-block-span6 td-post-prev-post\">\n<div class=\"td-post-next-prev-content\"><span>Articolul precedent<\/span><a href=\"https:\/\/orasul-timisoara.ro\/local-38357\/\">Aquatim extinde montarea contoarelor inteligente \u00een Timi\u0219oara: noi str\u0103zi vizate<\/a><\/div>\n<\/div>\n<div class=\"td-block-span6 td-post-next-post\">\n<div class=\"td-post-next-prev-content\"><span>Articolul urm\u0103tor<\/span><a href=\"https:\/\/orasul-timisoara.ro\/local-38361\/\">Guvernul Bolojan func\u021bioneaz\u0103 \u00een regim de interimat: cine preia ministerele dup\u0103 plecarea PSD<\/a><\/div>\n<\/div>\n<\/div>\n<div class=\"td-author-name vcard author\"><span class=\"fn\"><a href=\"https:\/\/orasul-timisoara.ro\/author\/timisoara\/\">redactia<\/a><\/span><\/div>\n<p><span class=\"td-page-meta\"><\/span><span class=\"td-page-meta\"><span class=\"td-page-meta\"><\/span><\/span><span class=\"td-page-meta\"><\/span><\/footer>\n<div class=\"td_block_wrap td_block_related_posts tdi_3 td_with_ajax_pagination td-pb-border-top td_block_template_8\" data-td-block-uid=\"tdi_3\">\n<h4 class=\"td-related-title td-block-title\"><a id=\"tdi_4\" class=\"td-related-left td-cur-simple-item\" data-td_filter_value data-td_block_id=\"tdi_3\" href=\"https:\/\/orasul-timisoara.ro\/local-38359\/\">ARTICOLE SIMILARE<\/a><a id=\"tdi_5\" class=\"td-related-right\" data-td_filter_value=\"td_related_more_from_author\" data-td_block_id=\"tdi_3\" href=\"https:\/\/orasul-timisoara.ro\/local-38359\/\">DE LA ACELA\u0218I AUTOR<\/a><\/h4>\n<div id=\"tdi_3\" class=\"td_block_inner\">\n<div class=\"td-related-row\">\n<div class=\"td-related-span4\">\n<div class=\"td_module_related_posts td-animation-stack td_mod_related_posts\">\n<div class=\"td-module-image\">\n<div class=\"td-module-thumb\"><a href=\"https:\/\/orasul-timisoara.ro\/local-38365\/\" rel=\"bookmark\" class=\"td-image-wrap \" title=\"Internatul Colegiului Henri Coand\u0103 prinde contur: lucr\u0103rile avanseaz\u0103 la Timi\u0219oara (foto)\"><img loading=\"lazy\" decoding=\"async\" class=\"entry-thumb\" src=\"https:\/\/orasul-timisoara.ro\/wp-content\/uploads\/2026\/04\/lucrari-colegiu-henri-coanda-2-436x300.jpg\" alt title=\"Internatul Colegiului Henri Coand\u0103 prinde contur: lucr\u0103rile avanseaz\u0103 la Timi\u0219oara (foto)\" width=\"218\" height=\"150\"><\/a><\/div>\n<\/div>\n<div class=\"item-details\">\n<h3 class=\"entry-title td-module-title\"><a href=\"https:\/\/orasul-timisoara.ro\/local-38365\/\" rel=\"bookmark\" title=\"Internatul Colegiului Henri Coand\u0103 prinde contur: lucr\u0103rile avanseaz\u0103 la Timi\u0219oara (foto)\">Internatul Colegiului Henri Coand\u0103 prinde contur: lucr\u0103rile avanseaz\u0103 la Timi\u0219oara (foto)<\/a><\/h3>\n<\/div>\n<\/div>\n<\/div>\n<div class=\"td-related-span4\">\n<div class=\"td_module_related_posts td-animation-stack td_mod_related_posts\">\n<div class=\"td-module-image\">\n<div class=\"td-module-thumb\"><a href=\"https:\/\/orasul-timisoara.ro\/local-38354\/\" rel=\"bookmark\" class=\"td-image-wrap \" title=\"Timi\u0219oara lanseaz\u0103 Laboratorul Urban, o ini\u021biativ\u0103 menit\u0103 s\u0103 accelereze dezvoltarea solu\u021biilor inovatoare pentru ora\u0219\"><img loading=\"lazy\" decoding=\"async\" class=\"entry-thumb\" src=\"https:\/\/orasul-timisoara.ro\/wp-content\/uploads\/2026\/01\/timisoara-centru-436x300.jpg\" alt title=\"Timi\u0219oara lanseaz\u0103 Laboratorul Urban, o ini\u021biativ\u0103 menit\u0103 s\u0103 accelereze dezvoltarea solu\u021biilor inovatoare pentru ora\u0219\" width=\"218\" height=\"150\"><\/a><\/div>\n<\/div>\n<div class=\"item-details\">\n<h3 class=\"entry-title td-module-title\"><a href=\"https:\/\/orasul-timisoara.ro\/local-38354\/\" rel=\"bookmark\" title=\"Timi\u0219oara lanseaz\u0103 Laboratorul Urban, o ini\u021biativ\u0103 menit\u0103 s\u0103 accelereze dezvoltarea solu\u021biilor inovatoare pentru ora\u0219\">Timi\u0219oara lanseaz\u0103 Laboratorul Urban, o ini\u021biativ\u0103 menit\u0103 s\u0103 accelereze dezvoltarea solu\u021biilor inovatoare pentru ora\u0219<\/a><\/h3>\n<\/div>\n<\/div>\n<\/div>\n<div class=\"td-related-span4\">\n<div class=\"td_module_related_posts td-animation-stack td_mod_related_posts\">\n<div class=\"td-module-image\">\n<div class=\"td-module-thumb\"><a href=\"https:\/\/orasul-timisoara.ro\/local-38350\/\" rel=\"bookmark\" class=\"td-image-wrap \" title=\"Und\u0103 verde pentru Pasarela \u00cendr\u0103gosti\u021bilor: proiectul din Timi\u0219oara poate continua\"><img loading=\"lazy\" decoding=\"async\" class=\"entry-thumb\" src=\"https:\/\/orasul-timisoara.ro\/wp-content\/uploads\/2023\/04\/Pasarela-Indragostitilor-2-436x300.jpg\" alt title=\"Und\u0103 verde pentru Pasarela \u00cendr\u0103gosti\u021bilor: proiectul din Timi\u0219oara poate continua\" width=\"218\" height=\"150\"><\/a><\/div>\n<\/div>\n<div class=\"item-details\">\n<h3 class=\"entry-title td-module-title\"><a href=\"https:\/\/orasul-timisoara.ro\/local-38350\/\" rel=\"bookmark\" title=\"Und\u0103 verde pentru Pasarela \u00cendr\u0103gosti\u021bilor: proiectul din Timi\u0219oara poate continua\">Und\u0103 verde pentru Pasarela \u00cendr\u0103gosti\u021bilor: proiectul din Timi\u0219oara poate continua<\/a><\/h3>\n<\/div>\n<\/div>\n<\/div>\n<\/div>\n<\/div>\n<\/div>\n<div class=\"comments\" id=\"comments\">\n<div id=\"respond\" class=\"comment-respond\">\n<h3 id=\"reply-title\" class=\"comment-reply-title\">L\u0102SA\u021aI UN MESAJ<\/h3>\n<div class=\"comment-form-input-wrap td-form-comment\">\n<div class=\"td-warning-comment\">V\u0103 rug\u0103m s\u0103 introduce\u021bi comentariul dvs.!<\/div>\n<\/div>\n<div class=\"comment-form-input-wrap td-form-author\">\n<div class=\"td-warning-author\">Introduce\u021bi aici numele dvs.<\/div>\n<\/div>\n<div class=\"comment-form-input-wrap td-form-email\">\n<div class=\"td-warning-email-error\">A\u021bi introdus o adres\u0103 de e-mail incorect\u0103!<\/div>\n<div class=\"td-warning-email\">V\u0103 rug\u0103m s\u0103 introduce\u021bi adresa dvs. de e-mail aici<\/div>\n<\/div>\n<\/div>\n<p class=\"akismet_comment_form_privacy_notice\">Acest site folose\u0219te Akismet pentru a reduce spamul. <a href=\"https:\/\/akismet.com\/privacy\/\" target=\"_blank\" rel=\"nofollow noopener\">Afl\u0103 cum sunt procesate datele comentariilor tale<\/a>.<\/p>\n<\/div>\n<\/div>\n<\/div>\n<div class=\"td-pb-span4 td-main-sidebar\" role=\"complementary\">\n<div class=\"td-ss-main-sidebar\">\n<aside id=\"block-4\" class=\"td_block_template_8 widget block-4 widget_block widget_media_image\">\n<figure class=\"wp-block-image size-full\"><img loading=\"lazy\" decoding=\"async\" width=\"336\" height=\"280\" src=\"https:\/\/orasul-timisoara.ro\/wp-content\/uploads\/2024\/11\/ReTIM-Abonamentul-Verde-Google-Ads-336x280px.gif\" alt class=\"wp-image-29257\"><\/figure>\n<\/aside>\n<div class=\"td_block_wrap td_block_social_counter td_block_widget tdi_6 td-social-style5 td-social-boxed td-pb-border-top td_block_template_8\">\n<div class=\"td-block-title-wrap\">\n<h4 class=\"td-block-title\"><span>Urm\u0103re\u0219te-ne pe Social Media<\/span><\/h4>\n<\/div>\n<div class=\"td-social-list\">\n<div class=\"td_social_type td-pb-margin-side td_social_facebook\">\n<div class=\"td-social-box\"><span class=\"td_social_info td_social_info_counter\">344,595<\/span><span class=\"td_social_info td_social_info_name\">Fani<\/span><span class=\"td_social_button\"><a href=\"https:\/\/www.facebook.com\/247timisoara\" target=\"_blank\" rel=\"nofollow\">\u00cemi place<\/a><\/span><\/div>\n<\/div>\n<div class=\"td_social_type td-pb-margin-side td_social_instagram\">\n<div class=\"td-social-box\"><span class=\"td_social_info td_social_info_counter\">4,416<\/span><span class=\"td_social_info td_social_info_name\">Cititori<\/span><span class=\"td_social_button\"><a href=\"https:\/\/instagram.com\/orasultimisoararo\/\" target=\"_blank\" rel=\"nofollow\">Conecta\u021bi-v\u0103<\/a><\/span><\/div>\n<\/div>\n<div class=\"td_social_type td-pb-margin-side td_social_rss\">\n<div class=\"td-social-box\"><span class=\"td_social_info td_social_info_counter\">12,506<\/span><span class=\"td_social_info td_social_info_name\">Cititori<\/span><span class=\"td_social_button\"><a href=\"https:\/\/orasul-timisoara.ro\/feed\/\" target=\"_blank\" rel=\"nofollow\">Conecta\u021bi-v\u0103<\/a><\/span><\/div>\n<\/div>\n<div class=\"td_social_type td-pb-margin-side td_social_tiktok\">\n<div class=\"td-social-box\"><span class=\"td_social_info td_social_info_counter\">1,500<\/span><span class=\"td_social_info td_social_info_name\">Cititori<\/span><span class=\"td_social_button\"><a href=\"https:\/\/www.tiktok.com\/@orasultimisoara\" target=\"_blank\" rel=\"nofollow\">Conecta\u021bi-v\u0103<\/a><\/span><\/div>\n<\/div>\n<div class=\"td_social_type td-pb-margin-side td_social_twitter\">\n<div class=\"td-social-box\"><span class=\"td_social_info td_social_info_counter\">1,595<\/span><span class=\"td_social_info td_social_info_name\">Cititori<\/span><span class=\"td_social_button\"><a href=\"https:\/\/twitter.com\/orasultm\" target=\"_blank\" rel=\"nofollow\">Conecta\u021bi-v\u0103<\/a><\/span><\/div>\n<\/div>\n<div class=\"td_social_type td-pb-margin-side td_social_youtube\">\n<div class=\"td-social-box\"><span class=\"td_social_info td_social_info_counter\">3,506<\/span><span class=\"td_social_info td_social_info_name\">Abona\u021bi<\/span><span class=\"td_social_button\"><a href=\"https:\/\/www.youtube.com\/channel\/UCQNsQvs2XCSIm1Z-AHRturw?sub_confirmation=1\" target=\"_blank\" rel=\"nofollow\">Abona\u021bi-v\u0103<\/a><\/span><\/div>\n<\/div>\n<\/div>\n<\/div>\n<aside id=\"text-7\" class=\"td_block_template_8 widget text-7 widget_text\">\n<h4 class=\"td-block-title\"><span>C\u0103ut\u0103ri populare pe OTM<\/span><\/h4>\n<div class=\"textwidget\"><a href=\"https:\/\/orasul-timisoara.ro\/?s=timisoara\"><span>Timisoara<\/span><\/a><a href=\"https:\/\/orasul-timisoara.ro\/?s=calin+dobra\"><span>Calin Dobra<\/span><\/a><a href=\"https:\/\/orasul-timisoara.ro\/?s=primaria+timisoara\"><span>Primaria Timisoara<\/span><\/a><a href=\"https:\/\/orasul-timisoara.ro\/?s=dominic+fritz\"><span>Dominic Fritz<\/span><\/a><a href=\"https:\/\/orasul-timisoara.ro\/?s=nicolae+robu\"><span>Nicolae Robu<\/span><\/a><a href=\"https:\/\/orasul-timisoara.ro\/?s=consiliul+local+timisoara\">Consiliul Local Timisoara<\/a><a href=\"https:\/\/orasul-timisoara.ro\/?s=consiliul+judetean+timis\"><span>Consiliul Judetean Timis<\/span><\/a><a href=\"https:\/\/orasul-timisoara.ro\/?s=cjt\"><span>CJT<\/span><\/a><a href=\"https:\/\/orasul-timisoara.ro\/?s=Alfred+Simonis\"><span>Alfred Simonis<\/span><\/a><a href=\"https:\/\/orasul-timisoara.ro\/?s=PNL\"><span>PNL<\/span><\/a><a href=\"https:\/\/orasul-timisoara.ro\/?s=coronavirus\"><span>coronavirus<\/span><\/a><a href=\"https:\/\/orasul-timisoara.ro\/?s=teatru+timisoara\">teatru Timisoara<\/a><a href=\"https:\/\/orasul-timisoara.ro\/?s=restaurante\"><span>restaurante Timisoara<\/span><\/a><a href=\"https:\/\/orasul-timisoara.ro\/?s=diskoteka\"><span>Diskoteka<\/span><\/a><a href=\"https:\/\/orasul-timisoara.ro\/?s=iulius+town\"><span>Iulius Town<\/span><\/a><a href=\"https:\/\/orasul-timisoara.ro\/?s=iulius+mall\"><span>Iulius Mall<\/span><\/a><a href=\"https:\/\/orasul-timisoara.ro\/?s=stpt\"><span>STPT<\/span><\/a><a href=\"https:\/\/orasul-timisoara.ro\/?s=alin+nica\"><span>Alin Nica<\/span><\/a><a href=\"https:\/\/orasul-timisoara.ro\/?s=psd\"><span>PSD<\/span><\/a><a href=\"https:\/\/orasul-timisoara.ro\/?s=aeroport\"><span>Aeroportul International Timisoara<\/span><\/a><a href=\"https:\/\/orasul-timisoara.ro\/?s=babes\"><span>Spitalul Victor Babes Timisoara<\/span><\/a><a href=\"https:\/\/orasul-timisoara.ro\/?s=poli\"><span>Poli Timi\u0219oara<\/span><\/a><a href=\"https:\/\/orasul-timisoara.ro\/?s=carantina\"><span>carantina<\/span><\/a><a href=\"https:\/\/orasul-timisoara.ro\/?s=aquatim\"><span>Aquatim<\/span><\/a><a href=\"https:\/\/orasul-timisoara.ro\/local-category\/stiri-timisoara\/\"><span>Stiri Timisoara<\/span><\/a><a href=\"https:\/\/orasul-timisoara.ro\/local-category\/investitii-in-timisoara\/\"><span>Investi\u021bii in Timi\u0219oara<\/span><\/a><a href=\"https:\/\/orasul-timisoara.ro\/local-9463\/\"><span>shaorma<\/span><\/a><a href=\"https:\/\/orasul-timisoara.ro\/?s=trafic\"><span>trafic rutier<\/span><\/a><a href=\"https:\/\/orasul-timisoara.ro\/?s=politia\"><span>politia locala timisoara<\/span><\/a><a href=\"https:\/\/orasul-timisoara.ro\/?s=roxana\"><span>Roxana Iliescu<\/span><\/a><a href=\"https:\/\/orasul-timisoara.ro\/?s=colterm\"><span>Colterm<\/span><\/a><a href=\"https:\/\/orasul-timisoara.ro\/?s=latcau\"><span>Ruben La\u021bc\u0103u<\/span><\/a><a href=\"https:\/\/orasul-timisoara.ro\/?s=timis\"><span>\u0218tiri din Timi\u0219<\/span><\/a><a href=\"https:\/\/orasul-timisoara.ro\/?s=spital\"><span>Spitale din Timi\u0219oara<\/span><\/a><a href=\"https:\/\/orasul-timisoara.ro\/?s=tabara\"><span>Cosmin Tab\u0103r\u0103<\/span><\/a><\/div>\n<\/aside>\n<aside id=\"rss-2\" class=\"td_block_template_8 widget rss-2 widget_rss\">\n<h4 class=\"td-block-title\"><span><a class=\"rsswidget rss-widget-feed\" href=\"https:\/\/fashionfridays.ro\/feed\"><img decoding=\"async\" class=\"rss-widget-icon\" width=\"14\" height=\"14\" src=\"https:\/\/orasul-timisoara.ro\/wp-includes\/images\/rss.png\" alt=\"RSS\" loading=\"lazy\"><\/a><a class=\"rsswidget rss-widget-title\" href=\"https:\/\/fashionfridays.ro\/\">Fashion Fridays<\/a><\/span><\/h4>\n<ul>\n<li><a class=\"rsswidget\" href=\"https:\/\/fashionfridays.ro\/crocs-lanseaza-crocband-gum-clog-confort-iconic-cu-influente-retro-sport-pentru-primavara\/\">Crocs lanseaz\u0103 Crocband Gum Clog: confort iconic cu influen\u021be retro-sport pentru prim\u0103var\u0103<\/a>\n<div class=\"rssSummary\">Martie marcheaz\u0103 acel moment al anului \u00een care stilul \u00eencepe s\u0103 se relaxeze. Zilele devin mai lungi, ritmul ora\u0219ului se schimb\u0103, iar garderoba face tranzi\u021bia c\u0103tre piese care pun confortul pe primul loc, f\u0103r\u0103 s\u0103 renun\u021be la atitudine. Este sezonul \u00een care autenticitatea devine declara\u021bie de stil, iar alegerile vestimentare reflect\u0103 mai mult ca oric\u00e2nd [\u2026]<\/div>\n<\/li>\n<\/ul>\n<\/aside>\n<aside id=\"rss-4\" class=\"td_block_template_8 widget rss-4 widget_rss\">\n<h4 class=\"td-block-title\"><span><a class=\"rsswidget rss-widget-feed\" href=\"https:\/\/emasini.ro\/feed\"><img decoding=\"async\" class=\"rss-widget-icon\" width=\"14\" height=\"14\" src=\"https:\/\/orasul-timisoara.ro\/wp-includes\/images\/rss.png\" alt=\"RSS\" loading=\"lazy\"><\/a><a class=\"rsswidget rss-widget-title\" href=\"https:\/\/emasini.ro\/\">eMasini<\/a><\/span><\/h4>\n<ul>\n<li><a class=\"rsswidget\" href=\"https:\/\/emasini.ro\/traficul-rutier-sub-analiza-recensamant-national-pentru-modernizarea-infrastructurii\/\">Traficul rutier, sub analiz\u0103: recens\u0103m\u00e2nt na\u021bional pentru modernizarea infrastructurii<\/a>\n<div class=\"rssSummary\">Compania Na\u021bional\u0103 de Administrare a Infrastructurii Rutiere, prin Centrul de Studii Tehnice Rutiere \u0219i Informatic\u0103, preg\u0103te\u0219te una dintre cele mai importante ac\u021biuni de colectare de date din domeniul transporturilor: Recens\u0103m\u00e2ntul General de Circula\u021bie Rutier\u0103. Demersul are un rol strategic \u00een fundamentarea deciziilor privind dezvoltarea \u0219i modernizarea infrastructurii rutiere din Rom\u00e2nia. Ac\u021biunea este coordonat\u0103 de CNAIR, [\u2026]<\/div>\n<\/li>\n<\/ul>\n<\/aside>\n<\/div>\n<\/div>\n<\/div>\n<\/div>\n<\/article>\n<div class=\"td-post-content tagdiv-type\">\n<p>Prim\u0103ria Timi\u0219oara face un nou pas \u00een direc\u021bia valorific\u0103rii patrimoniului local, prin extinderea proiectului de reabilitare a Sinagoga din Fabric. Administra\u021bia local\u0103 inten\u021bioneaz\u0103 s\u0103 preia \u0219i Casa de rug\u0103ciuni adiacent\u0103, \u00eempreun\u0103 cu curtea aferent\u0103, pentru a integra \u00eentregul ansamblu \u00eentr-un concept unitar de restaurare \u0219i reutilizare.<\/p>\n<p>Decizia vine \u00een urma colabor\u0103rii cu Federa\u021bia Comunit\u0103\u021bilor Evreie\u0219ti din Rom\u00e2nia, care a aprobat completarea contractului \u00een acest sens. Proiectul urmeaz\u0103 s\u0103 fie supus votului Consiliului Local.<\/p>\n<h3 class=\"wp-block-heading\">Centru comunitar \u0219i educa\u021bional \u00een cl\u0103dire istoric\u0103<\/h3>\n<p>Noul concept de refunc\u021bionalizare vizeaz\u0103 transformarea ansamblului \u00eentr-un spa\u021biu dedicat comunit\u0103\u021bii, educa\u021biei \u0219i activit\u0103\u021bilor culturale. Planul, dezvoltat \u00een colaborare cu World Monuments Fund \u0219i Ateliercetrei, prevede amenajarea unor spa\u021bii de studiu, a unei biblioteci publice \u0219i a unor zone destinate copiilor \u0219i tinerilor.<\/p>\n<p>De asemenea, cl\u0103direa va include o sal\u0103 pentru expozi\u021bii \u0219i evenimente de mici dimensiuni, completat\u0103 de o cafenea, iar curtea interioar\u0103 va fi transformat\u0103 \u00eentr-un spa\u021biu pentru concerte \u0219i expozi\u021bii \u00een aer liber.<\/p>\n<p>Un element important al proiectului \u00eel reprezint\u0103 crearea unei zone dedicate memoriei comunit\u0103\u021bii evreie\u0219ti din Timi\u0219oara, cu materiale documentare realizate \u00een parteneriat cu Federa\u021bia Comunit\u0103\u021bilor Evreie\u0219ti.<\/p>\n<h3 class=\"wp-block-heading\">Etape de restaurare \u0219i investi\u021bii<\/h3>\n<p>\u00cen 2025 au fost finalizate lucr\u0103rile de urgen\u021b\u0103, \u00een valoare de aproximativ un milion de lei, care au vizat stabilizarea structurii \u0219i protejarea vitraliilor. Aceste interven\u021bii au oprit degradarea cl\u0103dirii \u0219i au preg\u0103tit terenul pentru etapele urm\u0103toare.<\/p>\n<p>Municipalitatea se preg\u0103te\u0219te acum pentru lansarea procedurilor de proiectare \u0219i achizi\u021bie, care vor deschide drumul lucr\u0103rilor de restaurare propriu-zise.<\/p>\n<h3 class=\"wp-block-heading\">Integrare \u00een regenerarea urban\u0103 a cartierului Fabric<\/h3>\n<p>Administrarea ansamblului de c\u0103tre Prim\u0103ria Timi\u0219oara este stabilit\u0103 p\u00e2n\u0103 \u00een anul 2072, oferind un cadru stabil pentru implementarea proiectului pe termen lung.<\/p>\n<p>Sinagoga din Fabric va fi inclus\u0103 \u0219i \u00een proiectul mai amplu de regenerare urban\u0103 a zonei Traian, aflat deja \u00een execu\u021bie, care urm\u0103re\u0219te revitalizarea cartierului istoric Fabric \u0219i transformarea acestuia \u00eentr-un pol cultural \u0219i turistic al ora\u0219ului.<\/p>\n<p>Prin aceast\u0103 ini\u021biativ\u0103, autorit\u0103\u021bile locale \u00ee\u0219i propun nu doar conservarea unui monument istoric, ci \u0219i redarea acestuia comunit\u0103\u021bii, \u00eentr-o form\u0103 adaptat\u0103 nevoilor contemporane.<\/p>\n<\/div>\n<p>[analyse_source url=&#8221;https:\/\/orasul-timisoara.ro\/local-38359\/&#8221;]<\/p>\n","protected":false},"excerpt":{"rendered":"<p>[analyse_image type=&#8221;featured&#8221; src=&#8221;https:\/\/orasul-timisoara.ro\/wp-content\/uploads\/2025\/06\/sinagoga-fabrica.jpg&#8221;] Administra\u021bie local\u0103Sinagoga din Fabric, mai aproape de revitalizare: Casa de rug\u0103ciuni intr\u0103 \u00een&#8230; Administra\u021bie local\u0103 Investitii in Timisoara \u0218tiri Locale Sinagoga din Fabric, mai aproape de revitalizare: Casa de rug\u0103ciuni intr\u0103 \u00een administrarea Prim\u0103riei De c\u0103tre redactia &#8211; 23\/04\/2026 Facebook Twitter WhatsApp Linkedin ReddIt Email Imprimare Prim\u0103ria Timi\u0219oara face un nou pas [&hellip;]<\/p>\n","protected":false},"author":1,"featured_media":0,"comment_status":"open","ping_status":"","sticky":false,"template":"","format":"standard","meta":{"footnotes":""},"categories":[89],"tags":[226,189],"class_list":["post-1898768","post","type-post","status-publish","format-standard","hentry","category-romania","tag-crawlmanager","tag-orasul-timisoara-ro"],"_links":{"self":[{"href":"https:\/\/analyse.optim.biz\/index.php?rest_route=\/wp\/v2\/posts\/1898768","targetHints":{"allow":["GET"]}}],"collection":[{"href":"https:\/\/analyse.optim.biz\/index.php?rest_route=\/wp\/v2\/posts"}],"about":[{"href":"https:\/\/analyse.optim.biz\/index.php?rest_route=\/wp\/v2\/types\/post"}],"author":[{"embeddable":true,"href":"https:\/\/analyse.optim.biz\/index.php?rest_route=\/wp\/v2\/users\/1"}],"replies":[{"embeddable":true,"href":"https:\/\/analyse.optim.biz\/index.php?rest_route=%2Fwp%2Fv2%2Fcomments&post=1898768"}],"version-history":[{"count":0,"href":"https:\/\/analyse.optim.biz\/index.php?rest_route=\/wp\/v2\/posts\/1898768\/revisions"}],"wp:attachment":[{"href":"https:\/\/analyse.optim.biz\/index.php?rest_route=%2Fwp%2Fv2%2Fmedia&parent=1898768"}],"wp:term":[{"taxonomy":"category","embeddable":true,"href":"https:\/\/analyse.optim.biz\/index.php?rest_route=%2Fwp%2Fv2%2Fcategories&post=1898768"},{"taxonomy":"post_tag","embeddable":true,"href":"https:\/\/analyse.optim.biz\/index.php?rest_route=%2Fwp%2Fv2%2Ftags&post=1898768"}],"curies":[{"name":"wp","href":"https:\/\/api.w.org\/{rel}","templated":true}]}}