{"id":1898729,"date":"2026-04-22T11:25:00","date_gmt":"2026-04-22T08:25:00","guid":{"rendered":"https:\/\/analyse.optim.biz\/?p=1898729"},"modified":"2026-04-22T11:25:00","modified_gmt":"2026-04-22T08:25:00","slug":"george-simion-nu-am-fost-invitati-la-negocieri-aur-voteaza-orice-motiune-pentru-caderea-defunctului-guvern-decent-ar-fi-sa-si-dea-demisia-dar-nu-mai-au-decenta-noi-vrem-anticipate","status":"publish","type":"post","link":"https:\/\/analyse.optim.biz\/?p=1898729","title":{"rendered":"George Simion: \u201dNu am fost invita\u021bi la negocieri. AUR voteaz\u0103 orice mo\u021biune pentru c\u0103derea defunctului Guvern. Decent ar fi s\u0103-\u0219i dea demisia, dar nu mai au decen\u021b\u0103. Noi vrem anticipate!\u201d &#8211; VIDEO"},"content":{"rendered":"<p>[analyse_image type=&#8221;featured&#8221; src=&#8221;https:\/\/www.activenews.ro\/images\/articole\/204567.jpg&#8221;]<\/p>\n<div class=\"articleBody\" data-key=\"articleBody\">&lt;iframe src=&#8221;https:\/\/www.facebook.com\/plugins\/video.php?height=476&amp;href=https%3A%2F%2Fwww.facebook.com%2Fgeorge.simion.unire%2Fvideos%2F2093643207882636%2F&amp;show_text=false&amp;width=267&amp;t=0&#8243; width=&#8221;267&#8243; height=&#8221;476&#8243; style=&#8221;border:none;overflow:hidden&#8221; scrolling=&#8221;no&#8221; frameborder=&#8221;0&#8243; allowfullscreen=&#8221;true&#8221; allow=&#8221;autoplay; clipboard-write; encrypted-media; picture-in-picture; web-share&#8221;&gt;&lt;\/iframe&gt; &lt;div&gt;&lt;span style=&#8221;font-weight: bold;&#8221;&gt;Liderul AUR, George Simion a f\u0103cut \u00een urm\u0103 cu pu\u021bin timp o declara\u021bie de pres\u0103 \u00een contextul crizei politice, critic\u00e2nd dur at\u00e2t partidele aflate la guvernare, c\u00e2t \u0219i modul \u00een care sunt gestionate consult\u0103rile politice. George Simion a transmis c\u0103 AUR \u00ee\u0219i va men\u021bine pozi\u021bia ferm\u0103 \u00een Parlament, inclusiv \u00een ceea ce prive\u0219te sus\u021binerea unei mo\u021biuni de cenzur\u0103 \u0219i organizarea alegerilor anticipate.&lt;\/span&gt;&lt;\/div&gt; &lt;div&gt;&lt;br \/&gt; &lt;\/div&gt; &lt;div&gt;\u201dA\u0219a cum am promis, o s\u0103 facem anun\u021buri zilnice pe perioada acestei crize politice, despre care nu v-am putea spune de ce a fost declan\u0219at\u0103.&nbsp;&lt;\/div&gt; &lt;div&gt;&lt;br \/&gt; &lt;\/div&gt; &lt;div&gt;Avem parte de ni\u0219te partide iresponsabile \u0219i vrem s\u0103 v\u0103 transmitem ast\u0103zi trei lucruri: unu, Nicu\u0219or Dan a organizat ceva consult\u0103ri. Nu am fost invita\u021bi la acele consult\u0103ri noi sau celelalte for\u021be de opozi\u021bie. Este o jignire la adresa votan\u021bilor no\u0219tri.&lt;\/div&gt; &lt;div&gt;&lt;br \/&gt; &lt;\/div&gt; &lt;div&gt;Dup\u0103 cum a\u021bi v\u0103zut vechile etichet\u0103ri \u0219i g\u00e2ndurile unora c\u0103 nu e bine s\u0103 discute cu noi, au disp\u0103rut din spectrul politic, dar Nicu\u0219or Dan a r\u0103mas la vechile metehne.&nbsp;&lt;\/div&gt; &lt;div&gt;&lt;br \/&gt; &lt;\/div&gt; &lt;div&gt;Nu este o atitudine preziden\u021bial\u0103 \u0219i lucrul \u0103sta ne duce cu g\u00e2ndul, inclusiv la faptul c\u0103 actualele certuri din coali\u021bie au fost declan\u0219ate de Nicu\u0219or Dan.&nbsp;&lt;\/div&gt; &lt;div&gt;&lt;br \/&gt; &lt;\/div&gt; &lt;div&gt;Doi, nici PSD, nici PNL nu sunt partide serioase \u0219i nu au ni\u0219te conduceri serioase. Nu suntem convin\u0219i c\u0103 PSD-ul va depune o mo\u021biune de cenzur\u0103. Ei ini\u021biind ruperea coali\u021biei.&nbsp;&nbsp;&lt;\/div&gt; &lt;div&gt;&lt;br \/&gt; &lt;\/div&gt; &lt;div&gt;Avem de-a face cu o coali\u021bie defunct\u0103. Acum tot sistemul trebuie s\u0103 poarte noi negocieri. Noi ne-am spus din ziua unu \u0219i chiar am enun\u021bat s\u0103pt\u0103m\u00e2ni \u0219i luni bune pozi\u021bia AUR. Vot\u0103m orice mo\u021biune simpl\u0103, orice mo\u021biune de cenzur\u0103 \u00eempotriva acestui Guvern.&nbsp;&lt;\/div&gt; &lt;div&gt;&lt;br \/&gt; &lt;\/div&gt; &lt;div&gt;Nu o s\u0103 iau acum \u00eentreb\u0103ri din partea dumneavoastr\u0103 pentru c\u0103 iar ne lans\u0103m \u00een ipoteze. Noi nu consider\u0103m c\u0103 PSD-ul este un partid serios, care va depune o mo\u021biune de cenzur\u0103 \u0219i care va duce la bun sf\u00e2r\u0219it ceea ce a spus. Ni se pare c\u0103 fac un joc de glezne.&nbsp;&lt;\/div&gt; &lt;div&gt;&lt;br \/&gt; &lt;\/div&gt; &lt;div&gt;Avem de-a face cu ni\u0219te lideri \u0219i cu ni\u0219te partide neserioase. PSD-ul nu credem c\u0103 va depune mo\u021biune de cenzur\u0103. V-am spus cu o propozi\u021bie mai \u00eenainte.&nbsp;&lt;\/div&gt; &lt;div&gt;&lt;br \/&gt; &lt;\/div&gt; &lt;div&gt;V-am spus c\u0103 noi vom vota orice mo\u021biune, nu exist\u0103 dubii. Toat\u0103 lumea \u00eencearc\u0103 prin studiourile TV s\u0103 r\u0103st\u0103lm\u0103ceasc\u0103 vorbele noastre. E aceea\u0219i chestiune. Nu credem c\u0103 vor depune. Noi vom depune conform calendarului \u00een luna mai, pentru c\u0103 noi ne \u021binem de cuv\u00e2nt.&nbsp;&lt;\/div&gt; &lt;div&gt;&lt;br \/&gt; &lt;\/div&gt; &lt;div&gt;PNL-ul nu este nici el un partid serios pentru c\u0103 noi am enun\u021bat ieri trei lucruri care trebuie votate \u00een Parlament de urgen\u021b\u0103 ca s\u0103 \u00ee\u0219i respecte promisiunea f\u0103cut\u0103 de domnul Bolojan. Nu de mine, nu de altcineva.&nbsp;&lt;\/div&gt; &lt;div&gt;&lt;br \/&gt; &lt;\/div&gt; &lt;div&gt;Domnul Bolojan a promis \u00een campanie 300 de parlamentari. Noi am cerut \u00een BP-ul de luni, cerem \u0219i \u00een BP-ul de azi. O s\u0103 revenim \u00een BP-ul de luni de la Camera Deputa\u021bilor s\u0103 fie trecut\u0103 pe ordinea de zi aceast\u0103 lege pe care noi am ini\u021biat-o pentru un Parlament compus din 300 de parlamentari, 200 la Camera Deputa\u021bilor, 100 la Senat. Nu vreau s\u0103 discut 300 mai mult, mai pu\u021bin, nu vreau. N-am ce negocia, a\u0219a au votat rom\u00e2nii, a\u0219a trebuie s\u0103 se \u00eent\u00e2mple.&nbsp;&lt;\/div&gt; &lt;div&gt;&lt;br \/&gt; &lt;\/div&gt; &lt;div&gt;Iar \u00een Biroul Permanent de la Senat, domnul Petri\u0219or Peiu, liderul senatorilor AUR, \u0219i Lauren\u021biu Pl\u0103e\u0219u, vicepre\u0219edintele Senatului, vor cere punerea pe ordinea de zi a proiectului nostru cu privire la alegerea primarilor \u0219i pre\u0219edin\u021bilor de consilii jude\u021bene \u00een dou\u0103 tururi.&nbsp;&lt;\/div&gt; &lt;div&gt;&lt;br \/&gt; &lt;\/div&gt; &lt;div&gt;A treia chestiune cerut\u0103 de mine, ca pre\u0219edinte AUR, este renun\u021barea la subven\u021biile publice pentru partidele politice. Este un gest de solidaritate din partea clasei conduc\u0103toare, din partea clasei politice.&nbsp;&lt;\/div&gt; &lt;div&gt;&lt;br \/&gt; &lt;\/div&gt; &lt;div&gt;Toate aceste trei m\u0103suri duc la sacrificii din partea partidelor \u0219i la o reform\u0103 \u0219i la revenirea la democra\u021bie printr-un vot \u00een Parlament. Dac\u0103 ei nu mai au majoritate ast\u0103zi s\u0103-\u0219i dea demisia, a\u0219a ar fi decent. Nu mai au decen\u021b\u0103. \u00cencearc\u0103 s\u0103 cumpere pe unde mai nimeresc \u00een diferite forma\u021biuni parlamentari.&nbsp;&lt;\/div&gt; &lt;div&gt;&lt;br \/&gt; &lt;\/div&gt; &lt;div&gt;Nu o s\u0103 fac\u0103 ceea ce au promis! S\u0103 treac\u0103 la 300 de parlamentari, la dou\u0103 tururi, la renun\u021barea la subven\u021bie. Au luat doar de la cet\u0103\u021beni \u0219i de la firme. De la partidele politice nu au luat deloc. Ce ar trebui eu s\u0103 discut cu ni\u0219te partide neserioase care vor s\u0103 continue, de fapt, sub diferite forme, aceast\u0103 coali\u021bie despre care toat\u0103 lumea, presa, pre\u0219edin\u021bii partidelor politice, recunosc?&nbsp;&lt;\/div&gt; &lt;div&gt;&lt;br \/&gt; &lt;\/div&gt; &lt;div&gt;A fost un guvern dezastruos! A fost o coali\u021bie dezastruoas\u0103. \u0218i dac\u0103 ei au fost at\u00e2t de slabi \u00een a administra \u021bara, de ce vor s-o mai administreze \u00eenc\u0103 o dat\u0103? Eu am fost c\u00e2t se poate de clar. Dac\u0103 dumneavoastr\u0103 vre\u021bi s\u0103 m\u0103 \u00eentreba\u021bi iar\u0103\u0219i dac\u0103 vot\u0103m mo\u021biune, vot\u0103m mo\u021biune.\u201d&lt;\/div&gt;<\/div>\n<p>[analyse_source url=&#8221;https:\/\/www.activenews.ro\/stiri\/George-Simion-Nu-am-fost-invitati-la-negocieri.-AUR-voteaza-orice-motiune-pentru-caderea-defunctului-Guvern.-Decent-ar-fi-sa-si-dea-demisia-dar-nu-mai-au-decenta.-Noi-vrem-anticipate-VIDEO-204567&#8243;]<\/p>\n","protected":false},"excerpt":{"rendered":"<p>[analyse_image type=&#8221;featured&#8221; src=&#8221;https:\/\/www.activenews.ro\/images\/articole\/204567.jpg&#8221;] &lt;iframe src=&#8221;https:\/\/www.facebook.com\/plugins\/video.php?height=476&amp;href=https%3A%2F%2Fwww.facebook.com%2Fgeorge.simion.unire%2Fvideos%2F2093643207882636%2F&amp;show_text=false&amp;width=267&amp;t=0&#8243; width=&#8221;267&#8243; height=&#8221;476&#8243; style=&#8221;border:none;overflow:hidden&#8221; scrolling=&#8221;no&#8221; frameborder=&#8221;0&#8243; allowfullscreen=&#8221;true&#8221; allow=&#8221;autoplay; clipboard-write; encrypted-media; picture-in-picture; web-share&#8221;&gt;&lt;\/iframe&gt; &lt;div&gt;&lt;span style=&#8221;font-weight: bold;&#8221;&gt;Liderul AUR, George Simion a f\u0103cut \u00een urm\u0103 cu pu\u021bin timp o declara\u021bie de pres\u0103 \u00een contextul crizei politice, critic\u00e2nd dur at\u00e2t partidele aflate la guvernare, c\u00e2t \u0219i modul \u00een care sunt gestionate consult\u0103rile politice. George Simion [&hellip;]<\/p>\n","protected":false},"author":1,"featured_media":0,"comment_status":"open","ping_status":"","sticky":false,"template":"","format":"standard","meta":{"footnotes":""},"categories":[89],"tags":[98,226],"class_list":["post-1898729","post","type-post","status-publish","format-standard","hentry","category-romania","tag-activenews-ro","tag-crawlmanager"],"_links":{"self":[{"href":"https:\/\/analyse.optim.biz\/index.php?rest_route=\/wp\/v2\/posts\/1898729","targetHints":{"allow":["GET"]}}],"collection":[{"href":"https:\/\/analyse.optim.biz\/index.php?rest_route=\/wp\/v2\/posts"}],"about":[{"href":"https:\/\/analyse.optim.biz\/index.php?rest_route=\/wp\/v2\/types\/post"}],"author":[{"embeddable":true,"href":"https:\/\/analyse.optim.biz\/index.php?rest_route=\/wp\/v2\/users\/1"}],"replies":[{"embeddable":true,"href":"https:\/\/analyse.optim.biz\/index.php?rest_route=%2Fwp%2Fv2%2Fcomments&post=1898729"}],"version-history":[{"count":0,"href":"https:\/\/analyse.optim.biz\/index.php?rest_route=\/wp\/v2\/posts\/1898729\/revisions"}],"wp:attachment":[{"href":"https:\/\/analyse.optim.biz\/index.php?rest_route=%2Fwp%2Fv2%2Fmedia&parent=1898729"}],"wp:term":[{"taxonomy":"category","embeddable":true,"href":"https:\/\/analyse.optim.biz\/index.php?rest_route=%2Fwp%2Fv2%2Fcategories&post=1898729"},{"taxonomy":"post_tag","embeddable":true,"href":"https:\/\/analyse.optim.biz\/index.php?rest_route=%2Fwp%2Fv2%2Ftags&post=1898729"}],"curies":[{"name":"wp","href":"https:\/\/api.w.org\/{rel}","templated":true}]}}