{"id":1898664,"date":"2026-04-23T12:50:10","date_gmt":"2026-04-23T09:50:10","guid":{"rendered":"https:\/\/analyse.optim.biz\/?p=1898664"},"modified":"2026-04-23T12:50:10","modified_gmt":"2026-04-23T09:50:10","slug":"ilie-bolojan-am-luat-act-de-demisiile-ministrilor-psd-cine-preia-interimar-portofoliile-ramase-vacante","status":"publish","type":"post","link":"https:\/\/analyse.optim.biz\/?p=1898664","title":{"rendered":"Ilie Bolojan: \u201eAm luat act de demisiile mini\u0219trilor PSD\u201d. Cine preia interimar portofoliile r\u0103mase vacante"},"content":{"rendered":"<p>[analyse_image type=&#8221;featured&#8221; src=&#8221;https:\/\/s.iw.ro\/gateway\/g\/ZmlsZVNvdXJjZT1odHRwJTNBJTJGJTJG\/c3RvcmFnZTA4dHJhbnNjb2Rlci5yY3Mt\/cmRzLnJvJTJGc3RvcmFnZSUyRjIwMjYl\/MkYwNCUyRjA0JTJGMjY3MzQwOF8yNjcz\/NDA4X2lsaWUtYm9sb2phbi1pbnF1YW0t\/Z2VvcmdlLWNhbGluLmpwZyZ3PTEyMDAm\/aD02MzAmemM9MSZoYXNoPTM0M2RhMDcxOTAwYWZmNDY2ZjVhNzgxYjBhNzc1Zjdm.thumb.jpg&#8221;]<\/p>\n<div class=\"entry data-app-meta data-app-meta-article\" data-embed-base-url-canonical=\"https:\/\/www.digi24.ro\/embed\/stiri\/actualitate\/politica\/ilie-bolojan-am-luat-act-de-demisiile-ministrilor-psd-cine-preia-interimar-portofoliile-ramase-vacante-3741433\">\n<p data-index=\"1\"><strong>Premierul <span class=\"hover:entity-accent entity-underline inline cursor-pointer align-baseline\"><span class=\"whitespace-normal\">Ilie Bolojan<\/span><\/span> a anun\u021bat joi c\u0103 <a href=\"https:\/\/www.digi24.ro\/stiri\/actualitate\/politica\/ziua-demisiei-ministrii-psd-vor-renunta-la-functiile-din-executiv-inainte-de-sedinta-de-guvern-3740539\" target=\"_blank\" rel=\"noopener\" data-skip-linkfix=\"1\">a luat act de demisiile mini\u0219trilor sus\u021binu\u021bi de <span class=\"hover:entity-accent entity-underline inline cursor-pointer align-baseline\"><span class=\"whitespace-normal\">PSD<\/span><\/span><\/a> \u0219i c\u0103 va transmite noile propuneri pentru interimari c\u0103tre pre\u0219edintele <span class=\"hover:entity-accent entity-underline inline cursor-pointer align-baseline\"><span class=\"whitespace-normal\">Nicu\u0219or Dan<\/span><\/span>. Mai multe portofolii-cheie vor fi preluate temporar de mini\u0219tri din actualul cabinet, p\u00e2n\u0103 la clarificarea situa\u021biei politice.<\/strong><\/p>\n<p class=\"western\" data-index=\"2\"><span>\u201e<\/span>Am luat act de demisiile ministrilor sus\u0163inu\u0163i de Partidul Social-Democrat, demisii care au fost \u00eenregistrate \u00een jurul pr\u00e2nzului. Se cuvine s\u0103 le mul\u0163umesc pentru colaborarea pe care am avut-o \u00een aceste 10 luni, pentru c\u0103 toate lucrurile care au fost realizate, cele bune \u015fi poate \u015fi cele care nu au fost at\u00e2t de reu\u015fite, sunt un rezultat de echip\u0103. \u015ei fiecare ministru, fiecare secretar de stat, fiecare director \u015fi fiecare coleg din ministere care lucreaz\u0103 \u015fi-a adus contribu\u0163ia la aceste rezultate\u201d, a spus premierul Ilie Bolojan.<\/p>\n<p data-index=\"3\"><span>\u201e<\/span>Av\u00e2nd \u00een vedere c\u0103 guvernul trebuie s\u0103 lucreze f\u0103r\u0103 sincope, ca urmare, a problemelor pe care le avem, absor\u0163ia fondurilor din PNRR, derularea normal\u0103 a investi\u0163iilor, programul SAFE, toate celelalte probleme pe care le avem, am avut o \u00eent\u00e2lnire cu vicepremierii pe care am finalizat-o \u00een urm\u0103 c\u00e2teva minute \u015fi dup\u0103 aceast\u0103 \u00eent\u00e2lnire vom trimite pre\u015fedintelui Rom\u00e2niei propunerile pentru a \u00eenlocui mini\u015ftri care \u015fi-au dat demisia\u201d, a mai spus Bolojan.<\/p>\n<p data-index=\"4\">El a precizat c\u0103 mini\u015ftrii demisionari pot fi \u00eenlocui\u0163i de c\u0103tre mini\u015ftri care sunt \u00een cabinet.<\/p>\n<p data-index=\"5\"><span>\u201e<\/span>Propunerele pe care le-am f\u0103cut urmaresc ca cei care sunt propu\u015fi s\u0103 aib\u0103 o experien\u0163\u0103 \u00een a\u015fa fel \u00eenc\u00e2t imediat s\u0103 poat\u0103 prelua activitatea \u00een a\u015fa fel \u00eenc\u00e2t s\u0103 se desf\u0103\u015foare f\u0103r\u0103 sincope \u015fi de asemenea, ca toate proiectele care sunt \u00een curs s\u0103 continue. P\u00e2n\u0103 luni, am cerut noilor mini\u015ftri s\u0103 ia leg\u0103tura cu cei care au demisionat \u00een a\u015fa fel \u00eenc\u00e2t ast\u0103zi, m\u00e2ine, la final de s\u0103pt\u0103m\u00e2n\u0103, cel mai t\u00e2rziu luni, s\u0103 preia toate problemele \u015fi luni urmeaz\u0103 s\u0103 avem o \u00eent\u00e2lnire de lucru \u00een a\u015fa fel \u00eenc\u00e2t s\u0103 vedem unde sunt problemele, care sunt priorit\u0103\u0163ile pentru a lucra f\u0103r\u0103 sincope\u201d, a subliniat Ilie Bolojan.<\/p>\n<p data-index=\"6\">Premierul a anun\u0163at numele mini\u015ftrilor care preiau portofoliile PSD:\u00a0<\/p>\n<ul>\n<li>Drago\u015f P\u00eeslaru va prelua Ministerul Muncii<\/li>\n<li>Cseke Attila va prelua Ministerul S\u0103n\u0103t\u0103\u0163ii<\/li>\n<li>Tanczos Barna va prelua Ministerul Agriculturii<\/li>\n<li>C\u0103t\u0103lin Predoiu va prelua Ministerul Justi\u0163iei<\/li>\n<li>Ilie Bolojan va prelua Ministerul Energiei<\/li>\n<li>Radu Miru\u0163\u0103 va prelua Ministerul Transporturilor<\/li>\n<\/ul>\n<p data-index=\"7\">Protofoliul vicepremierului Marian Neac\u015fu va fi preluat de Oana Gheorghiu.<\/p>\n<p> Editor : <a href=\"https:\/\/www.digi24.ro\/autor\/claudia-ariton\"> C.A. <\/a><\/p>\n<\/div>\n<p>[analyse_source url=&#8221;https:\/\/www.digi24.ro\/stiri\/actualitate\/politica\/ilie-bolojan-am-luat-act-de-demisiile-ministrilor-psd-cine-preia-interimar-portofoliile-ramase-vacante-3741433&#8243;]<\/p>\n","protected":false},"excerpt":{"rendered":"<p>[analyse_image type=&#8221;featured&#8221; src=&#8221;https:\/\/s.iw.ro\/gateway\/g\/ZmlsZVNvdXJjZT1odHRwJTNBJTJGJTJG\/c3RvcmFnZTA4dHJhbnNjb2Rlci5yY3Mt\/cmRzLnJvJTJGc3RvcmFnZSUyRjIwMjYl\/MkYwNCUyRjA0JTJGMjY3MzQwOF8yNjcz\/NDA4X2lsaWUtYm9sb2phbi1pbnF1YW0t\/Z2VvcmdlLWNhbGluLmpwZyZ3PTEyMDAm\/aD02MzAmemM9MSZoYXNoPTM0M2RhMDcxOTAwYWZmNDY2ZjVhNzgxYjBhNzc1Zjdm.thumb.jpg&#8221;] Premierul Ilie Bolojan a anun\u021bat joi c\u0103 a luat act de demisiile mini\u0219trilor sus\u021binu\u021bi de PSD \u0219i c\u0103 va transmite noile propuneri pentru interimari c\u0103tre pre\u0219edintele Nicu\u0219or Dan. Mai multe portofolii-cheie vor fi preluate temporar de mini\u0219tri din actualul cabinet, p\u00e2n\u0103 la clarificarea situa\u021biei politice. \u201eAm luat act de demisiile ministrilor sus\u0163inu\u0163i [&hellip;]<\/p>\n","protected":false},"author":1,"featured_media":0,"comment_status":"open","ping_status":"","sticky":false,"template":"","format":"standard","meta":{"footnotes":""},"categories":[89],"tags":[226,11],"class_list":["post-1898664","post","type-post","status-publish","format-standard","hentry","category-romania","tag-crawlmanager","tag-digi24"],"_links":{"self":[{"href":"https:\/\/analyse.optim.biz\/index.php?rest_route=\/wp\/v2\/posts\/1898664","targetHints":{"allow":["GET"]}}],"collection":[{"href":"https:\/\/analyse.optim.biz\/index.php?rest_route=\/wp\/v2\/posts"}],"about":[{"href":"https:\/\/analyse.optim.biz\/index.php?rest_route=\/wp\/v2\/types\/post"}],"author":[{"embeddable":true,"href":"https:\/\/analyse.optim.biz\/index.php?rest_route=\/wp\/v2\/users\/1"}],"replies":[{"embeddable":true,"href":"https:\/\/analyse.optim.biz\/index.php?rest_route=%2Fwp%2Fv2%2Fcomments&post=1898664"}],"version-history":[{"count":0,"href":"https:\/\/analyse.optim.biz\/index.php?rest_route=\/wp\/v2\/posts\/1898664\/revisions"}],"wp:attachment":[{"href":"https:\/\/analyse.optim.biz\/index.php?rest_route=%2Fwp%2Fv2%2Fmedia&parent=1898664"}],"wp:term":[{"taxonomy":"category","embeddable":true,"href":"https:\/\/analyse.optim.biz\/index.php?rest_route=%2Fwp%2Fv2%2Fcategories&post=1898664"},{"taxonomy":"post_tag","embeddable":true,"href":"https:\/\/analyse.optim.biz\/index.php?rest_route=%2Fwp%2Fv2%2Ftags&post=1898664"}],"curies":[{"name":"wp","href":"https:\/\/api.w.org\/{rel}","templated":true}]}}