{"id":1898610,"date":"2026-04-22T15:09:11","date_gmt":"2026-04-22T12:09:11","guid":{"rendered":"https:\/\/analyse.optim.biz\/?p=1898610"},"modified":"2026-04-22T15:09:11","modified_gmt":"2026-04-22T12:09:11","slug":"echipa-romaniei-de-sah-pentru-nevazatori-concureaza-la-campionatul-mondial-din-2026","status":"publish","type":"post","link":"https:\/\/analyse.optim.biz\/?p=1898610","title":{"rendered":"Echipa Rom\u00e2niei de \u0219ah pentru nev\u0103z\u0103tori concureaz\u0103 la Campionatul Mondial din 2026"},"content":{"rendered":"<p>[analyse_image type=&#8221;featured&#8221; src=&#8221;https:\/\/cdn.adh.reperio.news\/image-f\/f10e2ef3-6837-404f-a8cb-6bee9fc76015\/index.jpeg?p=f%3Djpeg%26w%3D1200%26h%3D630%26r%3Dcover&#8221;]<\/p>\n<article class=\"svelte-t0js42\">\n<nav>\n<ul class=\"breadcrump svelte-xauq0s\">\n<li class=\"svelte-xauq0s\"><a href=\"\/\" title=\"Adev\u0103rul\" class=\"svelte-xauq0s\">Home<\/a><\/li>\n<li class=\"svelte-xauq0s\"><a href=\"\/sport\" class=\"svelte-xauq0s\">Sport<\/a><\/li>\n<li class=\"svelte-xauq0s\"><a href=\"https:\/\/adevarul.ro\/sport\/echipa-romaniei-de-sah-pentru-nevazatori-2524541.html\" class=\"svelte-xauq0s\">Echipa Rom\u00e2niei de \u0219ah pentru nev\u0103z\u0103tori concureaz\u0103 la Campionatul Mondial din 2026<\/a><\/li>\n<\/ul>\n<\/nav>\n<p><main class=\"svelte-t0js42\"><\/p>\n<p>Vara trecut\u0103, echipa Rom\u00e2niei de \u0219ah pentru nev\u0103z\u0103tori, parte a <a href=\"https:\/\/www.anvr.ro\/\" target=\"_blank\" rel=\"nofollow\">Asocia\u021biei Nev\u0103z\u0103torilor din Rom\u00e2nia<\/a>, a participat la Olimpiada de \u0218ah<br \/>\norganizat\u0103 de IBCA \u00een Serbia, unde s-a clasat \u00eentre cele mai bune 16 echipe din<br \/>\nlume. Acest rezultat a adus \u0219i calificarea la Campionatul Mondial pe Echipe din<br \/>\n2026. Competi\u021bia, \u00eenceput\u0103 pe 17 aprilie, se desf\u0103\u0219oar\u0103 \u00een prezent la Petrovac,<br \/>\n\u00een Muntenegru, p\u00e2n\u0103 pe 28 aprilie, iar echipa Rom\u00e2niei concureaz\u0103 din nou pe<br \/>\nscena interna\u021bional\u0103.<\/p>\n<div class=\"container-image  svelte-jd4qiv\"><source type=\"image\/webp\" srcset=\"https:\/\/cdn.adh.reperio.news\/image-f\/f10e2ef3-6837-404f-a8cb-6bee9fc76015\/index.jpeg?p=a%3D1%26co%3D1.05%26w%3D1400%26h%3D750%26r%3Dcontain%26f%3Dwebp 1400w\" media=\"(min-width: 1400px)\" \/><\/div>\n<p>Campionatul Mondial de \u0218ah pentru Nev\u0103z\u0103tori reune\u0219te unele dintre cele mai<br \/>\nputernice echipe la nivel global \u0219i face parte din calendarul competi\u021bional al<br \/>\nInternational Braille Chess Association (IBCA), organiza\u021bia care coordoneaz\u0103<br \/>\ncompeti\u021biile interna\u021bionale dedicate \u0219ahi\u0219tilor nev\u0103z\u0103tori \u0219i cu deficien\u021be de<br \/>\nvedere.<\/p>\n<p>Competi\u021bia include echipe din peste 20 de \u021b\u0103ri \u0219i se desf\u0103\u0219oar\u0103 \u00een sistem<br \/>\nelve\u021bian, pe parcursul a 9 runde, cu timp de joc clasic (90 de minute + 30 de<br \/>\nsecunde\/mutare), fiind o competi\u021bie oficial\u0103 cu calcul rating ELO.<\/p>\n<p>Rezultatul ob\u021binut \u00een Serbia marcheaz\u0103 un moment important pentru echipa<br \/>\nRom\u00e2niei, confirm\u00e2nd progresul constant pe scena interna\u021bional\u0103 \u0219i asigur\u00e2nd<br \/>\ncalificarea la una dintre cele mai competitive competi\u021bii ale disciplinei.<\/p>\n<p>\u00cen \u0219ahul pentru nev\u0103z\u0103tori, sportivii joac\u0103 pe table speciale cu piese<br \/>\ntactile, fiecare mutare fiind comunicat\u0103 verbal. Formatul pune un accent<br \/>\nputernic pe memorie, concentrare \u0219i g\u00e2ndire strategic\u0103, test\u00e2nd acelea\u0219i<br \/>\nabilit\u0103\u021bi esen\u021biale \u00eent\u00e2lnite la cel mai \u00eenalt nivel al jocului.<\/p>\n<p>Delega\u021bia Rom\u00e2niei la Campionatul Mondial din 2026 este format\u0103 din \u0219apte<br \/>\nmembri, sportivi \u0219i staff, care reprezint\u0103 \u021bara \u00eentr-una dintre cele mai<br \/>\nsolicitante competi\u021bii interna\u021bionale din \u0219ahul pentru nev\u0103z\u0103tori. Rom\u00e2nia<br \/>\nparticip\u0103 la aceast\u0103 edi\u021bie de pe pozi\u021bia a 10-a (media ELO: 1942), cu o echip\u0103<br \/>\nformat\u0103 din FM (FIDE Master) Mihail-Dacian Pribeanu la masa 1 (2137), locul 5<br \/>\nmondial \u00een 2025, al\u0103turi de Gheorghe Bratu (masa 2, 1904), D\u0103nu\u021b Mocanu (masa<br \/>\n3, 1876), Dumitru Vlad (masa 4, 1849) \u0219i Vasile Carapit (masa 5, 1843).<\/p>\n<p>Betano a sus\u021binut participarea echipei Rom\u00e2niei la Olimpiada IBCA de \u0218ah<br \/>\ndin Serbia, contribuind la performan\u021ba care a asigurat calificarea la<br \/>\nCampionatul Mondial. Compania continu\u0103 acest demers \u0219i sus\u021bine participarea<br \/>\nechipei \u0219i la edi\u021bia din 2026 a competi\u021biei, prin sprijinul acordat Asocia\u021biei<br \/>\nNev\u0103z\u0103torilor din Rom\u00e2nia.<\/p>\n<p>Pentru Betano, sus\u021binerea unor astfel de ini\u021biative reflect\u0103 o convingere<br \/>\nsimpl\u0103: c\u0103 ceea ce pare imposibil poate deveni posibil atunci c\u00e2nd performan\u021ba,<br \/>\ndeterminarea \u0219i sprijinul potrivit se \u00eent\u00e2lnesc.<\/p>\n<p>Pentru sportivii rom\u00e2ni, participarea la Campionatul Mondial \u00eenseamn\u0103 mai<br \/>\nmult dec\u00e2t o competi\u021bie. Este o oportunitate de a demonstra c\u0103, prin<br \/>\ndisciplin\u0103, concentrare \u0219i determinare, limitele pot fi dep\u0103\u0219ite, iar progresul<br \/>\ncontinu\u0103, mutare cu mutare.<\/p>\n<p>Articol sustinut de Betano<\/p>\n<p><\/main><\/p>\n<footer class=\"svelte-t0js42\">\n<div class=\"meta svelte-t0js42\">\n<div class=\"authors svelte-t0js42\"><a href=\"\/author\/702\" rel=\"author\" class=\"svelte-t0js42\">ADH<\/a><\/div>\n<div class=\"tags svelte-12okeyl\"><span class=\"tags-label metaFont svelte-12okeyl\">Cite\u0219te mai multe despre<\/span><\/p>\n<div class=\"tags-list svelte-12okeyl\"><a href=\"\/tag\/sah\" title=\"Ultimele \u0219tiri despre sah\" class=\"tag-pill svelte-12okeyl\">sah<\/a><a href=\"\/tag\/campionatul%20mondial\" title=\"Ultimele \u0219tiri despre campionatul mondial\" class=\"tag-pill svelte-12okeyl\">campionatul mondial<\/a><\/div>\n<\/div>\n<\/div>\n<p><a class=\"moreFromCategory svelte-t0js42\" href=\"\/sport\" title=\"Sport\">Mai multe din <strong class=\"svelte-t0js42\">Sport<\/strong> \u203a<\/a><\/footer>\n<\/article>\n<p>[analyse_source url=&#8221;https:\/\/adevarul.ro\/sport\/echipa-romaniei-de-sah-pentru-nevazatori-2524541.html&#8221;]<\/p>\n","protected":false},"excerpt":{"rendered":"<p>[analyse_image type=&#8221;featured&#8221; src=&#8221;https:\/\/cdn.adh.reperio.news\/image-f\/f10e2ef3-6837-404f-a8cb-6bee9fc76015\/index.jpeg?p=f%3Djpeg%26w%3D1200%26h%3D630%26r%3Dcover&#8221;] Home Sport Echipa Rom\u00e2niei de \u0219ah pentru nev\u0103z\u0103tori concureaz\u0103 la Campionatul Mondial din 2026 Vara trecut\u0103, echipa Rom\u00e2niei de \u0219ah pentru nev\u0103z\u0103tori, parte a Asocia\u021biei Nev\u0103z\u0103torilor din Rom\u00e2nia, a participat la Olimpiada de \u0218ah organizat\u0103 de IBCA \u00een Serbia, unde s-a clasat \u00eentre cele mai bune 16 echipe din lume. Acest rezultat [&hellip;]<\/p>\n","protected":false},"author":1,"featured_media":0,"comment_status":"open","ping_status":"","sticky":false,"template":"","format":"standard","meta":{"footnotes":""},"categories":[89],"tags":[19,226],"class_list":["post-1898610","post","type-post","status-publish","format-standard","hentry","category-romania","tag-adevarul","tag-crawlmanager"],"_links":{"self":[{"href":"https:\/\/analyse.optim.biz\/index.php?rest_route=\/wp\/v2\/posts\/1898610","targetHints":{"allow":["GET"]}}],"collection":[{"href":"https:\/\/analyse.optim.biz\/index.php?rest_route=\/wp\/v2\/posts"}],"about":[{"href":"https:\/\/analyse.optim.biz\/index.php?rest_route=\/wp\/v2\/types\/post"}],"author":[{"embeddable":true,"href":"https:\/\/analyse.optim.biz\/index.php?rest_route=\/wp\/v2\/users\/1"}],"replies":[{"embeddable":true,"href":"https:\/\/analyse.optim.biz\/index.php?rest_route=%2Fwp%2Fv2%2Fcomments&post=1898610"}],"version-history":[{"count":0,"href":"https:\/\/analyse.optim.biz\/index.php?rest_route=\/wp\/v2\/posts\/1898610\/revisions"}],"wp:attachment":[{"href":"https:\/\/analyse.optim.biz\/index.php?rest_route=%2Fwp%2Fv2%2Fmedia&parent=1898610"}],"wp:term":[{"taxonomy":"category","embeddable":true,"href":"https:\/\/analyse.optim.biz\/index.php?rest_route=%2Fwp%2Fv2%2Fcategories&post=1898610"},{"taxonomy":"post_tag","embeddable":true,"href":"https:\/\/analyse.optim.biz\/index.php?rest_route=%2Fwp%2Fv2%2Ftags&post=1898610"}],"curies":[{"name":"wp","href":"https:\/\/api.w.org\/{rel}","templated":true}]}}