{"id":1898586,"date":"2026-04-22T10:54:06","date_gmt":"2026-04-22T07:54:06","guid":{"rendered":"https:\/\/analyse.optim.biz\/?p=1898586"},"modified":"2026-04-22T10:54:06","modified_gmt":"2026-04-22T07:54:06","slug":"clubul-la-care-s-a-dus-mirel-radoi-sta-pe-un-butoi-cu-pulbere-fostul-antrenor-al-echipei-a-dat-cartile-pe","status":"publish","type":"post","link":"https:\/\/analyse.optim.biz\/?p=1898586","title":{"rendered":"Clubul la care s-a dus Mirel R\u0103doi st\u0103 pe un butoi cu pulbere. Fostul antrenor al echipei a dat c\u0103r\u021bile pe&#8230;"},"content":{"rendered":"<p>[analyse_image type=&#8221;featured&#8221; src=&#8221;https:\/\/cdn.adh.reperio.news\/image-0\/062ba013-1fcf-4f4d-90a9-97118dcbf66d\/index.jpeg?p=f%3Djpeg%26w%3D1200%26h%3D630%26r%3Dcover%26c%3D0%252C0%252C1%252C0.933&#8243;]<\/p>\n<article class=\"svelte-t0js42\">\n<nav>\n<ul class=\"breadcrump svelte-xauq0s\">\n<li class=\"svelte-xauq0s\"><a href=\"\/\" title=\"Adev\u0103rul\" class=\"svelte-xauq0s\">Home<\/a><\/li>\n<li class=\"svelte-xauq0s\"><a href=\"\/sport\" class=\"svelte-xauq0s\">Sport<\/a><\/li>\n<li class=\"svelte-xauq0s\"><a href=\"https:\/\/adevarul.ro\/sport\/clubul-la-care-s-a-dus-mirel-radoi-sta-pe-o-bomba-2524454.html\" class=\"svelte-xauq0s\">Clubul la care s-a dus Mirel R\u0103doi st\u0103 pe un butoi cu pulbere. Fostul antrenor al echipei a dat c\u0103r\u021bile pe fa\u021b\u0103<\/a><\/li>\n<\/ul>\n<\/nav>\n<p><main class=\"svelte-t0js42\"><\/p>\n<p>Antrenorul Mirel R\u0103doi (45 de ani) a l\u0103sat-o balt\u0103 pe FCSB cu 5 etape \u00eenainte de finalul play-out-ului \u00een Superlig\u0103 \u0219i s-a dus cu \u201ecapul \u00eenainte\u201d \u00een Turcia, pentru a prelua, cu 4 runde \u00eenainte de finalul stadiunii, o forma\u021bie aflat\u0103 pe locul 10 \u00een clasament, dar m\u0103cinat\u0103 de probleme interne.<\/p>\n<div class=\"container-image  svelte-jd4qiv\"><source type=\"image\/webp\" srcset=\"https:\/\/cdn.adh.reperio.news\/image-0\/062ba013-1fcf-4f4d-90a9-97118dcbf66d\/index.jpeg?p=a%3D1%26co%3D1.05%26w%3D1400%26h%3D750%26r%3Dcontain%26c%3D0%252C0%252C1%252C0.933%26f%3Dwebp 1400w\" media=\"(min-width: 1400px)\" \/><\/p>\n<div class=\"caption\">Mirel R\u0103doi a \u00eenceput sezonul la Universitatea Craiova FOTO Facebook<\/div>\n<\/div>\n<p>Finul lui Gigi Becali a aterizat ieri \u00een Turcia \u0219i a fost \u201eluat \u00een primire\u201d de suporteri \u00eenc\u0103 de la aeroport. R\u0103doi a fost primit cu flori. <\/p>\n<p>A primit buchetul imediat ce a ie\u0219it din terminalul aeroportului, fiind \u00eenso\u021bit de secunzi. El a f\u0103cut o fotografie cu fularul echipei.<\/p>\n<div class=\"_hydratable\" data-props=\"%7B%22data%22%3A%7B%22caption%22%3A%22%22%2C%22embed%22%3A%22https%3A%2F%2Ftwitframe.reperio.news%3Furl%3Dhttps%3A%2F%2Ftwitter.com%2FOnlineGaziantep%2Fstatus%2F2046755641927041065%22%2C%22height%22%3A300%2C%22service%22%3A%22x%22%2C%22source%22%3A%22https%3A%2F%2Fx.com%2FOnlineGaziantep%2Fstatus%2F2046755641927041065%22%2C%22width%22%3A600%7D%2C%22id%22%3A%22cScJuTizrv%22%2C%22type%22%3A%22embed%22%2C%22lines%22%3A10%2C%22linesAbove%22%3A31%2C%22index%22%3A4%2C%22paragraphsAbove%22%3A3%2C%22percentage%22%3A0.6595744680851063%2C%22linesBellow%22%3A16%7D\" data-context=\"%7B%22parentBlockColumnCount%22%3A%7B%22value%22%3A0%2C%22type%22%3A%22store%2Freadable%22%7D%2C%22parentBlockBackgroundColor%22%3A%7B%22type%22%3A%22store%2Freadable%22%7D%7D\" data-component=\"EditorEmbedViewDefault\">\n<div class=\"container-embed svelte-1bb21e6\"><\/div>\n<\/div>\n<p>Burak Yilmaz, antrenorul dat afar\u0103 pentru a-i face loc lui Mirel R\u0103doi, a dezv\u0103luit adev\u0103ratele probleme ale clubului.<\/p>\n<p>\u201e<i>De 15 zile stau singur la club. Pre\u0219edintele nostru a trecut printr-o opera\u021bie foarte grea. B\u0103ie\u021bii vin la mine \u00een fiecare zi pentru salarii. Ce treab\u0103 am eu cu salariile?<\/i><\/p>\n<p><i>Eu trebuie s\u0103 m\u0103 concentrez pe teren. \u00cen fiecare zi m\u0103 g\u00e2ndesc la salariile juc\u0103torilor. De\u0219i eu ar trebui s\u0103 m\u0103 concentrez pe teren. Se poate a\u0219a ceva?<\/i>\u201d, declara fostul antrenor de la Gaziantep, \u00een data de 13 aprilie.<\/p>\n<p>La clubul turc evolueaz\u0103 trie rom\u00e2ni: Alexandru Maxim, Deian Sorescu \u0219i Deni Dr\u0103gu\u0219, ultimul fiind \u00eemprumutat de la Trabzonspor.<\/p>\n<p>\u00cen acest timp, FCSB \u00ee\u0219i caut\u0103 antrenor, \u00een dorin\u021ba de a prinde o calificare in extremis \u00een Conference League. Pre\u0219edintele Mihai Stoica a avertizat c\u0103 va pleca de la club, dac\u0103 patronul Gigi Becali (67 de ani) nu va aduce un str\u0103in.<\/p>\n<p><\/main><\/p>\n<footer class=\"svelte-t0js42\">\n<div class=\"related-wrap related-footer svelte-1t8qpgs\"><span class=\"related-label svelte-1t8qpgs\">Cite\u0219te \u0219i<\/span><a class=\"related svelte-1t8qpgs\" data-gtrack='{\"event\":\"utm_click\",\"data\":{\"event_category\":\"article_related\"}}' href=\"https:\/\/adevarul.ro\/sport\/radoi-incheie-aventura-la-fcsb-tehnicianul-ar-2523797.html\" title=\"Alt articol de interes pentru tine\"><img decoding=\"async\" class=\"thumb svelte-1t8qpgs\" src=\"https:\/\/cdn.adh.reperio.news\/image-d\/d243dd19-b8c8-4a62-b614-45069f6949e2\/index.jpeg\" alt loading=\"lazy\" width=\"80\" height=\"54\"><span class=\"title svelte-1t8qpgs\">R\u0103doi \u00eencheie aventura la FCSB! Tehnicianul ar p\u0103r\u0103si mar\u021bi Rom\u00e2nia, pentru a semna cu noua forma\u021bie. Meciul cu Farul, ultimul pe banca ro\u0219-alba\u0219trilor<\/span><\/a><a class=\"related svelte-1t8qpgs\" data-gtrack='{\"event\":\"utm_click\",\"data\":{\"event_category\":\"article_related\"}}' href=\"https:\/\/adevarul.ro\/sport\/gigi-becali-este-pe-cale-sa-dea-foc-fcsb-ului-2524130.html\" title=\"Alt articol de interes pentru tine\"><img decoding=\"async\" class=\"thumb svelte-1t8qpgs\" src=\"https:\/\/cdn.adh.reperio.news\/image-f\/fc637bb1-8370-4c54-8dc7-9d459d97f566\/index.webp\" alt loading=\"lazy\" width=\"80\" height=\"54\"><span class=\"title svelte-1t8qpgs\">Gigi Becali este pe cale s\u0103 dea foc FCSB-ului, aduc\u00e2ndu-l pe du\u0219manul suporterilor: \u201eHai s\u0103 vedem dac\u0103 te ascult\u0103 finul t\u0103u\u201d<\/span><\/a><a class=\"related svelte-1t8qpgs\" data-gtrack='{\"event\":\"utm_click\",\"data\":{\"event_category\":\"article_related\"}}' href=\"https:\/\/adevarul.ro\/sport\/oficial-mirel-radoi-a-plecat-de-la-fscb-finul-2524226.html\" title=\"Alt articol de interes pentru tine\"><img decoding=\"async\" class=\"thumb svelte-1t8qpgs\" src=\"https:\/\/cdn.adh.reperio.news\/image-7\/749aa107-8849-4dbc-8e01-43e210d326ad\/index.jpeg\" alt loading=\"lazy\" width=\"80\" height=\"54\"><span class=\"title svelte-1t8qpgs\">Oficial: Mirel R\u0103doi a plecat de la FSCB. Finul \u0219i-a l\u0103sat na\u0219ul cu ochii-n soare<\/span><\/a><\/div>\n<div class=\"meta svelte-t0js42\">\n<div class=\"authors svelte-t0js42\"><a href=\"\/author\/2080\" rel=\"author\" class=\"svelte-t0js42\">Ion-Daniel Contescu<\/a><\/div>\n<div class=\"tags svelte-12okeyl\"><span class=\"tags-label metaFont svelte-12okeyl\">Cite\u0219te mai multe despre<\/span><\/p>\n<div class=\"tags-list svelte-12okeyl\"><a href=\"\/tag\/mirel%20r%C4%83doi\" title=\"Ultimele \u0219tiri despre mirel r\u0103doi\" class=\"tag-pill svelte-12okeyl\">mirel r\u0103doi<\/a><a href=\"\/tag\/gaziantep\" title=\"Ultimele \u0219tiri despre gaziantep\" class=\"tag-pill svelte-12okeyl\">gaziantep<\/a><\/div>\n<\/div>\n<\/div>\n<p><a class=\"moreFromCategory svelte-t0js42\" href=\"\/sport\" title=\"Sport\">Mai multe din <strong class=\"svelte-t0js42\">Sport<\/strong> \u203a<\/a><\/footer>\n<\/article>\n<p>[analyse_source url=&#8221;https:\/\/adevarul.ro\/sport\/clubul-la-care-s-a-dus-mirel-radoi-sta-pe-o-bomba-2524454.html&#8221;]<\/p>\n","protected":false},"excerpt":{"rendered":"<p>[analyse_image type=&#8221;featured&#8221; src=&#8221;https:\/\/cdn.adh.reperio.news\/image-0\/062ba013-1fcf-4f4d-90a9-97118dcbf66d\/index.jpeg?p=f%3Djpeg%26w%3D1200%26h%3D630%26r%3Dcover%26c%3D0%252C0%252C1%252C0.933&#8243;] Home Sport Clubul la care s-a dus Mirel R\u0103doi st\u0103 pe un butoi cu pulbere. Fostul antrenor al echipei a dat c\u0103r\u021bile pe fa\u021b\u0103 Antrenorul Mirel R\u0103doi (45 de ani) a l\u0103sat-o balt\u0103 pe FCSB cu 5 etape \u00eenainte de finalul play-out-ului \u00een Superlig\u0103 \u0219i s-a dus cu \u201ecapul \u00eenainte\u201d \u00een Turcia, [&hellip;]<\/p>\n","protected":false},"author":1,"featured_media":0,"comment_status":"open","ping_status":"","sticky":false,"template":"","format":"standard","meta":{"footnotes":""},"categories":[89],"tags":[19,226],"class_list":["post-1898586","post","type-post","status-publish","format-standard","hentry","category-romania","tag-adevarul","tag-crawlmanager"],"_links":{"self":[{"href":"https:\/\/analyse.optim.biz\/index.php?rest_route=\/wp\/v2\/posts\/1898586","targetHints":{"allow":["GET"]}}],"collection":[{"href":"https:\/\/analyse.optim.biz\/index.php?rest_route=\/wp\/v2\/posts"}],"about":[{"href":"https:\/\/analyse.optim.biz\/index.php?rest_route=\/wp\/v2\/types\/post"}],"author":[{"embeddable":true,"href":"https:\/\/analyse.optim.biz\/index.php?rest_route=\/wp\/v2\/users\/1"}],"replies":[{"embeddable":true,"href":"https:\/\/analyse.optim.biz\/index.php?rest_route=%2Fwp%2Fv2%2Fcomments&post=1898586"}],"version-history":[{"count":0,"href":"https:\/\/analyse.optim.biz\/index.php?rest_route=\/wp\/v2\/posts\/1898586\/revisions"}],"wp:attachment":[{"href":"https:\/\/analyse.optim.biz\/index.php?rest_route=%2Fwp%2Fv2%2Fmedia&parent=1898586"}],"wp:term":[{"taxonomy":"category","embeddable":true,"href":"https:\/\/analyse.optim.biz\/index.php?rest_route=%2Fwp%2Fv2%2Fcategories&post=1898586"},{"taxonomy":"post_tag","embeddable":true,"href":"https:\/\/analyse.optim.biz\/index.php?rest_route=%2Fwp%2Fv2%2Ftags&post=1898586"}],"curies":[{"name":"wp","href":"https:\/\/api.w.org\/{rel}","templated":true}]}}