{"id":1898457,"date":"2026-04-23T08:02:52","date_gmt":"2026-04-23T05:02:52","guid":{"rendered":"https:\/\/analyse.optim.biz\/?p=1898457"},"modified":"2026-04-23T08:02:52","modified_gmt":"2026-04-23T05:02:52","slug":"un-sofer-de-82-de-ani-a-produs-un-accident-in-radauti","status":"publish","type":"post","link":"https:\/\/analyse.optim.biz\/?p=1898457","title":{"rendered":"Un \u0219ofer de 82 de ani a produs un accident \u00een R\u0103d\u0103u\u021bi"},"content":{"rendered":"<p>[analyse_image type=&#8221;featured&#8221; src=&#8221;https:\/\/ziardesuceava.ro\/wp-content\/uploads\/2026\/04\/accident-radauti-ai.png&#8221;]<\/p>\n<div class=\"post-content clearfix\">\n<div class=\"blog-post-thumb\"><img loading=\"lazy\" decoding=\"async\" width=\"881\" height=\"525\" src=\"https:\/\/ziardesuceava.ro\/wp-content\/uploads\/2026\/04\/accident-radauti-ai.png\" class=\"attachment-inhype-blog-thumb size-inhype-blog-thumb wp-post-image\" alt><\/div>\n<div class=\"entry-content\">\n<p>\u00a0<\/p>\n<div data-td-block-uid=\"tdi_88\">\n<div class=\"tdb-block-inner td-fix-index\">\n<p data-path-to-node=\"2\"><span>Un accident rutier soldat cu o victim\u0103 \u0219i pagube materiale \u00eensemnate a avut loc luni diminea\u021b\u0103, la intersec\u021bia str\u0103zilor Teiului \u0219i Putnei din municipiul R\u0103d\u0103u\u021bi. Evenimentul a fost provocat de neacordarea priorit\u0103\u021bii de trecere.<\/span><\/p>\n<p data-path-to-node=\"4\"><span>Potrivit primelor cercet\u0103ri, \u00een jurul orei 09:50, V. O., un b\u0103rbat de 82 de ani din comuna Brodina, aflat la volanul unui autoturism Volkswagen, se deplasa pe strada Teiului. Ajuns la intersec\u021bia cu strada Putnei, acesta nu a respectat semnifica\u021bia indicatorului \u201eStop\u201d \u0219i a efectuat un viraj la st\u00e2nga.<\/span><\/p>\n<p data-path-to-node=\"5\"><span>\u00cen acel moment, ma\u0219ina sa a fost acro\u0219at\u0103 de un autoturism Ford, condus regulamentar de D. B., de 48 de ani, din Vicovu de Jos. \u00cen urma coliziunii, Ford-ul a rico\u0219at violent de pe carosabil \u0219i s-a oprit \u00eentr-un st\u00e2lp de electricitate de pe marginea drumului.<\/span><\/p>\n<p data-path-to-node=\"7\"><span>\u00cen autoturismul Ford se afla, pe locul din dreapta spate, o femeie de 45 de ani din Fr\u0103t\u0103u\u021bii Vechi. Aceasta a suferit un traumatism cranio-cerebral (TCC) \u0219i a fost transportat\u0103 de urgen\u021b\u0103 la Spitalul Municipal R\u0103d\u0103u\u021bi pentru investiga\u021bii suplimentare. Din fericire, diagnosticul medicilor a indicat c\u0103 victima este r\u0103nit\u0103 u\u0219or.<\/span><\/p>\n<p data-path-to-node=\"9\"><span>Poli\u021bi\u0219tii sosi\u021bi la fa\u021ba locului i-au testat pe ambii conduc\u0103tori auto cu aparatul etilotest, rezultatul fiind negativ \u00een ambele cazuri (0,00 mg\/l alcool pur \u00een aerul expirat). Oamenii legii au deschis un dosar penal sub aspectul s\u0103v\u00e2r\u0219irii infrac\u021biunii de \u201ev\u0103t\u0103mare corporal\u0103 din culp\u0103\u201d, urm\u00e2nd s\u0103 stabileasc\u0103 toate circumstan\u021bele \u00een care s-a produs nefericitul eveniment.<\/span><\/p>\n<p>\u00a0<\/p>\n<\/div>\n<\/div>\n<\/div>\n<div class=\"inhype-social-share-fixed sidebar-position-right\">\n<div class=\"post-social-wrapper\">\n<div class=\"post-social-title\"><span class=\"post-social-title-text\">Share<\/span><\/div>\n<\/div>\n<\/div>\n<\/div>\n<p>[analyse_source url=&#8221;https:\/\/ziardesuceava.ro\/un-sofer-de-82-de-ani-a-produs-un-accident-in-radauti\/&#8221;]<\/p>\n","protected":false},"excerpt":{"rendered":"<p>[analyse_image type=&#8221;featured&#8221; src=&#8221;https:\/\/ziardesuceava.ro\/wp-content\/uploads\/2026\/04\/accident-radauti-ai.png&#8221;] \u00a0 Un accident rutier soldat cu o victim\u0103 \u0219i pagube materiale \u00eensemnate a avut loc luni diminea\u021b\u0103, la intersec\u021bia str\u0103zilor Teiului \u0219i Putnei din municipiul R\u0103d\u0103u\u021bi. Evenimentul a fost provocat de neacordarea priorit\u0103\u021bii de trecere. Potrivit primelor cercet\u0103ri, \u00een jurul orei 09:50, V. O., un b\u0103rbat de 82 de ani din comuna [&hellip;]<\/p>\n","protected":false},"author":1,"featured_media":0,"comment_status":"open","ping_status":"","sticky":false,"template":"","format":"standard","meta":{"footnotes":""},"categories":[89],"tags":[226,171],"class_list":["post-1898457","post","type-post","status-publish","format-standard","hentry","category-romania","tag-crawlmanager","tag-ziardesuceava-ro"],"_links":{"self":[{"href":"https:\/\/analyse.optim.biz\/index.php?rest_route=\/wp\/v2\/posts\/1898457","targetHints":{"allow":["GET"]}}],"collection":[{"href":"https:\/\/analyse.optim.biz\/index.php?rest_route=\/wp\/v2\/posts"}],"about":[{"href":"https:\/\/analyse.optim.biz\/index.php?rest_route=\/wp\/v2\/types\/post"}],"author":[{"embeddable":true,"href":"https:\/\/analyse.optim.biz\/index.php?rest_route=\/wp\/v2\/users\/1"}],"replies":[{"embeddable":true,"href":"https:\/\/analyse.optim.biz\/index.php?rest_route=%2Fwp%2Fv2%2Fcomments&post=1898457"}],"version-history":[{"count":0,"href":"https:\/\/analyse.optim.biz\/index.php?rest_route=\/wp\/v2\/posts\/1898457\/revisions"}],"wp:attachment":[{"href":"https:\/\/analyse.optim.biz\/index.php?rest_route=%2Fwp%2Fv2%2Fmedia&parent=1898457"}],"wp:term":[{"taxonomy":"category","embeddable":true,"href":"https:\/\/analyse.optim.biz\/index.php?rest_route=%2Fwp%2Fv2%2Fcategories&post=1898457"},{"taxonomy":"post_tag","embeddable":true,"href":"https:\/\/analyse.optim.biz\/index.php?rest_route=%2Fwp%2Fv2%2Ftags&post=1898457"}],"curies":[{"name":"wp","href":"https:\/\/api.w.org\/{rel}","templated":true}]}}