{"id":1898456,"date":"2026-04-22T11:03:46","date_gmt":"2026-04-22T08:03:46","guid":{"rendered":"https:\/\/analyse.optim.biz\/?p=1898456"},"modified":"2026-04-22T11:03:46","modified_gmt":"2026-04-22T08:03:46","slug":"accident-pe-drumul-spre-boroaia-un-tanar-a-patruns-pe-contrasens-si-a-izbit-o-masina-care-circula-regulamentar","status":"publish","type":"post","link":"https:\/\/analyse.optim.biz\/?p=1898456","title":{"rendered":"Accident pe drumul spre Boroaia: Un t\u00e2n\u0103r a p\u0103truns pe contrasens \u0219i a izbit o ma\u0219in\u0103 care circula regulamentar"},"content":{"rendered":"<p>[analyse_image type=&#8221;featured&#8221; src=&#8221;https:\/\/ziardesuceava.ro\/wp-content\/uploads\/2026\/04\/accident-boroaia-1024&#215;512.png&#8221;]<\/p>\n<div class=\"post-content clearfix\">\n<div class=\"blog-post-thumb\"><img loading=\"lazy\" decoding=\"async\" width=\"1095\" height=\"547\" src=\"https:\/\/ziardesuceava.ro\/wp-content\/uploads\/2026\/04\/accident-boroaia.png\" class=\"attachment-inhype-blog-thumb size-inhype-blog-thumb wp-post-image\" alt><\/div>\n<div class=\"entry-content\">\n<p>\u00a0<\/p>\n<div data-td-block-uid=\"tdi_88\">\n<div class=\"tdb-block-inner td-fix-index\">\n<p data-path-to-node=\"2\"><span>Viteza neadaptat\u0103 la condi\u021biile de drum a provocat un accident rutier luni dup\u0103-amiaz\u0103 pe raza localit\u0103\u021bii Praxia, comuna F\u00e2nt\u00e2na Mare. Incidentul, produs pe un carosabil umed, s-a soldat cu r\u0103nirea a trei persoane \u0219i pagube materiale \u00eensemnate.<\/span><\/p>\n<p data-path-to-node=\"4\"><span>Conform cercet\u0103rilor efectuate de Poli\u021bia Municipiului F\u0103lticeni, \u00een jurul orei 17:30, un t\u00e2n\u0103r de 27 de ani, aflat la volanul unui autoturism Hyundai, circula pe DN 15C dinspre F\u00e2nt\u00e2na Mare spre Boroaia. \u00centr-o curb\u0103 la st\u00e2nga, pe un carosabil umed, acesta nu a adaptat viteza, a pierdut controlul asupra direc\u021biei \u0219i a p\u0103truns pe contrasens.<\/span><\/p>\n<p data-path-to-node=\"5\"><span>Ma\u0219ina sa a intrat \u00een coliziune frontal\u0103 cu un autoturism BMW care circula regulamentar din sens opus, condus de o femeie de 44 de ani.<\/span><\/p>\n<p data-path-to-node=\"7\"><span>\u00cen urma impactului, ambii conduc\u0103tori auto, precum \u0219i un pasager din autoturismul Hyundai, au suferit leziuni. \u0218oferul vinovat (27 ani) a fost diagnosticat cu traumatism cranio-cerebral (TCC) u\u0219or, hematom frontal \u0219i traumatism la genunchi, pasagerul din Hyundai a fost diagnosticat cu TCC \u0219i contuzii u\u0219oare, iar \u0219oferi\u021ba autoturismului BMW\u00a0a suferit contuzii la coloana cervical\u0103 \u0219i \u00een zona toraco-abdominal\u0103.<\/span><\/p>\n<p data-path-to-node=\"9\"><span>Toate victimele au fost preluate de echipajele medicale \u0219i transportate la Spitalul Municipal F\u0103lticeni pentru \u00eengrijiri de specialitate.<\/span><\/p>\n<p data-path-to-node=\"11\"><span>Poli\u021bi\u0219tii au procedat la testarea ambilor conduc\u0103tori auto cu aparatul etilometru, rezultatele fiind 0,00 mg\/l alcool pur \u00een aerul expirat \u00een ambele cazuri. Oamenii legii au deschis un dosar penal sub aspectul s\u0103v\u00e2r\u0219irii infrac\u021biunii de \u201ev\u0103t\u0103mare corporal\u0103 din culp\u0103\u201d, continu\u00e2nd cercet\u0103rile pentru stabilirea exact\u0103 a tuturor \u00eemprejur\u0103rilor \u00een care s-a produs coliziunea.<\/span><\/p>\n<p>\u00a0<\/p>\n<\/div>\n<\/div>\n<\/div>\n<div class=\"inhype-social-share-fixed sidebar-position-right\">\n<div class=\"post-social-wrapper\">\n<div class=\"post-social-title\"><span class=\"post-social-title-text\">Share<\/span><\/div>\n<\/div>\n<\/div>\n<\/div>\n<p>[analyse_source url=&#8221;https:\/\/ziardesuceava.ro\/accident-pe-drumul-spre-boroaia-un-tanar-a-patruns-pe-contrasens-si-a-izbit-o-masina-care-circula-regulamentar\/&#8221;]<\/p>\n","protected":false},"excerpt":{"rendered":"<p>[analyse_image type=&#8221;featured&#8221; src=&#8221;https:\/\/ziardesuceava.ro\/wp-content\/uploads\/2026\/04\/accident-boroaia-1024&#215;512.png&#8221;] \u00a0 Viteza neadaptat\u0103 la condi\u021biile de drum a provocat un accident rutier luni dup\u0103-amiaz\u0103 pe raza localit\u0103\u021bii Praxia, comuna F\u00e2nt\u00e2na Mare. Incidentul, produs pe un carosabil umed, s-a soldat cu r\u0103nirea a trei persoane \u0219i pagube materiale \u00eensemnate. Conform cercet\u0103rilor efectuate de Poli\u021bia Municipiului F\u0103lticeni, \u00een jurul orei 17:30, un t\u00e2n\u0103r de [&hellip;]<\/p>\n","protected":false},"author":1,"featured_media":0,"comment_status":"open","ping_status":"","sticky":false,"template":"","format":"standard","meta":{"footnotes":""},"categories":[89],"tags":[226,171],"class_list":["post-1898456","post","type-post","status-publish","format-standard","hentry","category-romania","tag-crawlmanager","tag-ziardesuceava-ro"],"_links":{"self":[{"href":"https:\/\/analyse.optim.biz\/index.php?rest_route=\/wp\/v2\/posts\/1898456","targetHints":{"allow":["GET"]}}],"collection":[{"href":"https:\/\/analyse.optim.biz\/index.php?rest_route=\/wp\/v2\/posts"}],"about":[{"href":"https:\/\/analyse.optim.biz\/index.php?rest_route=\/wp\/v2\/types\/post"}],"author":[{"embeddable":true,"href":"https:\/\/analyse.optim.biz\/index.php?rest_route=\/wp\/v2\/users\/1"}],"replies":[{"embeddable":true,"href":"https:\/\/analyse.optim.biz\/index.php?rest_route=%2Fwp%2Fv2%2Fcomments&post=1898456"}],"version-history":[{"count":0,"href":"https:\/\/analyse.optim.biz\/index.php?rest_route=\/wp\/v2\/posts\/1898456\/revisions"}],"wp:attachment":[{"href":"https:\/\/analyse.optim.biz\/index.php?rest_route=%2Fwp%2Fv2%2Fmedia&parent=1898456"}],"wp:term":[{"taxonomy":"category","embeddable":true,"href":"https:\/\/analyse.optim.biz\/index.php?rest_route=%2Fwp%2Fv2%2Fcategories&post=1898456"},{"taxonomy":"post_tag","embeddable":true,"href":"https:\/\/analyse.optim.biz\/index.php?rest_route=%2Fwp%2Fv2%2Ftags&post=1898456"}],"curies":[{"name":"wp","href":"https:\/\/api.w.org\/{rel}","templated":true}]}}