{"id":1898453,"date":"2026-04-23T11:01:41","date_gmt":"2026-04-23T08:01:41","guid":{"rendered":"https:\/\/analyse.optim.biz\/?p=1898453"},"modified":"2026-04-23T11:01:41","modified_gmt":"2026-04-23T08:01:41","slug":"un-barbat-rupt-de-beat-s-a-urcat-la-volan-desi-nu-avea-permis","status":"publish","type":"post","link":"https:\/\/analyse.optim.biz\/?p=1898453","title":{"rendered":"Un b\u0103rbat rupt de beat s-a urcat la volan de\u0219i nu avea permis"},"content":{"rendered":"<p>[analyse_image type=&#8221;featured&#8221; src=&#8221;https:\/\/ziardesuceava.ro\/wp-content\/uploads\/2026\/03\/arest-barbat.png&#8221;]<\/p>\n<div class=\"post-content clearfix\">\n<div class=\"blog-post-thumb\"><img loading=\"lazy\" decoding=\"async\" width=\"749\" height=\"557\" src=\"https:\/\/ziardesuceava.ro\/wp-content\/uploads\/2026\/03\/arest-barbat.png\" class=\"attachment-inhype-blog-thumb size-inhype-blog-thumb wp-post-image\" alt><\/div>\n<div class=\"entry-content\">\n<p>\u00a0<\/p>\n<div data-td-block-uid=\"tdi_88\">\n<div class=\"tdb-block-inner td-fix-index\">\n<p data-path-to-node=\"2\"><span>Procurorii din cadrul Parchetului de pe l\u00e2ng\u0103 Judec\u0103toria R\u0103d\u0103u\u021bi au dispus m\u0103suri preventive aspre \u00eempotriva unui b\u0103rbat care a sfidat legea \u00een mod flagrant. Acesta este cercetat pentru un concurs de infrac\u021biuni rutiere, dup\u0103 ce a provocat o situa\u021bie de risc major \u00een trafic.<\/span><\/p>\n<p data-path-to-node=\"4\"><span>Incidentul a avut loc \u00een noaptea de 14 aprilie 2026, \u00een jurul orei 03:30. Poli\u021bi\u0219tii l-au depistat pe inculpat la volanul unui autoturism, de\u0219i acesta nu de\u021binea permis de conducere pentru nicio categorie de vehicule. Mai grav, analizele de s\u00e2nge au scos la iveal\u0103 o stare de ebrietate avansat\u0103, valoarea alcoolemiei dep\u0103\u0219ind <b data-path-to-node=\"4\" data-index-in-node=\"326\">2,00 g\u2030 alcool pur \u00een s\u00e2nge<\/b>, un nivel la care capacitatea de reac\u021bie este practic nul\u0103.<\/span><\/p>\n<p data-path-to-node=\"6\"><span>Av\u00e2nd \u00een vedere gravitatea faptelor, procurorul de caz a dispus mar\u021bi, 21 aprilie, punerea \u00een mi\u0219care a ac\u021biunii penale \u0219i <b data-path-to-node=\"6\" data-index-in-node=\"123\">re\u021binerea inculpatului pentru 24 de ore<\/b>. Dup\u0103 expirarea ordonan\u021bei de re\u021binere, autorit\u0103\u021bile au decis continuarea cercet\u0103rilor sub m\u0103sura <b data-path-to-node=\"6\" data-index-in-node=\"261\">controlului judiciar pentru o perioad\u0103 de 60 de zile<\/b>.<\/span><\/p>\n<p data-path-to-node=\"7\"><span>B\u0103rbatul este acuzat oficial de conducerea unui vehicul sub influen\u021ba b\u0103uturilor alcoolice \u0219i conducerea unui vehicul f\u0103r\u0103 permis de conducere.<\/span><\/p>\n<p data-path-to-node=\"9\"><span>Cercet\u0103rile continu\u0103 pentru l\u0103murirea tuturor \u00eemprejur\u0103rilor de fapt, inculpatul beneficiind \u00een aceast\u0103 etap\u0103 de prezum\u021bia de nevinov\u0103\u021bie.<\/span><\/p>\n<p>\u00a0<\/p>\n<\/div>\n<\/div>\n<\/div>\n<div class=\"inhype-social-share-fixed sidebar-position-right\">\n<div class=\"post-social-wrapper\">\n<div class=\"post-social-title\"><span class=\"post-social-title-text\">Share<\/span><\/div>\n<\/div>\n<\/div>\n<\/div>\n<p>[analyse_source url=&#8221;https:\/\/ziardesuceava.ro\/un-barbat-rupt-de-beat-s-a-urcat-la-volan-desi-nu-avea-permis\/&#8221;]<\/p>\n","protected":false},"excerpt":{"rendered":"<p>[analyse_image type=&#8221;featured&#8221; src=&#8221;https:\/\/ziardesuceava.ro\/wp-content\/uploads\/2026\/03\/arest-barbat.png&#8221;] \u00a0 Procurorii din cadrul Parchetului de pe l\u00e2ng\u0103 Judec\u0103toria R\u0103d\u0103u\u021bi au dispus m\u0103suri preventive aspre \u00eempotriva unui b\u0103rbat care a sfidat legea \u00een mod flagrant. Acesta este cercetat pentru un concurs de infrac\u021biuni rutiere, dup\u0103 ce a provocat o situa\u021bie de risc major \u00een trafic. Incidentul a avut loc \u00een noaptea de [&hellip;]<\/p>\n","protected":false},"author":1,"featured_media":0,"comment_status":"open","ping_status":"","sticky":false,"template":"","format":"standard","meta":{"footnotes":""},"categories":[89],"tags":[226,171],"class_list":["post-1898453","post","type-post","status-publish","format-standard","hentry","category-romania","tag-crawlmanager","tag-ziardesuceava-ro"],"_links":{"self":[{"href":"https:\/\/analyse.optim.biz\/index.php?rest_route=\/wp\/v2\/posts\/1898453","targetHints":{"allow":["GET"]}}],"collection":[{"href":"https:\/\/analyse.optim.biz\/index.php?rest_route=\/wp\/v2\/posts"}],"about":[{"href":"https:\/\/analyse.optim.biz\/index.php?rest_route=\/wp\/v2\/types\/post"}],"author":[{"embeddable":true,"href":"https:\/\/analyse.optim.biz\/index.php?rest_route=\/wp\/v2\/users\/1"}],"replies":[{"embeddable":true,"href":"https:\/\/analyse.optim.biz\/index.php?rest_route=%2Fwp%2Fv2%2Fcomments&post=1898453"}],"version-history":[{"count":0,"href":"https:\/\/analyse.optim.biz\/index.php?rest_route=\/wp\/v2\/posts\/1898453\/revisions"}],"wp:attachment":[{"href":"https:\/\/analyse.optim.biz\/index.php?rest_route=%2Fwp%2Fv2%2Fmedia&parent=1898453"}],"wp:term":[{"taxonomy":"category","embeddable":true,"href":"https:\/\/analyse.optim.biz\/index.php?rest_route=%2Fwp%2Fv2%2Fcategories&post=1898453"},{"taxonomy":"post_tag","embeddable":true,"href":"https:\/\/analyse.optim.biz\/index.php?rest_route=%2Fwp%2Fv2%2Ftags&post=1898453"}],"curies":[{"name":"wp","href":"https:\/\/api.w.org\/{rel}","templated":true}]}}