{"id":1898449,"date":"2026-04-23T10:38:49","date_gmt":"2026-04-23T07:38:49","guid":{"rendered":"https:\/\/analyse.optim.biz\/?p=1898449"},"modified":"2026-04-23T10:38:49","modified_gmt":"2026-04-23T07:38:49","slug":"prima-editie-a-intalnirii-scolilor-academice-de-arta-amas-2026-un-proiect-inedit-la-teatrul-municipal-matei-visniec-suceava","status":"publish","type":"post","link":"https:\/\/analyse.optim.biz\/?p=1898449","title":{"rendered":"Prima edi\u021bie a \u00cent\u00e2lnirii \u0218colilor Academice de Art\u0103, AMAS 2026 \u2013 \u00a0un proiect inedit la Teatrul Municipal \u201eMatei Vi\u0219niec\u201d Suceava"},"content":{"rendered":"<p>[analyse_image type=&#8221;featured&#8221; src=&#8221;https:\/\/www.newsbucovina.ro\/wp-content\/uploads\/2015\/07\/paul-chiributa.jpghttps:\/\/cdn.newsbucovina.ro\/wp-content\/uploads\/2015\/07\/paul-chiributa.jpg&#8221;]<\/p>\n<div class=\"td-post-content tagdiv-type\">\n<div class=\"td-a-rec td-a-rec-id-content_top  tdi_3 td_block_template_1\"><strong>Intr\u0103 acum \u0219i \u00een grupul de <\/p>\n<div class=\"wp-block-button\"><a class=\"wp-block-button__link wp-element-button\" href=\"https:\/\/t.me\/+TH8wcfnp8fw5NWI0\">Telegram News Bucovina<\/a><\/div>\n<p><\/strong><\/div>\n<p>Teatrul Municipal \u201eMatei Vi\u0219niec\u201d organizeaz\u0103, \u00een premier\u0103 na\u021bional\u0103, prima edi\u021bie a <strong>\u00cent\u00e2lnirii \u0218colilor Academice de Art\u0103 \u2013 AMAS (Art Meeting of Academic Schools)<\/strong>, un proiect educa\u021bional ambi\u021bios dedicat studen\u021bilor din domeniul artelor. Evenimentul se va desf\u0103\u0219ura \u00een perioada <strong>28 aprilie \u2013 3 mai 2026<\/strong> la Suceava.<\/p>\n<figure class=\"wp-block-image size-full\"><a href=\"https:\/\/cdn.newsbucovina.ro\/wp-content\/uploads\/2015\/07\/paul-chiributa.jpg\"><img loading=\"lazy\" decoding=\"async\" width=\"1024\" height=\"681\" src=\"https:\/\/cdn.newsbucovina.ro\/wp-content\/uploads\/2015\/07\/paul-chiributa.jpg.webp\" alt class=\"wp-image-133386\"><\/a><\/figure>\n<p>Ini\u021biativa urm\u0103re\u0219te conectarea tinerilor arti\u0219ti din diverse discipline \u2013 muzic\u0103, dans, arte plastice \u0219i teatru \u2013 pentru a le oferi oportunitatea de a lucra interdisciplinar \u0219i de a-\u0219i \u00eembog\u0103\u021bi creativitatea prin interac\u021biune cu alte forme de expresie artistic\u0103. Proiectul este coordonat de cunoscutul actor \u0219i conferen\u021biar universitar dr. <strong>Paul Chiribu\u021b\u0103<\/strong>.<\/p>\n<p>La aceast\u0103 prim\u0103 edi\u021bie au fost invitate patru institu\u021bii de prestigiu din Rom\u00e2nia:<\/p>\n<ul class=\"wp-block-list\">\n<li>Universitatea Na\u021bional\u0103 de Arte Bucure\u0219ti<\/li>\n<li>Universitatea Na\u021bional\u0103 de Arte \u201eGeorge Enescu\u201d Ia\u0219i<\/li>\n<li>Universitatea \u201eOvidius\u201d Constan\u021ba<\/li>\n<li>Academia Na\u021bional\u0103 de Muzic\u0103 \u201eGheorghe Dima\u201d Cluj-Napoca<\/li>\n<\/ul>\n<p>Studen\u021bii participan\u021bi vor lucra \u00eempreun\u0103 la crearea unor forme de spectacol inspirate din dou\u0103 lucr\u0103ri simfonice emblematice: <strong>\u201eTablouri dintr-o expozi\u021bie\u201d<\/strong> de Modest Musorgski \u0219i <strong>\u201eAnotimpurile\u201d<\/strong> de Antonio Vivaldi. Prin aceast\u0103 provocare creativ\u0103, organizatorii \u00ee\u0219i propun s\u0103 stimuleze imagina\u021bia tinerilor arti\u0219ti \u0219i s\u0103 le l\u0103rgeasc\u0103 orizontul artistic dincolo de specializarea lor principal\u0103.<\/p>\n<div class=\"wp-block-image\">\n<figure class=\"aligncenter size-large\"><a href=\"https:\/\/cdn.newsbucovina.ro\/wp-content\/uploads\/2026\/04\/AMAS-26.jpeg\"><img loading=\"lazy\" decoding=\"async\" width=\"724\" height=\"1024\" src=\"https:\/\/cdn.newsbucovina.ro\/wp-content\/uploads\/2026\/04\/AMAS-26-724x1024.jpeg\" alt class=\"wp-image-436842\"><\/a><\/figure>\n<\/div>\n<p>\u201e\u00cen arte, \u00eemplinirea voca\u021biei se face prin profesionalizare, studiu, cercetare \u0219i schimburi \u00eentre domenii artistice care conecteaz\u0103, \u00eentregesc \u0219i dezvolt\u0103 multidisciplinaritatea artistului\u201d, au transmis reprezentan\u021bii teatrului sucevean.<\/p>\n<p>AMAS 2026 reprezint\u0103 o premier\u0103 \u00een peisajul cultural rom\u00e2nesc, venind ca o completare fireasc\u0103 a misiunii Teatrului Municipal \u201eMatei Vi\u0219niec\u201d de a sus\u021bine nu doar produc\u021biile artistice, ci \u0219i formarea noii genera\u021bii de creatori. Evenimentul va include ateliere, sesiuni de lucru comune, prezent\u0103ri \u0219i, cel mai probabil, o serie de spectacole sau demonstra\u021bii finale realizate de studen\u021bi.<\/p>\n<div class=\"td-a-rec td-a-rec-id-content_bottom  tdi_4 td_block_template_1\"><strong>Intr\u0103 acum \u0219i \u00een grupul de <\/p>\n<div class=\"wp-block-button\"><a class=\"wp-block-button__link wp-element-button\" href=\"https:\/\/t.me\/+TH8wcfnp8fw5NWI0\">Telegram News Bucovina<\/a><\/div>\n<p><\/strong><\/div>\n<\/div>\n<div class=\"td-post-content tagdiv-type\">\n<div class=\"td-a-rec td-a-rec-id-content_top  tdi_3 td_block_template_1\"><strong>Intr\u0103 acum \u0219i \u00een grupul de <\/p>\n<div class=\"wp-block-button\"><a class=\"wp-block-button__link wp-element-button\" href=\"https:\/\/t.me\/+TH8wcfnp8fw5NWI0\">Telegram News Bucovina<\/a><\/div>\n<p><\/strong><\/div>\n<p>Teatrul Municipal \u201eMatei Vi\u0219niec\u201d organizeaz\u0103, \u00een premier\u0103 na\u021bional\u0103, prima edi\u021bie a <strong>\u00cent\u00e2lnirii \u0218colilor Academice de Art\u0103 \u2013 AMAS (Art Meeting of Academic Schools)<\/strong>, un proiect educa\u021bional ambi\u021bios dedicat studen\u021bilor din domeniul artelor. Evenimentul se va desf\u0103\u0219ura \u00een perioada <strong>28 aprilie \u2013 3 mai 2026<\/strong> la Suceava.<\/p>\n<figure class=\"wp-block-image size-full\"><a href=\"https:\/\/cdn.newsbucovina.ro\/wp-content\/uploads\/2015\/07\/paul-chiributa.jpg\"><img loading=\"lazy\" decoding=\"async\" width=\"1024\" height=\"681\" src=\"https:\/\/cdn.newsbucovina.ro\/wp-content\/uploads\/2015\/07\/paul-chiributa.jpg.webp\" alt class=\"wp-image-133386\"><\/a><\/figure>\n<p>Ini\u021biativa urm\u0103re\u0219te conectarea tinerilor arti\u0219ti din diverse discipline \u2013 muzic\u0103, dans, arte plastice \u0219i teatru \u2013 pentru a le oferi oportunitatea de a lucra interdisciplinar \u0219i de a-\u0219i \u00eembog\u0103\u021bi creativitatea prin interac\u021biune cu alte forme de expresie artistic\u0103. Proiectul este coordonat de cunoscutul actor \u0219i conferen\u021biar universitar dr. <strong>Paul Chiribu\u021b\u0103<\/strong>.<\/p>\n<p>La aceast\u0103 prim\u0103 edi\u021bie au fost invitate patru institu\u021bii de prestigiu din Rom\u00e2nia:<\/p>\n<ul class=\"wp-block-list\">\n<li>Universitatea Na\u021bional\u0103 de Arte Bucure\u0219ti<\/li>\n<li>Universitatea Na\u021bional\u0103 de Arte \u201eGeorge Enescu\u201d Ia\u0219i<\/li>\n<li>Universitatea \u201eOvidius\u201d Constan\u021ba<\/li>\n<li>Academia Na\u021bional\u0103 de Muzic\u0103 \u201eGheorghe Dima\u201d Cluj-Napoca<\/li>\n<\/ul>\n<p>Studen\u021bii participan\u021bi vor lucra \u00eempreun\u0103 la crearea unor forme de spectacol inspirate din dou\u0103 lucr\u0103ri simfonice emblematice: <strong>\u201eTablouri dintr-o expozi\u021bie\u201d<\/strong> de Modest Musorgski \u0219i <strong>\u201eAnotimpurile\u201d<\/strong> de Antonio Vivaldi. Prin aceast\u0103 provocare creativ\u0103, organizatorii \u00ee\u0219i propun s\u0103 stimuleze imagina\u021bia tinerilor arti\u0219ti \u0219i s\u0103 le l\u0103rgeasc\u0103 orizontul artistic dincolo de specializarea lor principal\u0103.<\/p>\n<div class=\"wp-block-image\">\n<figure class=\"aligncenter size-large\"><a href=\"https:\/\/cdn.newsbucovina.ro\/wp-content\/uploads\/2026\/04\/AMAS-26.jpeg\"><img loading=\"lazy\" decoding=\"async\" width=\"724\" height=\"1024\" src=\"https:\/\/cdn.newsbucovina.ro\/wp-content\/uploads\/2026\/04\/AMAS-26-724x1024.jpeg\" alt class=\"wp-image-436842\"><\/a><\/figure>\n<\/div>\n<p>\u201e\u00cen arte, \u00eemplinirea voca\u021biei se face prin profesionalizare, studiu, cercetare \u0219i schimburi \u00eentre domenii artistice care conecteaz\u0103, \u00eentregesc \u0219i dezvolt\u0103 multidisciplinaritatea artistului\u201d, au transmis reprezentan\u021bii teatrului sucevean.<\/p>\n<p>AMAS 2026 reprezint\u0103 o premier\u0103 \u00een peisajul cultural rom\u00e2nesc, venind ca o completare fireasc\u0103 a misiunii Teatrului Municipal \u201eMatei Vi\u0219niec\u201d de a sus\u021bine nu doar produc\u021biile artistice, ci \u0219i formarea noii genera\u021bii de creatori. Evenimentul va include ateliere, sesiuni de lucru comune, prezent\u0103ri \u0219i, cel mai probabil, o serie de spectacole sau demonstra\u021bii finale realizate de studen\u021bi.<\/p>\n<div class=\"td-a-rec td-a-rec-id-content_bottom  tdi_4 td_block_template_1\"><strong>Intr\u0103 acum \u0219i \u00een grupul de <\/p>\n<div class=\"wp-block-button\"><a class=\"wp-block-button__link wp-element-button\" href=\"https:\/\/t.me\/+TH8wcfnp8fw5NWI0\">Telegram News Bucovina<\/a><\/div>\n<p><\/strong><\/div>\n<\/div>\n<p>[analyse_source url=&#8221;https:\/\/www.newsbucovina.ro\/evenimente\/436841\/prima-editie-a-intalnirii-scolilor-academice-de-arta-amas-2026-un-proiect-inedit-la-teatrul-municipal-matei-visniec-suceava&#8221;]<\/p>\n","protected":false},"excerpt":{"rendered":"<p>[analyse_image type=&#8221;featured&#8221; src=&#8221;https:\/\/www.newsbucovina.ro\/wp-content\/uploads\/2015\/07\/paul-chiributa.jpghttps:\/\/cdn.newsbucovina.ro\/wp-content\/uploads\/2015\/07\/paul-chiributa.jpg&#8221;] Intr\u0103 acum \u0219i \u00een grupul de Telegram News Bucovina Teatrul Municipal \u201eMatei Vi\u0219niec\u201d organizeaz\u0103, \u00een premier\u0103 na\u021bional\u0103, prima edi\u021bie a \u00cent\u00e2lnirii \u0218colilor Academice de Art\u0103 \u2013 AMAS (Art Meeting of Academic Schools), un proiect educa\u021bional ambi\u021bios dedicat studen\u021bilor din domeniul artelor. Evenimentul se va desf\u0103\u0219ura \u00een perioada 28 aprilie \u2013 3 mai [&hellip;]<\/p>\n","protected":false},"author":1,"featured_media":0,"comment_status":"open","ping_status":"","sticky":false,"template":"","format":"standard","meta":{"footnotes":""},"categories":[89],"tags":[226,165],"class_list":["post-1898449","post","type-post","status-publish","format-standard","hentry","category-romania","tag-crawlmanager","tag-newsbucovina-ro"],"_links":{"self":[{"href":"https:\/\/analyse.optim.biz\/index.php?rest_route=\/wp\/v2\/posts\/1898449","targetHints":{"allow":["GET"]}}],"collection":[{"href":"https:\/\/analyse.optim.biz\/index.php?rest_route=\/wp\/v2\/posts"}],"about":[{"href":"https:\/\/analyse.optim.biz\/index.php?rest_route=\/wp\/v2\/types\/post"}],"author":[{"embeddable":true,"href":"https:\/\/analyse.optim.biz\/index.php?rest_route=\/wp\/v2\/users\/1"}],"replies":[{"embeddable":true,"href":"https:\/\/analyse.optim.biz\/index.php?rest_route=%2Fwp%2Fv2%2Fcomments&post=1898449"}],"version-history":[{"count":0,"href":"https:\/\/analyse.optim.biz\/index.php?rest_route=\/wp\/v2\/posts\/1898449\/revisions"}],"wp:attachment":[{"href":"https:\/\/analyse.optim.biz\/index.php?rest_route=%2Fwp%2Fv2%2Fmedia&parent=1898449"}],"wp:term":[{"taxonomy":"category","embeddable":true,"href":"https:\/\/analyse.optim.biz\/index.php?rest_route=%2Fwp%2Fv2%2Fcategories&post=1898449"},{"taxonomy":"post_tag","embeddable":true,"href":"https:\/\/analyse.optim.biz\/index.php?rest_route=%2Fwp%2Fv2%2Ftags&post=1898449"}],"curies":[{"name":"wp","href":"https:\/\/api.w.org\/{rel}","templated":true}]}}