{"id":1898448,"date":"2026-04-22T14:42:22","date_gmt":"2026-04-22T11:42:22","guid":{"rendered":"https:\/\/analyse.optim.biz\/?p=1898448"},"modified":"2026-04-22T14:42:22","modified_gmt":"2026-04-22T11:42:22","slug":"teatru-pentru-copii-ateliere-creative-circ-si-experiente-de-beauty-in-acest-weekend-la-iulius-mall-suceava","status":"publish","type":"post","link":"https:\/\/analyse.optim.biz\/?p=1898448","title":{"rendered":"Teatru pentru copii, ateliere creative, circ \u0219i experien\u021be de beauty, \u00een acest weekend, la Iulius Mall Suceava"},"content":{"rendered":"<p>[analyse_image type=&#8221;featured&#8221; src=&#8221;https:\/\/www.newsbucovina.ro\/wp-content\/uploads\/2025\/05\/iulius-mall.jpghttps:\/\/cdn.newsbucovina.ro\/wp-content\/uploads\/2025\/05\/iulius-mall.jpg&#8221;]<\/p>\n<div class=\"td-post-content tagdiv-type\">\n<div class=\"td-a-rec td-a-rec-id-content_top  tdi_3 td_block_template_1\"><strong>Intr\u0103 acum \u0219i \u00een grupul de <\/p>\n<div class=\"wp-block-button\"><a class=\"wp-block-button__link wp-element-button\" href=\"https:\/\/t.me\/+TH8wcfnp8fw5NWI0\">Telegram News Bucovina<\/a><\/div>\n<p><\/strong><\/div>\n<p><strong><em>Dac\u0103 ai r\u0103mas \u00een Suceava weekend-ul acesta, Iulius Mall devine locul perfect pentru distrac\u021bie \u0219i momente speciale pentru \u00eentreaga familie. S\u00e2mb\u0103t\u0103, copiii se vor \u00eent\u00e2lni cu personaje \u00eendr\u0103gite \u0219i vor participa la activit\u0103\u021bi interactive care transform\u0103 joaca \u00een amintiri de neuitat. Iar pasiona\u021bii de beauty se vor bucura de o nou\u0103 experien\u021b\u0103<\/em><\/strong>\u00a0<strong><em>fresh \u0219i interactiv\u0103, dedicat\u0103 skincare-ului \u0219i machiajului<\/em><\/strong><em>,<strong>\u00a0la Sole Pop-Up Store.<\/strong><\/em><\/p>\n<p>S\u00e2mb\u0103t\u0103,\u00a0<strong>25 aprilie<\/strong>, cei mici au parte de o zi plin\u0103 de magie, creativitate \u0219i distrac\u021bie. De la ora\u00a0<strong>12:00<\/strong>, \u00een fa\u021ba magazinului Reserved, copiii \u0219i p\u0103rin\u021bii sunt a\u0219tepta\u021bi la spectacolul de teatru\u00a0<strong>\u201eHansel \u0219i Gretel\u201d,<\/strong>\u00a0o adaptare dup\u0103 celebra poveste a fra\u021bilor Grimm. Piesa aduce \u00een fa\u021ba publicului aventura a doi copii curajo\u0219i care se pierd \u00een p\u0103dure \u0219i ajung la o c\u0103su\u021b\u0103 fermecat\u0103 din turt\u0103 dulce, o poveste plin\u0103 de emo\u021bie \u0219i \u00eenv\u0103\u021b\u0103minte despre curaj, solidaritate \u0219i leg\u0103tura dintre fra\u021bi.\u00a0\u00a0<strong>Participarea<\/strong>\u00a0este\u00a0<strong>gratuit\u0103<\/strong>.<\/p>\n<figure class=\"wp-block-image size-large\"><a href=\"https:\/\/cdn.newsbucovina.ro\/wp-content\/uploads\/2026\/04\/Iulius-Mall-Suceava-1.jpg\"><img loading=\"lazy\" decoding=\"async\" width=\"1024\" height=\"536\" src=\"https:\/\/cdn.newsbucovina.ro\/wp-content\/uploads\/2026\/04\/Iulius-Mall-Suceava-1-1024x536.jpg\" alt class=\"wp-image-436785\"><\/a><\/figure>\n<p>Distrac\u021bia continu\u0103 s\u00e2mb\u0103t\u0103, \u00een intervalul\u00a0<strong>15:00 \u2013 17:00<\/strong>, la\u00a0<strong>Atelierul de crea\u021bie<\/strong>\u00a0organizat la etaj, \u00een zona\u00a0<strong>Cinema City<\/strong>. Copiii \u00ee\u0219i vor pune imagina\u021bia la lucru \u00eentr-o activitate special\u0103 de realizare a unor\u00a0<strong>tablouri<\/strong>\u00a0cu\u00a0<strong>\u0219trasuri<\/strong>, unde vor combina culori, forme \u0219i elemente str\u0103lucitoare pentru a crea mici opere de art\u0103 pline de personalitate.\u00a0<strong>Atelierul<\/strong>\u00a0se desf\u0103\u0219oar\u0103 \u00een dou\u0103 grupe, prima \u00een intervalul\u00a0<strong>15:00 \u2013 16:00<\/strong>, iar cea de-a doua \u00een intervalul\u00a0<strong>16:00 \u2013 17:00<\/strong>.\u00a0<strong>Locurile<\/strong>\u00a0sunt\u00a0<strong>limitate<\/strong>, iar\u00a0<strong>\u00eenscrierile<\/strong>\u00a0se fac la numerele de telefon\u00a0<strong>0230 208 700<\/strong>\u00a0sau\u00a0<strong>0230 208 701.<\/strong><\/p>\n<figure class=\"wp-block-image size-large\"><a href=\"https:\/\/cdn.newsbucovina.ro\/wp-content\/uploads\/2026\/04\/Iulius-Mall-Suceava-01.jpg\"><img loading=\"lazy\" decoding=\"async\" width=\"1024\" height=\"536\" src=\"https:\/\/cdn.newsbucovina.ro\/wp-content\/uploads\/2026\/04\/Iulius-Mall-Suceava-01-1024x536.jpg\" alt class=\"wp-image-436786\"><\/a><\/figure>\n<p>Sunt ultimele zile \u00een care mai po\u021bi tr\u0103i\u00a0<strong>magia<\/strong>\u00a0<strong>circului<\/strong>\u00a0la\u00a0<strong>Iulius Mall Suceava<\/strong>. P\u00e2n\u0103 duminic\u0103, pe\u00a0<strong>26 aprilie<\/strong>,\u00a0<strong>Circul Orlando<\/strong>\u00a0a\u0219teapt\u0103 publicul cu un\u00a0<strong>spectacol<\/strong>\u00a0plin de energie \u0219i momente spectaculoase. Cu fiecare s\u0103ritur\u0103 \u00eendr\u0103znea\u021b\u0103, rota\u021bie ame\u021bitoare \u0219i piruet\u0103 executat\u0103 cu precizie milimetric\u0103,\u00a0<strong>acroba\u021bii<\/strong>\u00a0reu\u0219esc s\u0103 transforme gravita\u021bia \u00eentr-un joc al curajului \u0219i al echilibrului. Biletele pot fi achizi\u021bionate\u00a0<a href=\"https:\/\/www.entertix.ro\/g\/164\/circul-orlando.html\" target=\"_blank\" rel=\"noreferrer noopener\">online<\/a>, dar \u0219i la loca\u021bie.<\/p>\n<p>\u00cen plus, p\u00e2n\u0103 pe\u00a0<strong>3 mai<\/strong>, pasiona\u021bii de\u00a0<strong>beauty<\/strong>\u00a0sunt invita\u021bi s\u0103 descopere\u00a0<strong>Sole Pop-Up Store<\/strong>, amplasat la parter, care reune\u0219te\u00a0<strong>branduri<\/strong>\u00a0interna\u021bionale apreciate \u0219i\u00a0<strong>produse<\/strong>\u00a0inovatoare, de la formule coreene la solu\u021bii eficiente pentru \u00eengrijirea pielii. Vei putea testa produse, beneficia de oferte exclusive \u0219i te vei bucura de surprize precum goodie bags \u0219i evenimente cu invita\u021bi din domeniul beauty.<\/p>\n<p><strong>Vino la Iulius Mall Suceava \u0219i bucur\u0103-te de un weekend plin de experien\u021be memorabile, dedicate copiilor \u0219i \u00eentregii familii!<\/strong><\/p>\n<figure class=\"wp-block-embed is-type-video is-provider-youtube wp-block-embed-youtube wp-embed-aspect-16-9 wp-has-aspect-ratio\">\n<div class=\"wp-block-embed__wrapper\">\n<div class=\"youtube-embed\" data-video_id=\"cQP6CLkQ0sQ\"><iframe loading=\"lazy\" title=\"Aripioare la Co\u0219arc\u0103, Bere p\u00e2n\u0103 la refuz - Distrac\u021bie Adev\u0103rat\u0103 Made in Suceava!! O nebunie va fi...\" width=\"696\" height=\"392\" src=\"https:\/\/www.youtube.com\/embed\/cQP6CLkQ0sQ?feature=oembed&amp;enablejsapi=1\" frameborder allow=\"accelerometer; autoplay; clipboard-write; encrypted-media; gyroscope; picture-in-picture; web-share\" referrerpolicy=\"strict-origin-when-cross-origin\" allowfullscreen><\/iframe><\/div>\n<\/div>\n<\/figure>\n<div class=\"td-a-rec td-a-rec-id-content_bottom  tdi_4 td_block_template_1\"><strong>Intr\u0103 acum \u0219i \u00een grupul de <\/p>\n<div class=\"wp-block-button\"><a class=\"wp-block-button__link wp-element-button\" href=\"https:\/\/t.me\/+TH8wcfnp8fw5NWI0\">Telegram News Bucovina<\/a><\/div>\n<p><\/strong><\/div>\n<\/div>\n<div class=\"td-post-content tagdiv-type\">\n<div class=\"td-a-rec td-a-rec-id-content_top  tdi_3 td_block_template_1\"><strong>Intr\u0103 acum \u0219i \u00een grupul de <\/p>\n<div class=\"wp-block-button\"><a class=\"wp-block-button__link wp-element-button\" href=\"https:\/\/t.me\/+TH8wcfnp8fw5NWI0\">Telegram News Bucovina<\/a><\/div>\n<p><\/strong><\/div>\n<p><strong><em>Dac\u0103 ai r\u0103mas \u00een Suceava weekend-ul acesta, Iulius Mall devine locul perfect pentru distrac\u021bie \u0219i momente speciale pentru \u00eentreaga familie. S\u00e2mb\u0103t\u0103, copiii se vor \u00eent\u00e2lni cu personaje \u00eendr\u0103gite \u0219i vor participa la activit\u0103\u021bi interactive care transform\u0103 joaca \u00een amintiri de neuitat. Iar pasiona\u021bii de beauty se vor bucura de o nou\u0103 experien\u021b\u0103<\/em><\/strong>\u00a0<strong><em>fresh \u0219i interactiv\u0103, dedicat\u0103 skincare-ului \u0219i machiajului<\/em><\/strong><em>,<strong>\u00a0la Sole Pop-Up Store.<\/strong><\/em><\/p>\n<p>S\u00e2mb\u0103t\u0103,\u00a0<strong>25 aprilie<\/strong>, cei mici au parte de o zi plin\u0103 de magie, creativitate \u0219i distrac\u021bie. De la ora\u00a0<strong>12:00<\/strong>, \u00een fa\u021ba magazinului Reserved, copiii \u0219i p\u0103rin\u021bii sunt a\u0219tepta\u021bi la spectacolul de teatru\u00a0<strong>\u201eHansel \u0219i Gretel\u201d,<\/strong>\u00a0o adaptare dup\u0103 celebra poveste a fra\u021bilor Grimm. Piesa aduce \u00een fa\u021ba publicului aventura a doi copii curajo\u0219i care se pierd \u00een p\u0103dure \u0219i ajung la o c\u0103su\u021b\u0103 fermecat\u0103 din turt\u0103 dulce, o poveste plin\u0103 de emo\u021bie \u0219i \u00eenv\u0103\u021b\u0103minte despre curaj, solidaritate \u0219i leg\u0103tura dintre fra\u021bi.\u00a0\u00a0<strong>Participarea<\/strong>\u00a0este\u00a0<strong>gratuit\u0103<\/strong>.<\/p>\n<figure class=\"wp-block-image size-large\"><a href=\"https:\/\/cdn.newsbucovina.ro\/wp-content\/uploads\/2026\/04\/Iulius-Mall-Suceava-1.jpg\"><img loading=\"lazy\" decoding=\"async\" width=\"1024\" height=\"536\" src=\"https:\/\/cdn.newsbucovina.ro\/wp-content\/uploads\/2026\/04\/Iulius-Mall-Suceava-1-1024x536.jpg\" alt class=\"wp-image-436785\"><\/a><\/figure>\n<p>Distrac\u021bia continu\u0103 s\u00e2mb\u0103t\u0103, \u00een intervalul\u00a0<strong>15:00 \u2013 17:00<\/strong>, la\u00a0<strong>Atelierul de crea\u021bie<\/strong>\u00a0organizat la etaj, \u00een zona\u00a0<strong>Cinema City<\/strong>. Copiii \u00ee\u0219i vor pune imagina\u021bia la lucru \u00eentr-o activitate special\u0103 de realizare a unor\u00a0<strong>tablouri<\/strong>\u00a0cu\u00a0<strong>\u0219trasuri<\/strong>, unde vor combina culori, forme \u0219i elemente str\u0103lucitoare pentru a crea mici opere de art\u0103 pline de personalitate.\u00a0<strong>Atelierul<\/strong>\u00a0se desf\u0103\u0219oar\u0103 \u00een dou\u0103 grupe, prima \u00een intervalul\u00a0<strong>15:00 \u2013 16:00<\/strong>, iar cea de-a doua \u00een intervalul\u00a0<strong>16:00 \u2013 17:00<\/strong>.\u00a0<strong>Locurile<\/strong>\u00a0sunt\u00a0<strong>limitate<\/strong>, iar\u00a0<strong>\u00eenscrierile<\/strong>\u00a0se fac la numerele de telefon\u00a0<strong>0230 208 700<\/strong>\u00a0sau\u00a0<strong>0230 208 701.<\/strong><\/p>\n<figure class=\"wp-block-image size-large\"><a href=\"https:\/\/cdn.newsbucovina.ro\/wp-content\/uploads\/2026\/04\/Iulius-Mall-Suceava-01.jpg\"><img loading=\"lazy\" decoding=\"async\" width=\"1024\" height=\"536\" src=\"https:\/\/cdn.newsbucovina.ro\/wp-content\/uploads\/2026\/04\/Iulius-Mall-Suceava-01-1024x536.jpg\" alt class=\"wp-image-436786\"><\/a><\/figure>\n<p>Sunt ultimele zile \u00een care mai po\u021bi tr\u0103i\u00a0<strong>magia<\/strong>\u00a0<strong>circului<\/strong>\u00a0la\u00a0<strong>Iulius Mall Suceava<\/strong>. P\u00e2n\u0103 duminic\u0103, pe\u00a0<strong>26 aprilie<\/strong>,\u00a0<strong>Circul Orlando<\/strong>\u00a0a\u0219teapt\u0103 publicul cu un\u00a0<strong>spectacol<\/strong>\u00a0plin de energie \u0219i momente spectaculoase. Cu fiecare s\u0103ritur\u0103 \u00eendr\u0103znea\u021b\u0103, rota\u021bie ame\u021bitoare \u0219i piruet\u0103 executat\u0103 cu precizie milimetric\u0103,\u00a0<strong>acroba\u021bii<\/strong>\u00a0reu\u0219esc s\u0103 transforme gravita\u021bia \u00eentr-un joc al curajului \u0219i al echilibrului. Biletele pot fi achizi\u021bionate\u00a0<a href=\"https:\/\/www.entertix.ro\/g\/164\/circul-orlando.html\" target=\"_blank\" rel=\"noreferrer noopener\">online<\/a>, dar \u0219i la loca\u021bie.<\/p>\n<p>\u00cen plus, p\u00e2n\u0103 pe\u00a0<strong>3 mai<\/strong>, pasiona\u021bii de\u00a0<strong>beauty<\/strong>\u00a0sunt invita\u021bi s\u0103 descopere\u00a0<strong>Sole Pop-Up Store<\/strong>, amplasat la parter, care reune\u0219te\u00a0<strong>branduri<\/strong>\u00a0interna\u021bionale apreciate \u0219i\u00a0<strong>produse<\/strong>\u00a0inovatoare, de la formule coreene la solu\u021bii eficiente pentru \u00eengrijirea pielii. Vei putea testa produse, beneficia de oferte exclusive \u0219i te vei bucura de surprize precum goodie bags \u0219i evenimente cu invita\u021bi din domeniul beauty.<\/p>\n<p><strong>Vino la Iulius Mall Suceava \u0219i bucur\u0103-te de un weekend plin de experien\u021be memorabile, dedicate copiilor \u0219i \u00eentregii familii!<\/strong><\/p>\n<figure class=\"wp-block-embed is-type-video is-provider-youtube wp-block-embed-youtube wp-embed-aspect-16-9 wp-has-aspect-ratio\">\n<div class=\"wp-block-embed__wrapper\">\n<div class=\"youtube-embed\" data-video_id=\"cQP6CLkQ0sQ\"><iframe loading=\"lazy\" title=\"Aripioare la Co\u0219arc\u0103, Bere p\u00e2n\u0103 la refuz - Distrac\u021bie Adev\u0103rat\u0103 Made in Suceava!! O nebunie va fi...\" width=\"696\" height=\"392\" src=\"https:\/\/www.youtube.com\/embed\/cQP6CLkQ0sQ?feature=oembed&amp;enablejsapi=1\" frameborder allow=\"accelerometer; autoplay; clipboard-write; encrypted-media; gyroscope; picture-in-picture; web-share\" referrerpolicy=\"strict-origin-when-cross-origin\" allowfullscreen><\/iframe><\/div>\n<\/div>\n<\/figure>\n<div class=\"td-a-rec td-a-rec-id-content_bottom  tdi_4 td_block_template_1\"><strong>Intr\u0103 acum \u0219i \u00een grupul de <\/p>\n<div class=\"wp-block-button\"><a class=\"wp-block-button__link wp-element-button\" href=\"https:\/\/t.me\/+TH8wcfnp8fw5NWI0\">Telegram News Bucovina<\/a><\/div>\n<p><\/strong><\/div>\n<\/div>\n<p>[analyse_source url=&#8221;https:\/\/www.newsbucovina.ro\/evenimente\/436784\/teatru-pentru-copii-ateliere-creative-circ-si-experiente-de-beauty-in-acest-weekend-la-iulius-mall-suceava&#8221;]<\/p>\n","protected":false},"excerpt":{"rendered":"<p>[analyse_image type=&#8221;featured&#8221; src=&#8221;https:\/\/www.newsbucovina.ro\/wp-content\/uploads\/2025\/05\/iulius-mall.jpghttps:\/\/cdn.newsbucovina.ro\/wp-content\/uploads\/2025\/05\/iulius-mall.jpg&#8221;] Intr\u0103 acum \u0219i \u00een grupul de Telegram News Bucovina Dac\u0103 ai r\u0103mas \u00een Suceava weekend-ul acesta, Iulius Mall devine locul perfect pentru distrac\u021bie \u0219i momente speciale pentru \u00eentreaga familie. S\u00e2mb\u0103t\u0103, copiii se vor \u00eent\u00e2lni cu personaje \u00eendr\u0103gite \u0219i vor participa la activit\u0103\u021bi interactive care transform\u0103 joaca \u00een amintiri de neuitat. Iar pasiona\u021bii [&hellip;]<\/p>\n","protected":false},"author":1,"featured_media":0,"comment_status":"open","ping_status":"","sticky":false,"template":"","format":"standard","meta":{"footnotes":""},"categories":[89],"tags":[226,165],"class_list":["post-1898448","post","type-post","status-publish","format-standard","hentry","category-romania","tag-crawlmanager","tag-newsbucovina-ro"],"_links":{"self":[{"href":"https:\/\/analyse.optim.biz\/index.php?rest_route=\/wp\/v2\/posts\/1898448","targetHints":{"allow":["GET"]}}],"collection":[{"href":"https:\/\/analyse.optim.biz\/index.php?rest_route=\/wp\/v2\/posts"}],"about":[{"href":"https:\/\/analyse.optim.biz\/index.php?rest_route=\/wp\/v2\/types\/post"}],"author":[{"embeddable":true,"href":"https:\/\/analyse.optim.biz\/index.php?rest_route=\/wp\/v2\/users\/1"}],"replies":[{"embeddable":true,"href":"https:\/\/analyse.optim.biz\/index.php?rest_route=%2Fwp%2Fv2%2Fcomments&post=1898448"}],"version-history":[{"count":0,"href":"https:\/\/analyse.optim.biz\/index.php?rest_route=\/wp\/v2\/posts\/1898448\/revisions"}],"wp:attachment":[{"href":"https:\/\/analyse.optim.biz\/index.php?rest_route=%2Fwp%2Fv2%2Fmedia&parent=1898448"}],"wp:term":[{"taxonomy":"category","embeddable":true,"href":"https:\/\/analyse.optim.biz\/index.php?rest_route=%2Fwp%2Fv2%2Fcategories&post=1898448"},{"taxonomy":"post_tag","embeddable":true,"href":"https:\/\/analyse.optim.biz\/index.php?rest_route=%2Fwp%2Fv2%2Ftags&post=1898448"}],"curies":[{"name":"wp","href":"https:\/\/api.w.org\/{rel}","templated":true}]}}