{"id":189839,"date":"2014-12-20T19:55:03","date_gmt":"2014-12-20T16:55:03","guid":{"rendered":"https:\/\/analyse.optim.biz\/?p=189839"},"modified":"2014-12-20T19:55:03","modified_gmt":"2014-12-20T16:55:03","slug":"traian-basescu-daca-il-numeam-premier-pe-klaus-iohannis-in-2009-acum-nu-mai-era-presedinte","status":"publish","type":"post","link":"https:\/\/analyse.optim.biz\/?p=189839","title":{"rendered":"Traian B\u0103sescu: Dac\u0103 \u00eel numeam premier pe Klaus Iohannis \u00een 2009, acum nu mai era pre\u0219edinte!"},"content":{"rendered":"<div class=\"entry data-app-meta data-app-meta-article\" data-embed-base-url-canonical=\"https:\/\/www.digi24.ro\/embed\/stiri\/actualitate\/politica\/traian-basescu-daca-il-numeam-premier-pe-klaus-iohannis-in-2009-acum-nu-mai-era-presedinte-337794\">\n<p data-index=\"1\">\u00cen toamna anului 2009, o majoritate parlamentar\u0103 de 66 de procente \u00eel propunea premier pe dl Klaus Iohannis. \u201eNu a\u021bi acceptat acest lucru&#8230;\u201d, a men\u021bionat \u00een conferin\u021ba de pres\u0103 jurnalista Digi24 Elena Vijulie adres\u00e2ndu-se pre\u0219edintelui.<\/p>\n<p data-index=\"2\">\u201eDa. \u0218i bine am f\u0103cut, c\u0103 azi nu mai era pre\u0219edinte\u201d, a spus Traian B\u0103sescu r\u00e2z\u00e2nd.<\/p>\n<p data-index=\"3\">V\u0103 men\u021bine\u021bi contraargumentele dvs de atunci sau v\u0103 repro\u0219a\u021bi c\u0103 nu a\u021bi acceptat ca dl Klaus Iohannis s\u0103 devin\u0103 prim-ministru? l-a \u00eentrebat Elena Vijulie pe Traian B\u0103sescu.<\/p>\n<p data-index=\"4\">\u201eDoamn\u0103, nu-mi repro\u0219ez deloc. Obiectivul meu era \u2013 \u0219i recunosc c\u0103 am utilizat Constitu\u021bia la limit\u0103 &#8211; obiectivul meu era un guvern cu care s\u0103 putem face parte din reformele f\u0103cute, asta am vrut, asta am ob\u021binut \u0219i nu am niciun fel de regret\u201d, a r\u0103spuns pre\u0219edintele.<\/p>\n<p data-index=\"5\">\u00centrebat dac\u0103 nu cumva se temea c\u0103 odat\u0103 cu schimbarea guvernului va pierde alegerile, Traian B\u0103sescu a respins ideea c\u0103 ar fi mizat pe populism. \u201eAduce\u021bi-v\u0103 aminte c\u0103 spre deosebire de ce a f\u0103cut C\u0103lin Popescu T\u0103riceanu &#8211; a aruncat toate resursele \u00een 2008 \u0219i a l\u0103sat \u021bara \u00een fa\u021ba crizei f\u0103r\u0103 niciun fel de resurse; spre deosebire de ce a f\u0103cut Victor Ponta anul acesta &#8211; a aruncat resurse sacrific\u00e2nd investi\u021biile. \u0218i unul, \u0219i altul au pierdut. V\u0103 aduce\u021bi aminte ce s-a \u00eent\u00e2mplat \u00een 2009?\u201d a \u00eentrebat Traian B\u0103sescu.<\/p>\n<p data-index=\"6\">\u201eA\u021bi adus PSD la guvernare\u201d, a r\u0103spuns Elena Vijulie.<\/p>\n<p data-index=\"7\">\u201eNu, doamn\u0103, asta&#8230;.oricum, \u00eel ave\u021bi acum. V\u0103 aduce\u021bi aminte c\u0103 \u00een campania din 2009, \u00een luna noiembrie, s-au t\u0103iat la tot aparatul bugetar dou\u0103 zile? V\u0103 aduce\u021bi aminte c\u0103 premerg\u0103tor turului doi din decembrie s-au t\u0103iat alte dou\u0103 zile de salariu la tot aparatul bugetar, 1.400.000 de oameni? Deci, eu n-am fost un populist. \u0218i nu aia m-a interesat. Cu ce s\u0103 c\u00e2\u0219tig alegerile? T\u0103ind zile de salarii? Nu! Am fost un candidat onest fa\u021b\u0103 de \u021bar\u0103\u201d, a sus\u021binut pre\u0219edintele B\u0103sescu.<\/p>\n<p data-index=\"8\">C\u00e2t despre mandatul lui Klaus Iohannis la Cotroceni, pre\u0219edintele \u00een exerci\u021biu a fost \u00eentrebat cum i se pare programul pre\u0219edintelui ales. El a recunoscut, cu scuzele de rigoare, c\u0103 nu l-a analizat. \u201eDar \u00eei \u021bin minte sloganul \u0219<strong>i \u00eei las c\u00e2teva lucruri bine f\u0103cute pe care s\u0103 le continue\u201d<\/strong>, a punctat Traian B\u0103sescu. Trebuie continuate reformele, a ar\u0103tat pre\u0219edintele Traian B\u0103sescu \u00een <a href=\"https:\/\/www.digi24.ro\/Stiri\/Digi24\/Special\/COTROCENI+2014\/BILANT+MANDAT+PRESEDINTE+TRAIAN+BASESCU\" target=\"_blank\" data-skip-linkfix=\"1\" rel=\"noopener\">conferin\u021ba sa de pres\u0103.<\/a><\/p>\n<\/div>\n<p> Source URL: https:\/\/www.digi24.ro\/stiri\/actualitate\/politica\/traian-basescu-daca-il-numeam-premier-pe-klaus-iohannis-in-2009-acum-nu-mai-era-presedinte-337794<\/p>\n","protected":false},"excerpt":{"rendered":"<p>\u00cen toamna anului 2009, o majoritate parlamentar\u0103 de 66 de procente \u00eel propunea premier pe dl Klaus Iohannis. \u201eNu a\u021bi acceptat acest lucru&#8230;\u201d, a men\u021bionat \u00een conferin\u021ba de pres\u0103 jurnalista Digi24 Elena Vijulie adres\u00e2ndu-se pre\u0219edintelui. \u201eDa. \u0218i bine am f\u0103cut, c\u0103 azi nu mai era pre\u0219edinte\u201d, a spus Traian B\u0103sescu r\u00e2z\u00e2nd. V\u0103 men\u021bine\u021bi contraargumentele dvs [&hellip;]<\/p>\n","protected":false},"author":1,"featured_media":189840,"comment_status":"open","ping_status":"","sticky":false,"template":"","format":"standard","meta":{"footnotes":""},"categories":[2],"tags":[11],"class_list":["post-189839","post","type-post","status-publish","format-standard","has-post-thumbnail","hentry","category-politics","tag-digi24"],"_links":{"self":[{"href":"https:\/\/analyse.optim.biz\/index.php?rest_route=\/wp\/v2\/posts\/189839","targetHints":{"allow":["GET"]}}],"collection":[{"href":"https:\/\/analyse.optim.biz\/index.php?rest_route=\/wp\/v2\/posts"}],"about":[{"href":"https:\/\/analyse.optim.biz\/index.php?rest_route=\/wp\/v2\/types\/post"}],"author":[{"embeddable":true,"href":"https:\/\/analyse.optim.biz\/index.php?rest_route=\/wp\/v2\/users\/1"}],"replies":[{"embeddable":true,"href":"https:\/\/analyse.optim.biz\/index.php?rest_route=%2Fwp%2Fv2%2Fcomments&post=189839"}],"version-history":[{"count":0,"href":"https:\/\/analyse.optim.biz\/index.php?rest_route=\/wp\/v2\/posts\/189839\/revisions"}],"wp:featuredmedia":[{"embeddable":true,"href":"https:\/\/analyse.optim.biz\/index.php?rest_route=\/wp\/v2\/media\/189840"}],"wp:attachment":[{"href":"https:\/\/analyse.optim.biz\/index.php?rest_route=%2Fwp%2Fv2%2Fmedia&parent=189839"}],"wp:term":[{"taxonomy":"category","embeddable":true,"href":"https:\/\/analyse.optim.biz\/index.php?rest_route=%2Fwp%2Fv2%2Fcategories&post=189839"},{"taxonomy":"post_tag","embeddable":true,"href":"https:\/\/analyse.optim.biz\/index.php?rest_route=%2Fwp%2Fv2%2Ftags&post=189839"}],"curies":[{"name":"wp","href":"https:\/\/api.w.org\/{rel}","templated":true}]}}