{"id":189836,"date":"2014-12-20T21:06:54","date_gmt":"2014-12-20T18:06:54","guid":{"rendered":"https:\/\/analyse.optim.biz\/?p=189836"},"modified":"2014-12-20T21:06:54","modified_gmt":"2014-12-20T18:06:54","slug":"traian-basescu-n-am-fost-un-presedinte-genial-poate-alte-tactici-decat-confruntarea-ar-fi-fost-mai-bune","status":"publish","type":"post","link":"https:\/\/analyse.optim.biz\/?p=189836","title":{"rendered":"Traian B\u0103sescu: N-am fost un pre\u015fedinte genial. Poate alte tactici dec\u00e2t confruntarea ar fi fost mai bune"},"content":{"rendered":"<div class=\"entry data-app-meta data-app-meta-article\" data-embed-base-url-canonical=\"https:\/\/www.digi24.ro\/embed\/stiri\/actualitate\/politica\/traian-basescu-n-am-fost-un-presedinte-genial-poate-alte-tactici-decat-confruntarea-ar-fi-fost-mai-bune-337805\">\n<p data-index=\"1\">\u00a0<img decoding=\"async\" src=\"https:\/\/analyse.optim.biz\/wp-content\/uploads\/2024\/09\/dz04mdamagfzad00oge2yje5ywzlnmvmztjimzrmnme5mzhhmduwotk0zg-thumb_.jpg\" data-skip-htmlfix=\"1\" title=\"dz04mdamagfzad00oge2yje5ywzlnmvmztjimzrmnme5mzhhmduwotk0zg-thumb_\"><\/p>\n<p data-index=\"2\">\u00centrebat dac\u0103 pleac\u0103 de la Cotroceni cu un sentiment de p\u0103rere de r\u0103u sau de eliberare, <strong>pre\u015fedintele Traian B\u0103sescu<\/strong> a declarat c\u0103 nu are &#8220;niciun fel de p\u0103rere de r\u0103u&#8221;, scrie Mediafax.<\/p>\n<p data-index=\"3\">&#8220;Nu am de ce s\u0103 am vreun <strong>regret<\/strong>, nu plec nici cu p\u0103rere de r\u0103u, am sentimentul c\u0103, at\u00e2t c\u00e2t am putut, c\u0103 \u00een mod cert n-am fost un pre\u015fedinte genial, dar at\u00e2t c\u00e2t am putut am f\u0103cut tot pentru a mi\u015fca lucrurile \u00eenainte, pentru ca Rom\u00e2nia s\u0103 avanseze, s\u0103 se modernizeze. Poate a\u015f fi putut face mai mult, poate alte tactici dec\u00e2t confruntarea ar fi fost mai bune, de\u015fi mi-am dat \u00eentotdeauna seama c\u0103 orice s-ar fi putut discuta dac\u0103 pe masa de negociere se aducea \u015fi justi\u0163ia. \u015ei atunci am preferat aceast\u0103 b\u0103t\u0103lie continu\u0103 \u00een care am totu\u015fi satisfac\u0163ia c\u0103 cei care m-au suspendat de dou\u0103 ori pentru cauza justi\u0163iei vorbesc ast\u0103zi ce spuneam eu \u00een 2005&#8243;, a precizat \u015feful statului.<\/p>\n<p data-index=\"4\">&#8220;Nu plec cu niciun fel de regret, cu niciun fel de p\u0103rere de r\u0103u, doar cu \u00eentrebarea: oare puteam altfel s\u0103 fac mai mult? \u00cen acela\u015fi timp, trebuie s\u0103 observ &#8220;se spune: pre\u015fedintele este de 10 ani&#8221;. A\u015fa este, sunt de 10 ani aici, dar sunt pu\u0163ine lucruri pe care le po\u0163i face dac\u0103 nu ai un guvern partener. Iar mie mi-a dat Dumnezeu Guvernul T\u0103riceanu \u00een 2004-2008, cu care am avut o perioad\u0103 de miere a\u015fa, de vreun an, mi-a dat Guvernul Ponta aproape trei ani \u015fi am mai r\u0103mas la mijloc cu Boc, \u00een perioada \u00een care, pe bun\u0103 dreptate, presa semnala faptul c\u0103 se face abuz de asum\u0103ri de r\u0103spundere&#8221;, a spus el.<\/p>\n<h2 id=\"highlight-337805-1\"><a href=\"https:\/\/www.digi24.ro\/Stiri\/Digi24\/Special\/COTROCENI+2014\/BILANT+MANDAT+PRESEDINTE+TRAIAN+BASESCU\" target=\"_blank\" data-skip-linkfix=\"1\" rel=\"noopener\"><span>Urm\u0103ri\u021bi ultima conferin\u021b\u0103 a pre\u0219edintelui Traian B\u0103sescu\u00a0<\/span><\/a><\/h2>\n<p data-index=\"5\">Pre\u015fedintele a mai spus c\u0103 <strong>abuzul de asumare de r\u0103spundere<\/strong> a fost &#8220;un lucru deliberat&#8221;. &#8220;\u015etim c\u0103 o lege cum e Legea Educa\u0163iei nu va trece neh\u0103cuit\u0103 prin Parlament, \u015ftiam c\u0103, dac\u0103 l\u0103s\u0103m codurile, Codul Comercial \u015fi Codul de Procedur\u0103 Comercial\u0103, s-ar fi f\u0103cut harcea-parcea pe acel cod, \u015ftiam, dac\u0103 legea micii reforme este l\u0103sat\u0103 s\u0103 treac\u0103 prin Parlament, ar fi fost f\u0103cut\u0103 terci, deci deliberat am utilizat acea procedur\u0103 extrem de sever\u0103 \u015fi mai pu\u0163in democratic\u0103 dec\u00e2t dezbaterea parlamentar\u0103. Dac\u0103 a\u015f fi avut mai mult timp un guvern prietenos, probabil c\u0103 se f\u0103ceau mai multe&#8221;, a explicat B\u0103sescu.<\/p>\n<p data-index=\"6\">\u00centrebat ce a pierdut \u015fi ce a c\u00e2\u015ftigat ca om, <strong>Traian B\u0103sescu<\/strong> a spus: &#8220;Ce s\u0103 fi pierdut \u015fi ce s\u0103 c\u00e2\u015ftig? Am c\u00e2\u015ftigat enorm pentru onoarea care mi s-a f\u0103cut de rom\u00e2ni s\u0103 le fiu pre\u015fedinte 10 ani. C\u00e2\u015ftigul este enorm (&#8230;) c\u00e2\u0163i \u015fefi de stat ai Rom\u00e2niei suntem \u00een via\u0163\u0103. Patru, p\u0103i s\u0103 fii unul din cei patru e mare lucru. \u015ei vine al cincilea acuma. S\u0103 sper\u0103m c\u0103-l prindem to\u0163i \u00een via\u0163\u0103 \u015fi pe Iohannis dup\u0103 ce face 10 ani, ca s\u0103 fim cinci&#8221;.<\/p>\n<\/div>\n<p> Source URL: https:\/\/www.digi24.ro\/stiri\/actualitate\/politica\/traian-basescu-n-am-fost-un-presedinte-genial-poate-alte-tactici-decat-confruntarea-ar-fi-fost-mai-bune-337805<\/p>\n","protected":false},"excerpt":{"rendered":"<p>\u00a0 \u00centrebat dac\u0103 pleac\u0103 de la Cotroceni cu un sentiment de p\u0103rere de r\u0103u sau de eliberare, pre\u015fedintele Traian B\u0103sescu a declarat c\u0103 nu are &#8220;niciun fel de p\u0103rere de r\u0103u&#8221;, scrie Mediafax. &#8220;Nu am de ce s\u0103 am vreun regret, nu plec nici cu p\u0103rere de r\u0103u, am sentimentul c\u0103, at\u00e2t c\u00e2t am putut, [&hellip;]<\/p>\n","protected":false},"author":1,"featured_media":189837,"comment_status":"open","ping_status":"","sticky":false,"template":"","format":"standard","meta":{"footnotes":""},"categories":[2],"tags":[11],"class_list":["post-189836","post","type-post","status-publish","format-standard","has-post-thumbnail","hentry","category-politics","tag-digi24"],"_links":{"self":[{"href":"https:\/\/analyse.optim.biz\/index.php?rest_route=\/wp\/v2\/posts\/189836","targetHints":{"allow":["GET"]}}],"collection":[{"href":"https:\/\/analyse.optim.biz\/index.php?rest_route=\/wp\/v2\/posts"}],"about":[{"href":"https:\/\/analyse.optim.biz\/index.php?rest_route=\/wp\/v2\/types\/post"}],"author":[{"embeddable":true,"href":"https:\/\/analyse.optim.biz\/index.php?rest_route=\/wp\/v2\/users\/1"}],"replies":[{"embeddable":true,"href":"https:\/\/analyse.optim.biz\/index.php?rest_route=%2Fwp%2Fv2%2Fcomments&post=189836"}],"version-history":[{"count":0,"href":"https:\/\/analyse.optim.biz\/index.php?rest_route=\/wp\/v2\/posts\/189836\/revisions"}],"wp:featuredmedia":[{"embeddable":true,"href":"https:\/\/analyse.optim.biz\/index.php?rest_route=\/wp\/v2\/media\/189837"}],"wp:attachment":[{"href":"https:\/\/analyse.optim.biz\/index.php?rest_route=%2Fwp%2Fv2%2Fmedia&parent=189836"}],"wp:term":[{"taxonomy":"category","embeddable":true,"href":"https:\/\/analyse.optim.biz\/index.php?rest_route=%2Fwp%2Fv2%2Fcategories&post=189836"},{"taxonomy":"post_tag","embeddable":true,"href":"https:\/\/analyse.optim.biz\/index.php?rest_route=%2Fwp%2Fv2%2Ftags&post=189836"}],"curies":[{"name":"wp","href":"https:\/\/api.w.org\/{rel}","templated":true}]}}