{"id":1898264,"date":"2026-04-23T06:49:56","date_gmt":"2026-04-23T03:49:56","guid":{"rendered":"https:\/\/analyse.optim.biz\/?p=1898264"},"modified":"2026-04-23T06:49:56","modified_gmt":"2026-04-23T03:49:56","slug":"explozie-a-cazurilor-de-insuficienta-respiratorie-la-copii-cauza-astmul-bronsic-declansat-de-alergii","status":"publish","type":"post","link":"https:\/\/analyse.optim.biz\/?p=1898264","title":{"rendered":"Explozie a cazurilor de insuficien\u021b\u0103 respiratorie la copii. Cauza: astmul bron\u0219ic declan\u0219at de alergii"},"content":{"rendered":"<p>[analyse_image type=&#8221;featured&#8221; src=&#8221;https:\/\/focustim.ro\/wp-content\/uploads\/2026\/04\/astm.jpg&#8221;]<\/p>\n<article id=\"post-40076\" class=\"penci-single-artcontent noloaddisqus post-40076 post type-post status-publish format-standard has-post-thumbnail hentry category-actualitate category-featured category-sanatate tag-alergii tag-astm penci-post-item\">\n<header class=\"entry-header penci-entry-header penci-title-\">\n<div class=\"penci-entry-categories\"><span class=\"penci-cat-links\"><a href=\"https:\/\/focustim.ro\/category\/actualitate\/\" rel=\"category tag\">Actualitate<\/a><a href=\"https:\/\/focustim.ro\/category\/featured\/\" rel=\"category tag\">Featured<\/a><a href=\"https:\/\/focustim.ro\/category\/sanatate\/\" rel=\"category tag\">S\u0103n\u0103tate<\/a><\/span><\/div>\n<h1 class=\"entry-title penci-entry-title penci-title-\">Explozie a cazurilor de insuficien\u021b\u0103 respiratorie la copii. Cauza: astmul bron\u0219ic declan\u0219at de alergii<\/h1>\n<div class=\"entry-meta penci-entry-meta\"><span class=\"entry-meta-item penci-posted-on\"><time class=\"entry-date published\" datetime=\"2026-04-23T09:49:56+03:00\">23\/04\/2026<\/time><time class=\"updated\" datetime=\"2026-04-23T09:50:02+03:00\">23\/04\/2026<\/time><\/span><span class=\"entry-meta-item penci-comment-count\"><a class=\"penci_pmeta-link\" href=\"https:\/\/focustim.ro\/explozie-a-cazurilor-de-insuficienta-respiratorie-la-copii-cauza-astmul-bronsic-declansat-de-alergii\/#respond\">0<\/a><\/span><\/div>\n<p><span class=\"penci-social-buttons penci-social-share-footer\"><span class=\"penci-social-share-text\">Distribuie<\/span><a href=\"https:\/\/focustim.ro\/explozie-a-cazurilor-de-insuficienta-respiratorie-la-copii-cauza-astmul-bronsic-declansat-de-alergii\/\" class=\"penci-post-like penci_post-meta_item  single-like-button penci-social-item like\" data-post_id=\"40076\" title=\"Like\" data-like=\"Like\" data-unlike=\"Unlike\"><span class=\"penci-share-number\">0<\/span><\/a><\/span><\/header>\n<div class=\"entry-media penci-entry-media\">\n<div class=\"post-format-meta \">\n<div class=\"post-image penci-standard-format\"><img decoding=\"async\" width=\"900\" height=\"600\" src=\"https:\/\/focustim.ro\/wp-content\/uploads\/2026\/04\/astm.jpg\" class=\"attachment-penci-thumb-960-auto size-penci-thumb-960-auto wp-post-image\" alt loading=\"lazy\"><\/div>\n<\/div>\n<\/div>\n<div class=\"penci-entry-content entry-content\">\n<p><strong>Ultimele zile au dus la cre\u0219terea num\u0103rului de copii cu dificult\u0103\u021bi accentuate de respira\u021bie, care ajung \u00een Compartimentul de Pneumologie Pediatric\u0103 din Clinica de Pediatrie II Bega. Motivul: astmul bron\u0219ic declan\u0219at de alergiile de prim\u0103var\u0103. Polenul din aceast\u0103 perioad\u0103 devine un factor declan\u0219ator pentru copiii cu sensibilitate ridicat\u0103 la acesta.<\/strong><\/p>\n<p><em>\u201eAproape zilnic vin pentru consult copii care manifest\u0103 un debut de insuficien\u021b\u0103 respiratorie. Ce \u00eenseamn\u0103 asta? Copiii vin cu respira\u021bie \u0219uier\u0103toare, tuse persistent\u0103 \u0219i senza\u021bia de lips\u0103 de aer. Polenul, la care se adaug\u0103, de multe ori, praful sunt factori declan\u0219atori pentru copiii cu teren atopic, iar reac\u021bia organismului este evident\u0103. Avem inclusiv pacien\u021bi sugari, ceea ce \u00eenseamn\u0103 c\u0103 aceast\u0103 sensibilitate se poate transmite de la mam\u0103 la copil. \u0218i, \u00een toate cazurile, vorbim de o urgen\u021b\u0103, pentru c\u0103 totul se poate agrava, put\u00e2nd duce la instalarea unei insuficien\u021be respiratorii. Interven\u021bia rapid\u0103 face diferen\u021ba \u00eentre un episod controlat \u0219i o criz\u0103 sever\u0103 care necesit\u0103 spitalizare\u201d, spune prof. dr. Ioana Ciuc\u0103, medic primar pneumolog pediatru, coordonator Compartimentului de Pneumologie Pediatric\u0103, Clinica II Bega, Timi\u0219oara.<\/em><\/p>\n<p>Astmul bron\u0219ic este una dintre cele mai frecvente boli cronice pulmonare la copil. Afec\u021biunea este, de multe ori, subdiagnosticat\u0103, pentru c\u0103 este confundat\u0103 cu infec\u021bii respiratorii repetate.<\/p>\n<p><em>\u201eP\u0103rin\u021bii trebuie s\u0103 \u00een\u021beleag\u0103 c\u0103, cu c\u00e2t intervenim mai devreme, cu at\u00e2t reducem riscul de crize severe \u0219i complica\u021bii. Este important ca p\u0103rin\u021bii s\u0103 recunoasc\u0103 simptomele \u0219i s\u0103 vin\u0103 c\u00e2t mai repede pentru un consult de specialitate. Evalu\u0103m func\u021bia pulmonar\u0103, stabilim tratamentul pe care trebuie s\u0103 \u00eel urmeze copilul \u0219i prevenim astfel agravarea \u0219i recuren\u021ba crizelor\u201d, spune prof. dr. Ioana Ciuc\u0103, medic primar pneumolog pediatru, coordonator Compartimentului de Pneumologie Pediatric\u0103, Clinica II Bega, Timi\u0219oara.<\/em><\/p>\n<div class=\"sharedaddy sd-sharing-enabled\">\n<div class=\"robots-nocontent sd-block sd-social sd-social-icon-text sd-sharing\">\n<h3 class=\"sd-title\">Partajeaz\u0103 asta:<\/h3>\n<div class=\"sd-content\">\n<ul>\n<li class=\"share-twitter\"><a rel=\"nofollow noopener noreferrer\" data-shared=\"sharing-twitter-40076\" class=\"share-twitter sd-button share-icon\" href=\"https:\/\/focustim.ro\/explozie-a-cazurilor-de-insuficienta-respiratorie-la-copii-cauza-astmul-bronsic-declansat-de-alergii\/?share=twitter\" target=\"_blank\" title=\"D\u0103 clic pentru a partaja pe Twitter\"><span>Twitter<\/span><\/a><\/li>\n<li class=\"share-facebook\"><a rel=\"nofollow noopener noreferrer\" data-shared=\"sharing-facebook-40076\" class=\"share-facebook sd-button share-icon\" href=\"https:\/\/focustim.ro\/explozie-a-cazurilor-de-insuficienta-respiratorie-la-copii-cauza-astmul-bronsic-declansat-de-alergii\/?share=facebook\" target=\"_blank\" title=\"D\u0103 clic pentru a partaja pe Facebook\"><span>Facebook<\/span><\/a><\/li>\n<li class=\"share-end\"><\/ul>\n<\/div>\n<\/div>\n<\/div>\n<div class=\"sharedaddy sd-block sd-like jetpack-likes-widget-wrapper jetpack-likes-widget-unloaded\" id=\"like-post-wrapper-167025405-40076-69e9c12315215\" data-src=\"https:\/\/widgets.wp.com\/likes\/#blog_id=167025405&amp;post_id=40076&amp;origin=focustim.ro&amp;obj_id=167025405-40076-69e9c12315215\" data-name=\"like-post-frame-167025405-40076-69e9c12315215\" data-title=\"Apreciaz\u0103 sau republic\u0103\">\n<h3 class=\"sd-title\">Apreciaz\u0103:<\/h3>\n<div class=\"likes-widget-placeholder post-likes-widget-placeholder\"><span class=\"button\"><span>Apreciere<\/span><\/span><span class=\"loading\">\u00cencarc&#8230;<\/span><\/div>\n<\/div>\n<\/div>\n<footer class=\"penci-entry-footer\">\n<div class=\"penci-source-via-tags-wrap\"><span class=\"tags-links penci-tags-links\"><a href=\"https:\/\/focustim.ro\/tag\/alergii\/\" rel=\"tag\">alergii<\/a><a href=\"https:\/\/focustim.ro\/tag\/astm\/\" rel=\"tag\">astm<\/a><\/span><\/div>\n<p><span class=\"penci-social-buttons penci-social-share-footer\"><span class=\"penci-social-share-text\">Distribuie<\/span><a href=\"https:\/\/focustim.ro\/explozie-a-cazurilor-de-insuficienta-respiratorie-la-copii-cauza-astmul-bronsic-declansat-de-alergii\/\" class=\"penci-post-like penci_post-meta_item  single-like-button penci-social-item like\" data-post_id=\"40076\" title=\"Like\" data-like=\"Like\" data-unlike=\"Unlike\"><span class=\"penci-share-number\">0<\/span><\/a><\/span><\/footer>\n<\/article>\n<div class=\"penci-entry-content entry-content\">\n<p><strong>Ultimele zile au dus la cre\u0219terea num\u0103rului de copii cu dificult\u0103\u021bi accentuate de respira\u021bie, care ajung \u00een Compartimentul de Pneumologie Pediatric\u0103 din Clinica de Pediatrie II Bega. Motivul: astmul bron\u0219ic declan\u0219at de alergiile de prim\u0103var\u0103. Polenul din aceast\u0103 perioad\u0103 devine un factor declan\u0219ator pentru copiii cu sensibilitate ridicat\u0103 la acesta.<\/strong><\/p>\n<p><em>\u201eAproape zilnic vin pentru consult copii care manifest\u0103 un debut de insuficien\u021b\u0103 respiratorie. Ce \u00eenseamn\u0103 asta? Copiii vin cu respira\u021bie \u0219uier\u0103toare, tuse persistent\u0103 \u0219i senza\u021bia de lips\u0103 de aer. Polenul, la care se adaug\u0103, de multe ori, praful sunt factori declan\u0219atori pentru copiii cu teren atopic, iar reac\u021bia organismului este evident\u0103. Avem inclusiv pacien\u021bi sugari, ceea ce \u00eenseamn\u0103 c\u0103 aceast\u0103 sensibilitate se poate transmite de la mam\u0103 la copil. \u0218i, \u00een toate cazurile, vorbim de o urgen\u021b\u0103, pentru c\u0103 totul se poate agrava, put\u00e2nd duce la instalarea unei insuficien\u021be respiratorii. Interven\u021bia rapid\u0103 face diferen\u021ba \u00eentre un episod controlat \u0219i o criz\u0103 sever\u0103 care necesit\u0103 spitalizare\u201d, spune prof. dr. Ioana Ciuc\u0103, medic primar pneumolog pediatru, coordonator Compartimentului de Pneumologie Pediatric\u0103, Clinica II Bega, Timi\u0219oara.<\/em><\/p>\n<p>Astmul bron\u0219ic este una dintre cele mai frecvente boli cronice pulmonare la copil. Afec\u021biunea este, de multe ori, subdiagnosticat\u0103, pentru c\u0103 este confundat\u0103 cu infec\u021bii respiratorii repetate.<\/p>\n<p><em>\u201eP\u0103rin\u021bii trebuie s\u0103 \u00een\u021beleag\u0103 c\u0103, cu c\u00e2t intervenim mai devreme, cu at\u00e2t reducem riscul de crize severe \u0219i complica\u021bii. Este important ca p\u0103rin\u021bii s\u0103 recunoasc\u0103 simptomele \u0219i s\u0103 vin\u0103 c\u00e2t mai repede pentru un consult de specialitate. Evalu\u0103m func\u021bia pulmonar\u0103, stabilim tratamentul pe care trebuie s\u0103 \u00eel urmeze copilul \u0219i prevenim astfel agravarea \u0219i recuren\u021ba crizelor\u201d, spune prof. dr. Ioana Ciuc\u0103, medic primar pneumolog pediatru, coordonator Compartimentului de Pneumologie Pediatric\u0103, Clinica II Bega, Timi\u0219oara.<\/em><\/p>\n<div class=\"sharedaddy sd-sharing-enabled\">\n<div class=\"robots-nocontent sd-block sd-social sd-social-icon-text sd-sharing\">\n<h3 class=\"sd-title\">Partajeaz\u0103 asta:<\/h3>\n<div class=\"sd-content\">\n<ul>\n<li class=\"share-twitter\"><a rel=\"nofollow noopener noreferrer\" data-shared=\"sharing-twitter-40076\" class=\"share-twitter sd-button share-icon\" href=\"https:\/\/focustim.ro\/explozie-a-cazurilor-de-insuficienta-respiratorie-la-copii-cauza-astmul-bronsic-declansat-de-alergii\/?share=twitter\" target=\"_blank\" title=\"D\u0103 clic pentru a partaja pe Twitter\"><span>Twitter<\/span><\/a><\/li>\n<li class=\"share-facebook\"><a rel=\"nofollow noopener noreferrer\" data-shared=\"sharing-facebook-40076\" class=\"share-facebook sd-button share-icon\" href=\"https:\/\/focustim.ro\/explozie-a-cazurilor-de-insuficienta-respiratorie-la-copii-cauza-astmul-bronsic-declansat-de-alergii\/?share=facebook\" target=\"_blank\" title=\"D\u0103 clic pentru a partaja pe Facebook\"><span>Facebook<\/span><\/a><\/li>\n<li class=\"share-end\"><\/ul>\n<\/div>\n<\/div>\n<\/div>\n<div class=\"sharedaddy sd-block sd-like jetpack-likes-widget-wrapper jetpack-likes-widget-unloaded\" id=\"like-post-wrapper-167025405-40076-69e9c12315215\" data-src=\"https:\/\/widgets.wp.com\/likes\/#blog_id=167025405&amp;post_id=40076&amp;origin=focustim.ro&amp;obj_id=167025405-40076-69e9c12315215\" data-name=\"like-post-frame-167025405-40076-69e9c12315215\" data-title=\"Apreciaz\u0103 sau republic\u0103\">\n<h3 class=\"sd-title\">Apreciaz\u0103:<\/h3>\n<div class=\"likes-widget-placeholder post-likes-widget-placeholder\"><span class=\"button\"><span>Apreciere<\/span><\/span><span class=\"loading\">\u00cencarc&#8230;<\/span><\/div>\n<\/div>\n<\/div>\n<p>[analyse_source url=&#8221;https:\/\/focustim.ro\/explozie-a-cazurilor-de-insuficienta-respiratorie-la-copii-cauza-astmul-bronsic-declansat-de-alergii\/&#8221;]<\/p>\n","protected":false},"excerpt":{"rendered":"<p>[analyse_image type=&#8221;featured&#8221; src=&#8221;https:\/\/focustim.ro\/wp-content\/uploads\/2026\/04\/astm.jpg&#8221;] ActualitateFeaturedS\u0103n\u0103tate Explozie a cazurilor de insuficien\u021b\u0103 respiratorie la copii. Cauza: astmul bron\u0219ic declan\u0219at de alergii 23\/04\/202623\/04\/20260 Distribuie0 Ultimele zile au dus la cre\u0219terea num\u0103rului de copii cu dificult\u0103\u021bi accentuate de respira\u021bie, care ajung \u00een Compartimentul de Pneumologie Pediatric\u0103 din Clinica de Pediatrie II Bega. Motivul: astmul bron\u0219ic declan\u0219at de alergiile de prim\u0103var\u0103. [&hellip;]<\/p>\n","protected":false},"author":1,"featured_media":0,"comment_status":"open","ping_status":"","sticky":false,"template":"","format":"standard","meta":{"footnotes":""},"categories":[89],"tags":[226,197],"class_list":["post-1898264","post","type-post","status-publish","format-standard","hentry","category-romania","tag-crawlmanager","tag-focustim-ro"],"_links":{"self":[{"href":"https:\/\/analyse.optim.biz\/index.php?rest_route=\/wp\/v2\/posts\/1898264","targetHints":{"allow":["GET"]}}],"collection":[{"href":"https:\/\/analyse.optim.biz\/index.php?rest_route=\/wp\/v2\/posts"}],"about":[{"href":"https:\/\/analyse.optim.biz\/index.php?rest_route=\/wp\/v2\/types\/post"}],"author":[{"embeddable":true,"href":"https:\/\/analyse.optim.biz\/index.php?rest_route=\/wp\/v2\/users\/1"}],"replies":[{"embeddable":true,"href":"https:\/\/analyse.optim.biz\/index.php?rest_route=%2Fwp%2Fv2%2Fcomments&post=1898264"}],"version-history":[{"count":0,"href":"https:\/\/analyse.optim.biz\/index.php?rest_route=\/wp\/v2\/posts\/1898264\/revisions"}],"wp:attachment":[{"href":"https:\/\/analyse.optim.biz\/index.php?rest_route=%2Fwp%2Fv2%2Fmedia&parent=1898264"}],"wp:term":[{"taxonomy":"category","embeddable":true,"href":"https:\/\/analyse.optim.biz\/index.php?rest_route=%2Fwp%2Fv2%2Fcategories&post=1898264"},{"taxonomy":"post_tag","embeddable":true,"href":"https:\/\/analyse.optim.biz\/index.php?rest_route=%2Fwp%2Fv2%2Ftags&post=1898264"}],"curies":[{"name":"wp","href":"https:\/\/api.w.org\/{rel}","templated":true}]}}