{"id":1898259,"date":"2026-04-22T14:32:26","date_gmt":"2026-04-22T11:32:26","guid":{"rendered":"https:\/\/analyse.optim.biz\/?p=1898259"},"modified":"2026-04-22T14:32:26","modified_gmt":"2026-04-22T11:32:26","slug":"radu-moldovan-demisioneaza-de-la-conducerea-psd-bistrita-nasaud-dupa-perchezitiile-dna","status":"publish","type":"post","link":"https:\/\/analyse.optim.biz\/?p=1898259","title":{"rendered":"Radu Moldovan demisioneaz\u0103 de la conducerea PSD Bistri\u021ba-N\u0103s\u0103ud, dup\u0103 perchezi\u021biile DNA"},"content":{"rendered":"<p>[analyse_image type=&#8221;featured&#8221; src=&#8221;https:\/\/ziardesuceava.ro\/wp-content\/uploads\/2026\/04\/78412.jpg&#8221;]<\/p>\n<div class=\"post-content clearfix\">\n<div class=\"blog-post-thumb\"><img loading=\"lazy\" decoding=\"async\" width=\"800\" height=\"534\" src=\"https:\/\/ziardesuceava.ro\/wp-content\/uploads\/2026\/04\/78412.jpg\" class=\"attachment-inhype-blog-thumb size-inhype-blog-thumb wp-post-image\" alt><\/div>\n<div class=\"entry-content\">\n<div>\n<p class=\"fara-orfani lead\">Radu Moldovan a demisionat miercuri din func\u021bia de lider al PSD Bistri\u021ba-N\u0103s\u0103ud, \u00een urma perchezi\u021biilor efectuate de Direc\u021bia Na\u021bional\u0103 Anticorup\u021bie.<\/p>\n<div class=\"continut-articol\">\n<p>Procurorii din cadrul Direc\u021biei Na\u021bionale Anticorup\u021bie \u2013 Serviciul teritorial Cluj efectueaz\u0103 cercet\u0103ri \u00een trei cauze penale ce vizeaz\u0103 suspiciuni privind s\u0103v\u00e2r\u0219irea, \u00een perioada 2022 \u2013 prezent, a unor infrac\u021biuni de corup\u021bie \u0219i asimilate celor de corup\u021bie, respectiv sp\u0103lare de bani, \u00een contextul achizi\u021biilor unor lucr\u0103ri de utilitate public\u0103 la nivelul Consiliilor Jude\u021bene Bistri\u021ba-N\u0103s\u0103ud \u0219i S\u0103laj.<\/p>\n<p>\u00cen cursul zilei de miercuri au fost efectuate perchezi\u021bii domiciliare \u00een 69 de loca\u021bii situate pe raza jude\u021belor Bistri\u021ba-N\u0103s\u0103ud, Cluj, S\u0103laj, Ia\u0219i \u0219i municipiul Bucure\u0219ti, fiind vizate sediile a dou\u0103 institu\u021bii publice, respectiv domiciliile unor persoane fizice \u0219i sediile\/punctele de lucru ale unor operatori economici, precizeaz\u0103 DNA.<\/p>\n<p>De asemenea, \u00een executarea unui ordin european de anchet\u0103, se desf\u0103\u0219oar\u0103 activit\u0103\u021bi de perchezi\u021bie domiciliar\u0103 \u0219i pe teritoriul statului francez.<\/p>\n<p>Conducerea organiza\u021biei PSD Bistri\u021ba-N\u0103s\u0103ud\u00a0va fi asigurat\u0103 interimar de ministrul energiei, Bogdan Ivan.<\/p>\n<p>.\u201eOrganiza\u021bia jude\u021bean\u0103 PSD Bistri\u021ba-N\u0103s\u0103ud \u00ee\u0219i exprim\u0103 sus\u021binerea fa\u021b\u0103 de domnul Emil Radu Moldovan \u0219i apreciaz\u0103 implicarea, munca \u0219i proiectele transformate \u00een fapte! \u00cen urma situa\u021biei ap\u0103rute, acesta a decis s\u0103 \u00ee\u0219i dea demisia din func\u021bia de pre\u0219edinte al organiza\u021biei PSD Bistri\u021ba-N\u0103s\u0103ud, pentru a evita orice neclarit\u0103\u021bi sau efecte asupra activit\u0103\u021bii organiza\u021biei. Pentru ca lucrurile s\u0103 mearg\u0103 mai departe f\u0103r\u0103 \u00eentreruperi, \u00een \u0219edin\u021ba de urgen\u021b\u0103 de ast\u0103zi a CPJ PSD Bistri\u021ba-N\u0103s\u0103ud s-a decis ca func\u021bia de pre\u0219edinte interimar s\u0103 fie preluat\u0103 de domnul Bogdan Gruia Ivan\u201d, se arat\u0103 \u00eentr-un comunicat PSD.\u00a0<\/p>\n<p>\u00cen dosar este vizat \u0219i c\u00e2nt\u0103re\u021bul Dinu Iancu-S\u0103l\u0103janu (PNL), pre\u0219edintele Consiliului Jude\u021bean S\u0103laj.<\/p>\n<\/div>\n<\/div>\n<\/div>\n<div class=\"inhype-social-share-fixed sidebar-position-right\">\n<div class=\"post-social-wrapper\">\n<div class=\"post-social-title\"><span class=\"post-social-title-text\">Share<\/span><\/div>\n<\/div>\n<\/div>\n<\/div>\n<p>[analyse_source url=&#8221;https:\/\/ziardesuceava.ro\/radu-moldovan-demisioneaza-de-la-conducerea-psd-bistrita-nasaud-dupa-perchezitiile-dna\/&#8221;]<\/p>\n","protected":false},"excerpt":{"rendered":"<p>[analyse_image type=&#8221;featured&#8221; src=&#8221;https:\/\/ziardesuceava.ro\/wp-content\/uploads\/2026\/04\/78412.jpg&#8221;] Radu Moldovan a demisionat miercuri din func\u021bia de lider al PSD Bistri\u021ba-N\u0103s\u0103ud, \u00een urma perchezi\u021biilor efectuate de Direc\u021bia Na\u021bional\u0103 Anticorup\u021bie. Procurorii din cadrul Direc\u021biei Na\u021bionale Anticorup\u021bie \u2013 Serviciul teritorial Cluj efectueaz\u0103 cercet\u0103ri \u00een trei cauze penale ce vizeaz\u0103 suspiciuni privind s\u0103v\u00e2r\u0219irea, \u00een perioada 2022 \u2013 prezent, a unor infrac\u021biuni de corup\u021bie \u0219i [&hellip;]<\/p>\n","protected":false},"author":1,"featured_media":0,"comment_status":"open","ping_status":"","sticky":false,"template":"","format":"standard","meta":{"footnotes":""},"categories":[89],"tags":[226,171],"class_list":["post-1898259","post","type-post","status-publish","format-standard","hentry","category-romania","tag-crawlmanager","tag-ziardesuceava-ro"],"_links":{"self":[{"href":"https:\/\/analyse.optim.biz\/index.php?rest_route=\/wp\/v2\/posts\/1898259","targetHints":{"allow":["GET"]}}],"collection":[{"href":"https:\/\/analyse.optim.biz\/index.php?rest_route=\/wp\/v2\/posts"}],"about":[{"href":"https:\/\/analyse.optim.biz\/index.php?rest_route=\/wp\/v2\/types\/post"}],"author":[{"embeddable":true,"href":"https:\/\/analyse.optim.biz\/index.php?rest_route=\/wp\/v2\/users\/1"}],"replies":[{"embeddable":true,"href":"https:\/\/analyse.optim.biz\/index.php?rest_route=%2Fwp%2Fv2%2Fcomments&post=1898259"}],"version-history":[{"count":0,"href":"https:\/\/analyse.optim.biz\/index.php?rest_route=\/wp\/v2\/posts\/1898259\/revisions"}],"wp:attachment":[{"href":"https:\/\/analyse.optim.biz\/index.php?rest_route=%2Fwp%2Fv2%2Fmedia&parent=1898259"}],"wp:term":[{"taxonomy":"category","embeddable":true,"href":"https:\/\/analyse.optim.biz\/index.php?rest_route=%2Fwp%2Fv2%2Fcategories&post=1898259"},{"taxonomy":"post_tag","embeddable":true,"href":"https:\/\/analyse.optim.biz\/index.php?rest_route=%2Fwp%2Fv2%2Ftags&post=1898259"}],"curies":[{"name":"wp","href":"https:\/\/api.w.org\/{rel}","templated":true}]}}