{"id":1898258,"date":"2026-04-22T12:28:54","date_gmt":"2026-04-22T09:28:54","guid":{"rendered":"https:\/\/analyse.optim.biz\/?p=1898258"},"modified":"2026-04-22T12:28:54","modified_gmt":"2026-04-22T09:28:54","slug":"simion-vom-depune-motiune-de-cenzura-in-luna-mai-vom-vota-orice-motiune-nu-exista-dubii","status":"publish","type":"post","link":"https:\/\/analyse.optim.biz\/?p=1898258","title":{"rendered":"Simion: Vom depune mo\u021biune de cenzur\u0103 \u00een luna mai. Vom vota orice mo\u021biune, nu exist\u0103 dubii"},"content":{"rendered":"<p>[analyse_image type=&#8221;featured&#8221; src=&#8221;https:\/\/ziardesuceava.ro\/wp-content\/uploads\/2026\/04\/78409-1024&#215;683.jpg&#8221;]<\/p>\n<div class=\"post-content clearfix\">\n<div class=\"blog-post-thumb\"><img loading=\"lazy\" decoding=\"async\" width=\"1140\" height=\"694\" src=\"https:\/\/ziardesuceava.ro\/wp-content\/uploads\/2026\/04\/78409-1140x694.jpg\" class=\"attachment-inhype-blog-thumb size-inhype-blog-thumb wp-post-image\" alt><\/div>\n<div class=\"entry-content\">\n<div>\n<p class=\"fara-orfani lead\">Liderul partidului extremist AUR, George Simion, a anun\u021bat miercuri c\u0103 forma\u021biunea va depune o mo\u021biune de cenzur\u0103 \u00een luna mai, iar \u00eentre timp va vot orice mo\u021biune depus\u0103 de alte forma\u021biuni pentru a da jos Guvernul Bolojan.<\/p>\n<div class=\"continut-articol\">\n<p>\u201cAvem parte de ni\u0219te partide iresponsabile \u0219i vrem s\u0103 v\u0103 transmitem ast\u0103zi trei lucruri: unu, Nicu\u0219or Dan a organizat ceva consult\u0103ri. Nu am fost invita\u021bi la acele consult\u0103ri noi sau celelalte for\u021be de opozi\u021bie. Este o jignire la adresa votan\u021bilor no\u0219tri. Dup\u0103 cum a\u021bi v\u0103zut vechile etichet\u0103ri \u0219i g\u00e2ndurile unora c\u0103 nu e bine s\u0103 discute cu noi, au disp\u0103rut din spectrul politic, dar Nicu\u0219or Dan a r\u0103mas la vechile metehne.\u00a0Nu este o atitudine preziden\u021bial\u0103 \u0219i lucrul \u0103sta ne duce cu g\u00e2ndul, inclusiv la faptul c\u0103 actualele certuri din coali\u021bie au fost declan\u0219ate de Nicu\u0219or Dan.\u00a0Doi, nici PSD, nici PNL nu sunt partide serioase \u0219i nu au ni\u0219te conduceri serioase. Nu suntem convin\u0219i c\u0103 PSD-ul va depune o mo\u021biune de cenzur\u0103. Ei ini\u021biind ruperea coali\u021biei. Avem de-a face cu o coali\u021bie defunct\u0103. Acum tot sistemul trebuie s\u0103 poarte noi negocieri. Noi ne-am spus din ziua unu \u0219i chiar am enun\u021bat s\u0103pt\u0103m\u00e2ni \u0219i luni bune pozi\u021bia AUR. Vot\u0103m orice mo\u021biune simpl\u0103, orice mo\u021biune de cenzur\u0103 \u00eempotriva acestui Guvern\u201d, a spus Simion.<\/p>\n<p>AUR nu consider\u0103 c\u0103 PSD-ul este \u201cun partid serios, care va depune o mo\u021biune de cenzur\u0103 \u0219i care va duce la bun sf\u00e2r\u0219it ceea ce a spus\u201d.<\/p>\n<p>\u201cNi se pare c\u0103 fac un joc de glezne.\u00a0 Avem de-a face cu ni\u0219te lideri \u0219i cu ni\u0219te partide neserioase. PSD-ul nu credem c\u0103 va depune mo\u021biune de cenzur\u0103. V-am spus cu o propozi\u021bie mai \u00eenainte.\u00a0 V-am spus c\u0103 noi vom vota orice mo\u021biune, nu exist\u0103 dubii. Toat\u0103 lumea \u00eencearc\u0103 prin studiourile TV s\u0103 r\u0103st\u0103lm\u0103ceasc\u0103 vorbele noastre. E aceea\u0219i chestiune. Nu credem c\u0103 vor depune. Noi vom depune conform calendarului \u00een luna mai, pentru c\u0103 noi ne \u021binem de cuv\u00e2nt\u201d, a continuat Simion.<\/p>\n<\/div>\n<\/div>\n<\/div>\n<div class=\"inhype-social-share-fixed sidebar-position-right\">\n<div class=\"post-social-wrapper\">\n<div class=\"post-social-title\"><span class=\"post-social-title-text\">Share<\/span><\/div>\n<\/div>\n<\/div>\n<\/div>\n<p>[analyse_source url=&#8221;https:\/\/ziardesuceava.ro\/simion-vom-depune-motiune-de-cenzura-in-luna-mai-vom-vota-orice-motiune-nu-exista-dubii\/&#8221;]<\/p>\n","protected":false},"excerpt":{"rendered":"<p>[analyse_image type=&#8221;featured&#8221; src=&#8221;https:\/\/ziardesuceava.ro\/wp-content\/uploads\/2026\/04\/78409-1024&#215;683.jpg&#8221;] Liderul partidului extremist AUR, George Simion, a anun\u021bat miercuri c\u0103 forma\u021biunea va depune o mo\u021biune de cenzur\u0103 \u00een luna mai, iar \u00eentre timp va vot orice mo\u021biune depus\u0103 de alte forma\u021biuni pentru a da jos Guvernul Bolojan. \u201cAvem parte de ni\u0219te partide iresponsabile \u0219i vrem s\u0103 v\u0103 transmitem ast\u0103zi trei lucruri: unu, [&hellip;]<\/p>\n","protected":false},"author":1,"featured_media":0,"comment_status":"open","ping_status":"","sticky":false,"template":"","format":"standard","meta":{"footnotes":""},"categories":[89],"tags":[226,171],"class_list":["post-1898258","post","type-post","status-publish","format-standard","hentry","category-romania","tag-crawlmanager","tag-ziardesuceava-ro"],"_links":{"self":[{"href":"https:\/\/analyse.optim.biz\/index.php?rest_route=\/wp\/v2\/posts\/1898258","targetHints":{"allow":["GET"]}}],"collection":[{"href":"https:\/\/analyse.optim.biz\/index.php?rest_route=\/wp\/v2\/posts"}],"about":[{"href":"https:\/\/analyse.optim.biz\/index.php?rest_route=\/wp\/v2\/types\/post"}],"author":[{"embeddable":true,"href":"https:\/\/analyse.optim.biz\/index.php?rest_route=\/wp\/v2\/users\/1"}],"replies":[{"embeddable":true,"href":"https:\/\/analyse.optim.biz\/index.php?rest_route=%2Fwp%2Fv2%2Fcomments&post=1898258"}],"version-history":[{"count":0,"href":"https:\/\/analyse.optim.biz\/index.php?rest_route=\/wp\/v2\/posts\/1898258\/revisions"}],"wp:attachment":[{"href":"https:\/\/analyse.optim.biz\/index.php?rest_route=%2Fwp%2Fv2%2Fmedia&parent=1898258"}],"wp:term":[{"taxonomy":"category","embeddable":true,"href":"https:\/\/analyse.optim.biz\/index.php?rest_route=%2Fwp%2Fv2%2Fcategories&post=1898258"},{"taxonomy":"post_tag","embeddable":true,"href":"https:\/\/analyse.optim.biz\/index.php?rest_route=%2Fwp%2Fv2%2Ftags&post=1898258"}],"curies":[{"name":"wp","href":"https:\/\/api.w.org\/{rel}","templated":true}]}}