{"id":1898253,"date":"2026-04-22T19:35:33","date_gmt":"2026-04-22T16:35:33","guid":{"rendered":"https:\/\/analyse.optim.biz\/?p=1898253"},"modified":"2026-04-22T19:35:33","modified_gmt":"2026-04-22T16:35:33","slug":"mesajul-presedintelui-in-plina-criza-politica-dupa-o-zi-de-consultari-calm-si-vom-trece-prin-asta","status":"publish","type":"post","link":"https:\/\/analyse.optim.biz\/?p=1898253","title":{"rendered":"Mesajul pre\u0219edintelui \u00een plin\u0103 criz\u0103 politic\u0103, dup\u0103 o zi de consult\u0103ri: Calm \u0219i vom trece prin asta"},"content":{"rendered":"<p>[analyse_image type=&#8221;featured&#8221; src=&#8221;https:\/\/ziardesuceava.ro\/wp-content\/uploads\/2026\/04\/78415-1024&#215;683.jpg&#8221;]<\/p>\n<div class=\"post-content clearfix\">\n<div class=\"blog-post-thumb\"><img loading=\"lazy\" decoding=\"async\" width=\"1140\" height=\"694\" src=\"https:\/\/ziardesuceava.ro\/wp-content\/uploads\/2026\/04\/78415-1140x694.jpg\" class=\"attachment-inhype-blog-thumb size-inhype-blog-thumb wp-post-image\" alt><\/div>\n<div class=\"entry-content\">\n<div>\n<p class=\"fara-orfani lead\">Pre\u0219edintele Nicu\u0219or Dan a precizat miercuri sear\u0103, dup\u0103 consult\u0103ri pe care le-a numit informale cu partidele din Coali\u021bie, c\u0103 a cerut forma\u021biunilor s\u0103 dezescaladare retorica public\u0103, s\u0103 se uite la viitor \u0219i mai mult la solu\u021bii, nu la probleme.<\/p>\n<div class=\"continut-articol\">\n<p><span>\u201cAm avut toat\u0103 ziua de azi consult\u0103ri cu partidele pro-occidentale din actuala Coali\u021bie. O s\u0103<br \/>\nprecizez c\u0103 au fost consult\u0103ri informale, pentru c\u0103 la acest moment politic, Constitu\u021bia nu d\u0103<br \/>\npre\u0219edintelui vreo atribu\u021bie, vreun act direct pe care s\u0103 \u00eel fac\u0103, \u00eens\u0103, evident, e important s\u0103 \u0219tim<br \/>\ncum vedem fiecare dintre noi viitorul. Suntem evident \u00eentr-o criz\u0103 politic\u0103.<br \/>\nCriza asta n-a \u00eenceput azi. De luni de zile ne\u00een\u021belegerile, diferen\u021bele de opinie \u00eentre partidele din Coali\u021bie s-au amplificat. Ce am cerut eu partidelor la discu\u021biile pe care le-am avut, \u0219i o fac \u0219i public<br \/>\nacum, este s\u0103 dezescaladeze retorica public\u0103, pe de o parte, apoi s\u0103 se uite la viitor \u0219i ce vom<br \/>\nface mai mult dec\u00e2t la trecut, \u0219i s\u0103 se uite la solu\u021bii mai mult dec\u00e2t la probleme, pentru c\u0103 cred eu<br \/>\nc\u0103 p\u00e2n\u0103 \u00een momentul \u0103sta fiecare dintre actorii politici \u0219i-a expus nemul\u021bumirile\u201d<\/span>, spus pre\u0219edintele \u00eentr-o scurt\u0103 declara\u021bie de pres\u0103 de circa 3 minute.<\/p>\n<p>Pre\u0219edintele a mai ad\u0103ugat c\u0103 \u201c\u00eentrebarea este cum proced\u0103m \u00een continuare \u0219i \u00een orice formul\u0103 politic\u0103, majoritar\u0103, minoritar\u0103,<br \/>\nvom avea nevoie de dialog \u00eentre for\u021bele politice pro-occidentale\u201d.<\/p>\n<p>\u201cDeci, dezescaladare \u00een acest<br \/>\nmoment pentru a putea avea un dialog \u00een viitor. \u0218i dincolo de criza asta politic\u0103, trebuie s\u0103<br \/>\nspunem \u0219i s\u0103 asigur\u0103m rom\u00e2nii c\u0103 avem institu\u021bia ale statului care func\u021bioneaz\u0103.<br \/>\nSuntem un stat func\u021bional, cu o diferen\u021b\u0103 de opinie la nivel politic. Nu se pune \u00een discu\u021bie direc\u021bia<br \/>\npro-occidental\u0103 a Rom\u00e2niei. Fiecare din partidele care au venit azi \u0219i minorit\u0103\u021bile na\u021bionale au<br \/>\nafirmat expres c\u0103 exclud o guvernare cu for\u021be anti-occidentale, recte AUR, \u0219i fiecare dintre ele \u0219i-a<br \/>\nexprimat disponibilitatea de cooperare \u00een mod special, particular, pe proiectele esen\u021biale pe care<br \/>\nRom\u00e2nia le are \u00een perioada imediat urm\u0103toare, OCDE, SAGE PNRR\u201d, a mai spus pre\u0219edintele.<\/p>\n<p>Pre\u0219edintele Nicu\u0219or Dan \u0219i-a \u00eencheiat declara\u021bia de pres\u0103 cu mesajul: \u201cDeci, calm \u0219i vom trece prin asta\u201d.<\/p>\n<\/div>\n<\/div>\n<\/div>\n<div class=\"inhype-social-share-fixed sidebar-position-right\">\n<div class=\"post-social-wrapper\">\n<div class=\"post-social-title\"><span class=\"post-social-title-text\">Share<\/span><\/div>\n<\/div>\n<\/div>\n<\/div>\n<p>[analyse_source url=&#8221;https:\/\/ziardesuceava.ro\/mesajul-presedintelui-in-plina-criza-politica-dupa-o-zi-de-consultari-calm-si-vom-trece-prin-asta\/&#8221;]<\/p>\n","protected":false},"excerpt":{"rendered":"<p>[analyse_image type=&#8221;featured&#8221; src=&#8221;https:\/\/ziardesuceava.ro\/wp-content\/uploads\/2026\/04\/78415-1024&#215;683.jpg&#8221;] Pre\u0219edintele Nicu\u0219or Dan a precizat miercuri sear\u0103, dup\u0103 consult\u0103ri pe care le-a numit informale cu partidele din Coali\u021bie, c\u0103 a cerut forma\u021biunilor s\u0103 dezescaladare retorica public\u0103, s\u0103 se uite la viitor \u0219i mai mult la solu\u021bii, nu la probleme. \u201cAm avut toat\u0103 ziua de azi consult\u0103ri cu partidele pro-occidentale din actuala Coali\u021bie. [&hellip;]<\/p>\n","protected":false},"author":1,"featured_media":0,"comment_status":"open","ping_status":"","sticky":false,"template":"","format":"standard","meta":{"footnotes":""},"categories":[89],"tags":[226,171],"class_list":["post-1898253","post","type-post","status-publish","format-standard","hentry","category-romania","tag-crawlmanager","tag-ziardesuceava-ro"],"_links":{"self":[{"href":"https:\/\/analyse.optim.biz\/index.php?rest_route=\/wp\/v2\/posts\/1898253","targetHints":{"allow":["GET"]}}],"collection":[{"href":"https:\/\/analyse.optim.biz\/index.php?rest_route=\/wp\/v2\/posts"}],"about":[{"href":"https:\/\/analyse.optim.biz\/index.php?rest_route=\/wp\/v2\/types\/post"}],"author":[{"embeddable":true,"href":"https:\/\/analyse.optim.biz\/index.php?rest_route=\/wp\/v2\/users\/1"}],"replies":[{"embeddable":true,"href":"https:\/\/analyse.optim.biz\/index.php?rest_route=%2Fwp%2Fv2%2Fcomments&post=1898253"}],"version-history":[{"count":0,"href":"https:\/\/analyse.optim.biz\/index.php?rest_route=\/wp\/v2\/posts\/1898253\/revisions"}],"wp:attachment":[{"href":"https:\/\/analyse.optim.biz\/index.php?rest_route=%2Fwp%2Fv2%2Fmedia&parent=1898253"}],"wp:term":[{"taxonomy":"category","embeddable":true,"href":"https:\/\/analyse.optim.biz\/index.php?rest_route=%2Fwp%2Fv2%2Fcategories&post=1898253"},{"taxonomy":"post_tag","embeddable":true,"href":"https:\/\/analyse.optim.biz\/index.php?rest_route=%2Fwp%2Fv2%2Ftags&post=1898253"}],"curies":[{"name":"wp","href":"https:\/\/api.w.org\/{rel}","templated":true}]}}