{"id":1898033,"date":"2026-04-22T15:52:03","date_gmt":"2026-04-22T12:52:03","guid":{"rendered":"https:\/\/analyse.optim.biz\/?p=1898033"},"modified":"2026-04-22T15:52:03","modified_gmt":"2026-04-22T12:52:03","slug":"lucian-harsovschi-ii-raspunde-viceprimarului-dan-ioan-cusnir-experienta-nu-se-preda-odata-cu-biroul","status":"publish","type":"post","link":"https:\/\/analyse.optim.biz\/?p=1898033","title":{"rendered":"Lucian Har\u0219ovschi \u00eei r\u0103spunde viceprimarului Dan Ioan Cu\u0219nir: \u201eExperien\u021ba nu se pred\u0103 odat\u0103 cu biroul!\u201d"},"content":{"rendered":"<p>[analyse_image type=&#8221;featured&#8221; src=&#8221;https:\/\/www.newsbucovina.ro\/wp-content\/uploads\/2026\/04\/WhatsApp-Image-2026-04-22-at-18.36.37.jpeghttps:\/\/cdn.newsbucovina.ro\/wp-content\/uploads\/2026\/04\/WhatsApp-Image-2026-04-22-at-18.36.37.jpeg&#8221;]<\/p>\n<div class=\"td-post-content tagdiv-type\">\n<div class=\"td-a-rec td-a-rec-id-content_top  tdi_3 td_block_template_1\"><strong>Intr\u0103 acum \u0219i \u00een grupul de <\/p>\n<div class=\"wp-block-button\"><a class=\"wp-block-button__link wp-element-button\" href=\"https:\/\/t.me\/+TH8wcfnp8fw5NWI0\">Telegram News Bucovina<\/a><\/div>\n<p><\/strong><\/div>\n<p>Consilierul local Lucian Har\u0219ovschi a transmis o replic\u0103 dur\u0103 viceprimarului Dan Ioan Cu\u0219nir, dup\u0103 ce acesta a criticat raportul de activitate prezentat de fostul viceprimar.<\/p>\n<figure class=\"wp-block-image size-large\"><a href=\"https:\/\/cdn.newsbucovina.ro\/wp-content\/uploads\/2026\/04\/WhatsApp-Image-2026-04-22-at-18.36.37.jpeg\"><img loading=\"lazy\" decoding=\"async\" width=\"1024\" height=\"683\" src=\"https:\/\/cdn.newsbucovina.ro\/wp-content\/uploads\/2026\/04\/WhatsApp-Image-2026-04-22-at-18.36.37-1024x683.jpeg\" alt class=\"wp-image-436789\"><\/a><\/figure>\n<p>\u00cen mesajul s\u0103u, Lucian Har\u0219ovschi precizeaz\u0103 c\u0103 \u00een raportul de activitate nu a f\u0103cut referire nominal\u0103 la nicio persoan\u0103, ci a men\u021bionat doar faptul c\u0103 exist\u0103 proiecte care continu\u0103 \u0219i dup\u0103 administra\u021bia anterioar\u0103. Reac\u021bia lui Dan Ioan Cu\u0219nir l-a determinat s\u0103 ofere un drept la replic\u0103 public.<\/p>\n<p>\u201eAv\u00e2nd \u00een vedere reac\u021bia lui D.I. Cu\u0219nir, consider c\u0103 este important s\u0103 prezint faptul c\u0103, \u00een data de 31 august 2023, a fost aprobat \u00een Consiliul Local, fiind printre ini\u021biatorii proiectului, studiul de fezabilitate privind Parcul \u0218ipote. Ata\u0219ez proiectul de hot\u0103r\u00e2re al Consiliului Local, \u00een care am fost implicat \u0219i eu, precum \u0219i informarea f\u0103cut\u0103 la vremea respectiv\u0103, a\u0219a cum a fost conceput de administra\u021bia din care am f\u0103cut parte \u0219i care urmeaz\u0103 s\u0103 fie implementat \u00een perioada urm\u0103toare\u201d, a afirmat Har\u0219ovschi.<\/p>\n<div class=\"wp-block-image\">\n<figure class=\"aligncenter size-large\"><a href=\"https:\/\/cdn.newsbucovina.ro\/wp-content\/uploads\/2026\/04\/WhatsApp-Image-2026-04-22-at-18.35.36.jpeg\"><img loading=\"lazy\" decoding=\"async\" width=\"838\" height=\"1024\" src=\"https:\/\/cdn.newsbucovina.ro\/wp-content\/uploads\/2026\/04\/WhatsApp-Image-2026-04-22-at-18.35.36-838x1024.jpeg\" alt class=\"wp-image-436790\"><\/a><\/figure>\n<\/div>\n<div class=\"wp-block-image\">\n<figure class=\"aligncenter size-large\"><a href=\"https:\/\/cdn.newsbucovina.ro\/wp-content\/uploads\/2026\/04\/WhatsApp-Image-2026-04-22-at-18.36.28.jpeg\"><img loading=\"lazy\" decoding=\"async\" width=\"584\" height=\"1024\" src=\"https:\/\/cdn.newsbucovina.ro\/wp-content\/uploads\/2026\/04\/WhatsApp-Image-2026-04-22-at-18.36.28-584x1024.jpeg\" alt class=\"wp-image-436791\"><\/a><\/figure>\n<\/div>\n<p>El a ad\u0103ugat c\u0103, \u00een aceea\u0219i \u0219edin\u021b\u0103 din august 2023, au fost aproba\u021bi \u0219i indicatorii tehnico-economici pentru transportul metropolitan \u2013 etapa a II-a, precum \u0219i indicatorii pentru modelarea urban\u0103 destinat\u0103 fluidiz\u0103rii traficului (sensuri unice, band\u0103 dedicat\u0103 transportului \u00een comun, semafoare la toate trecerile de pietoni etc.), proiecte care urmeaz\u0103 s\u0103 fie implementate \u00een perioada urm\u0103toare.<\/p>\n<p>\u201eDac\u0103 memoria \u00eei joac\u0103 feste lui D.I. Cu\u0219nir, \u00eei amintesc c\u0103 era consilier local \u0219i unele dintre aceste proiecte le-a votat doar pentru a avea activitate\u201d, a precizat consilierul.<\/p>\n<figure class=\"wp-block-gallery has-nested-images columns-default is-cropped wp-block-gallery-1 is-layout-flex wp-block-gallery-is-layout-flex\">\n<figure class=\"wp-block-image size-large\"><a href=\"https:\/\/cdn.newsbucovina.ro\/wp-content\/uploads\/2026\/04\/WhatsApp-Image-2026-04-22-at-18.39.12.jpeg\"><img decoding=\"async\" loading=\"lazy\" width=\"932\" height=\"1024\" data-id=\"436792\" src=\"https:\/\/cdn.newsbucovina.ro\/wp-content\/uploads\/2026\/04\/WhatsApp-Image-2026-04-22-at-18.39.12-932x1024.jpeg\" alt class=\"wp-image-436792\"><\/a><figcaption class=\"wp-element-caption\">Proiectul de transport metropolitan ecologic care se implementeaza!<\/figcaption><\/figure>\n<figure class=\"wp-block-image size-large\"><a href=\"https:\/\/cdn.newsbucovina.ro\/wp-content\/uploads\/2026\/04\/WhatsApp-Image-2026-04-22-at-18.39.49.jpeg\"><img decoding=\"async\" loading=\"lazy\" width=\"800\" height=\"1024\" data-id=\"436793\" src=\"https:\/\/cdn.newsbucovina.ro\/wp-content\/uploads\/2026\/04\/WhatsApp-Image-2026-04-22-at-18.39.49-800x1024.jpeg\" alt class=\"wp-image-436793\"><\/a><figcaption class=\"wp-element-caption\">\u0218i ceea ce urmeaz\u0103, sensuri unice \u0219i modelare urban\u0103<\/figcaption><\/figure>\n<\/figure>\n<p>Referitor la alte critici aduse de viceprimar, Lucian Har\u0219ovschi a declarat: \u201eC\u00e2t despre celelalte abera\u021bii, nu are rost s\u0103 comentez. Poate, dac\u0103 experien\u021ba s-ar fi predat odat\u0103 cu biroul, ar fi \u0219tiut c\u0103 sunt anumite atribu\u021bii pe care le are un viceprimar \u0219i eu nu am avut nicio leg\u0103tur\u0103 cu urbanismul sau cu fondul funciar! Consider c\u0103 aceste atacuri ale lui Cu\u0219nir sunt menite s\u0103 mascheze incompeten\u021ba, arogan\u021ba \u0219i faptul c\u0103 e dep\u0103\u0219it de aceast\u0103 func\u021bie, inclusiv din punct de vedere uman!\u201d<\/p>\n<p>Mesajul se \u00eencheie cu o recomandare tran\u0219ant\u0103: \u201eCred c\u0103, uneori, este bine s\u0103 \u0219tii \u0219i c\u00e2nd s\u0103 taci, nu doar s\u0103 prive\u0219ti p\u0103durea din fa\u021b\u0103, f\u0103r\u0103 s\u0103 observi b\u00e2rna din propriii ochi.\u201d<\/p>\n<p>Replica lui Har\u0219ovschi intervine pe fondul unui schimb continuu de acuza\u021bii \u00eentre actuala administra\u021bie \u0219i fo\u0219tii responsabili locali ai municipiului Suceava.<\/p>\n<div class=\"td-a-rec td-a-rec-id-content_bottom  tdi_4 td_block_template_1\"><strong>Intr\u0103 acum \u0219i \u00een grupul de <\/p>\n<div class=\"wp-block-button\"><a class=\"wp-block-button__link wp-element-button\" href=\"https:\/\/t.me\/+TH8wcfnp8fw5NWI0\">Telegram News Bucovina<\/a><\/div>\n<p><\/strong><\/div>\n<\/div>\n<div class=\"td-post-content tagdiv-type\">\n<div class=\"td-a-rec td-a-rec-id-content_top  tdi_3 td_block_template_1\"><strong>Intr\u0103 acum \u0219i \u00een grupul de <\/p>\n<div class=\"wp-block-button\"><a class=\"wp-block-button__link wp-element-button\" href=\"https:\/\/t.me\/+TH8wcfnp8fw5NWI0\">Telegram News Bucovina<\/a><\/div>\n<p><\/strong><\/div>\n<p>Consilierul local Lucian Har\u0219ovschi a transmis o replic\u0103 dur\u0103 viceprimarului Dan Ioan Cu\u0219nir, dup\u0103 ce acesta a criticat raportul de activitate prezentat de fostul viceprimar.<\/p>\n<figure class=\"wp-block-image size-large\"><a href=\"https:\/\/cdn.newsbucovina.ro\/wp-content\/uploads\/2026\/04\/WhatsApp-Image-2026-04-22-at-18.36.37.jpeg\"><img loading=\"lazy\" decoding=\"async\" width=\"1024\" height=\"683\" src=\"https:\/\/cdn.newsbucovina.ro\/wp-content\/uploads\/2026\/04\/WhatsApp-Image-2026-04-22-at-18.36.37-1024x683.jpeg\" alt class=\"wp-image-436789\"><\/a><\/figure>\n<p>\u00cen mesajul s\u0103u, Lucian Har\u0219ovschi precizeaz\u0103 c\u0103 \u00een raportul de activitate nu a f\u0103cut referire nominal\u0103 la nicio persoan\u0103, ci a men\u021bionat doar faptul c\u0103 exist\u0103 proiecte care continu\u0103 \u0219i dup\u0103 administra\u021bia anterioar\u0103. Reac\u021bia lui Dan Ioan Cu\u0219nir l-a determinat s\u0103 ofere un drept la replic\u0103 public.<\/p>\n<p>\u201eAv\u00e2nd \u00een vedere reac\u021bia lui D.I. Cu\u0219nir, consider c\u0103 este important s\u0103 prezint faptul c\u0103, \u00een data de 31 august 2023, a fost aprobat \u00een Consiliul Local, fiind printre ini\u021biatorii proiectului, studiul de fezabilitate privind Parcul \u0218ipote. Ata\u0219ez proiectul de hot\u0103r\u00e2re al Consiliului Local, \u00een care am fost implicat \u0219i eu, precum \u0219i informarea f\u0103cut\u0103 la vremea respectiv\u0103, a\u0219a cum a fost conceput de administra\u021bia din care am f\u0103cut parte \u0219i care urmeaz\u0103 s\u0103 fie implementat \u00een perioada urm\u0103toare\u201d, a afirmat Har\u0219ovschi.<\/p>\n<div class=\"wp-block-image\">\n<figure class=\"aligncenter size-large\"><a href=\"https:\/\/cdn.newsbucovina.ro\/wp-content\/uploads\/2026\/04\/WhatsApp-Image-2026-04-22-at-18.35.36.jpeg\"><img loading=\"lazy\" decoding=\"async\" width=\"838\" height=\"1024\" src=\"https:\/\/cdn.newsbucovina.ro\/wp-content\/uploads\/2026\/04\/WhatsApp-Image-2026-04-22-at-18.35.36-838x1024.jpeg\" alt class=\"wp-image-436790\"><\/a><\/figure>\n<\/div>\n<div class=\"wp-block-image\">\n<figure class=\"aligncenter size-large\"><a href=\"https:\/\/cdn.newsbucovina.ro\/wp-content\/uploads\/2026\/04\/WhatsApp-Image-2026-04-22-at-18.36.28.jpeg\"><img loading=\"lazy\" decoding=\"async\" width=\"584\" height=\"1024\" src=\"https:\/\/cdn.newsbucovina.ro\/wp-content\/uploads\/2026\/04\/WhatsApp-Image-2026-04-22-at-18.36.28-584x1024.jpeg\" alt class=\"wp-image-436791\"><\/a><\/figure>\n<\/div>\n<p>El a ad\u0103ugat c\u0103, \u00een aceea\u0219i \u0219edin\u021b\u0103 din august 2023, au fost aproba\u021bi \u0219i indicatorii tehnico-economici pentru transportul metropolitan \u2013 etapa a II-a, precum \u0219i indicatorii pentru modelarea urban\u0103 destinat\u0103 fluidiz\u0103rii traficului (sensuri unice, band\u0103 dedicat\u0103 transportului \u00een comun, semafoare la toate trecerile de pietoni etc.), proiecte care urmeaz\u0103 s\u0103 fie implementate \u00een perioada urm\u0103toare.<\/p>\n<p>\u201eDac\u0103 memoria \u00eei joac\u0103 feste lui D.I. Cu\u0219nir, \u00eei amintesc c\u0103 era consilier local \u0219i unele dintre aceste proiecte le-a votat doar pentru a avea activitate\u201d, a precizat consilierul.<\/p>\n<figure class=\"wp-block-gallery has-nested-images columns-default is-cropped wp-block-gallery-1 is-layout-flex wp-block-gallery-is-layout-flex\">\n<figure class=\"wp-block-image size-large\"><a href=\"https:\/\/cdn.newsbucovina.ro\/wp-content\/uploads\/2026\/04\/WhatsApp-Image-2026-04-22-at-18.39.12.jpeg\"><img decoding=\"async\" loading=\"lazy\" width=\"932\" height=\"1024\" data-id=\"436792\" src=\"https:\/\/cdn.newsbucovina.ro\/wp-content\/uploads\/2026\/04\/WhatsApp-Image-2026-04-22-at-18.39.12-932x1024.jpeg\" alt class=\"wp-image-436792\"><\/a><figcaption class=\"wp-element-caption\">Proiectul de transport metropolitan ecologic care se implementeaza!<\/figcaption><\/figure>\n<figure class=\"wp-block-image size-large\"><a href=\"https:\/\/cdn.newsbucovina.ro\/wp-content\/uploads\/2026\/04\/WhatsApp-Image-2026-04-22-at-18.39.49.jpeg\"><img decoding=\"async\" loading=\"lazy\" width=\"800\" height=\"1024\" data-id=\"436793\" src=\"https:\/\/cdn.newsbucovina.ro\/wp-content\/uploads\/2026\/04\/WhatsApp-Image-2026-04-22-at-18.39.49-800x1024.jpeg\" alt class=\"wp-image-436793\"><\/a><figcaption class=\"wp-element-caption\">\u0218i ceea ce urmeaz\u0103, sensuri unice \u0219i modelare urban\u0103<\/figcaption><\/figure>\n<\/figure>\n<p>Referitor la alte critici aduse de viceprimar, Lucian Har\u0219ovschi a declarat: \u201eC\u00e2t despre celelalte abera\u021bii, nu are rost s\u0103 comentez. Poate, dac\u0103 experien\u021ba s-ar fi predat odat\u0103 cu biroul, ar fi \u0219tiut c\u0103 sunt anumite atribu\u021bii pe care le are un viceprimar \u0219i eu nu am avut nicio leg\u0103tur\u0103 cu urbanismul sau cu fondul funciar! Consider c\u0103 aceste atacuri ale lui Cu\u0219nir sunt menite s\u0103 mascheze incompeten\u021ba, arogan\u021ba \u0219i faptul c\u0103 e dep\u0103\u0219it de aceast\u0103 func\u021bie, inclusiv din punct de vedere uman!\u201d<\/p>\n<p>Mesajul se \u00eencheie cu o recomandare tran\u0219ant\u0103: \u201eCred c\u0103, uneori, este bine s\u0103 \u0219tii \u0219i c\u00e2nd s\u0103 taci, nu doar s\u0103 prive\u0219ti p\u0103durea din fa\u021b\u0103, f\u0103r\u0103 s\u0103 observi b\u00e2rna din propriii ochi.\u201d<\/p>\n<p>Replica lui Har\u0219ovschi intervine pe fondul unui schimb continuu de acuza\u021bii \u00eentre actuala administra\u021bie \u0219i fo\u0219tii responsabili locali ai municipiului Suceava.<\/p>\n<div class=\"td-a-rec td-a-rec-id-content_bottom  tdi_4 td_block_template_1\"><strong>Intr\u0103 acum \u0219i \u00een grupul de <\/p>\n<div class=\"wp-block-button\"><a class=\"wp-block-button__link wp-element-button\" href=\"https:\/\/t.me\/+TH8wcfnp8fw5NWI0\">Telegram News Bucovina<\/a><\/div>\n<p><\/strong><\/div>\n<\/div>\n<p>[analyse_source url=&#8221;https:\/\/www.newsbucovina.ro\/featured\/436788\/lucian-harsovschi-ii-raspunde-viceprimarului-dan-ioan-cusnir-experienta-nu-se-preda-odata-cu-biroul&#8221;]<\/p>\n","protected":false},"excerpt":{"rendered":"<p>[analyse_image type=&#8221;featured&#8221; src=&#8221;https:\/\/www.newsbucovina.ro\/wp-content\/uploads\/2026\/04\/WhatsApp-Image-2026-04-22-at-18.36.37.jpeghttps:\/\/cdn.newsbucovina.ro\/wp-content\/uploads\/2026\/04\/WhatsApp-Image-2026-04-22-at-18.36.37.jpeg&#8221;] Intr\u0103 acum \u0219i \u00een grupul de Telegram News Bucovina Consilierul local Lucian Har\u0219ovschi a transmis o replic\u0103 dur\u0103 viceprimarului Dan Ioan Cu\u0219nir, dup\u0103 ce acesta a criticat raportul de activitate prezentat de fostul viceprimar. \u00cen mesajul s\u0103u, Lucian Har\u0219ovschi precizeaz\u0103 c\u0103 \u00een raportul de activitate nu a f\u0103cut referire nominal\u0103 la nicio [&hellip;]<\/p>\n","protected":false},"author":1,"featured_media":0,"comment_status":"open","ping_status":"","sticky":false,"template":"","format":"standard","meta":{"footnotes":""},"categories":[89],"tags":[226,165],"class_list":["post-1898033","post","type-post","status-publish","format-standard","hentry","category-romania","tag-crawlmanager","tag-newsbucovina-ro"],"_links":{"self":[{"href":"https:\/\/analyse.optim.biz\/index.php?rest_route=\/wp\/v2\/posts\/1898033","targetHints":{"allow":["GET"]}}],"collection":[{"href":"https:\/\/analyse.optim.biz\/index.php?rest_route=\/wp\/v2\/posts"}],"about":[{"href":"https:\/\/analyse.optim.biz\/index.php?rest_route=\/wp\/v2\/types\/post"}],"author":[{"embeddable":true,"href":"https:\/\/analyse.optim.biz\/index.php?rest_route=\/wp\/v2\/users\/1"}],"replies":[{"embeddable":true,"href":"https:\/\/analyse.optim.biz\/index.php?rest_route=%2Fwp%2Fv2%2Fcomments&post=1898033"}],"version-history":[{"count":0,"href":"https:\/\/analyse.optim.biz\/index.php?rest_route=\/wp\/v2\/posts\/1898033\/revisions"}],"wp:attachment":[{"href":"https:\/\/analyse.optim.biz\/index.php?rest_route=%2Fwp%2Fv2%2Fmedia&parent=1898033"}],"wp:term":[{"taxonomy":"category","embeddable":true,"href":"https:\/\/analyse.optim.biz\/index.php?rest_route=%2Fwp%2Fv2%2Fcategories&post=1898033"},{"taxonomy":"post_tag","embeddable":true,"href":"https:\/\/analyse.optim.biz\/index.php?rest_route=%2Fwp%2Fv2%2Ftags&post=1898033"}],"curies":[{"name":"wp","href":"https:\/\/api.w.org\/{rel}","templated":true}]}}