{"id":1898031,"date":"2026-04-23T04:21:10","date_gmt":"2026-04-23T01:21:10","guid":{"rendered":"https:\/\/analyse.optim.biz\/?p=1898031"},"modified":"2026-04-23T04:21:10","modified_gmt":"2026-04-23T01:21:10","slug":"senatorul-psd-ioan-stan-declaratie-dura-in-senat-guvernul-bolojan-pregateste-instrainarea-companiilor-strategice-ale-romaniei-ne-opunem-categoric-listarii-la-bursa","status":"publish","type":"post","link":"https:\/\/analyse.optim.biz\/?p=1898031","title":{"rendered":"Senatorul PSD Ioan Stan, declara\u021bie dur\u0103 \u00een Senat: \u201eGuvernul Bolojan preg\u0103te\u0219te \u00eenstr\u0103inarea companiilor strategice ale Rom\u00e2niei. Ne opunem categoric list\u0103rii la burs\u0103!\u201d"},"content":{"rendered":"<p>[analyse_image type=&#8221;featured&#8221; src=&#8221;https:\/\/www.newsbucovina.ro\/wp-content\/uploads\/2016\/12\/Ioan-Stan-4.jpghttps:\/\/cdn.newsbucovina.ro\/wp-content\/uploads\/2016\/12\/Ioan-Stan-4.jpg&#8221;]<\/p>\n<div class=\"td-post-content tagdiv-type\">\n<div class=\"td-a-rec td-a-rec-id-content_top  tdi_3 td_block_template_1\"><strong>Intr\u0103 acum \u0219i \u00een grupul de <\/p>\n<div class=\"wp-block-button\"><a class=\"wp-block-button__link wp-element-button\" href=\"https:\/\/t.me\/+TH8wcfnp8fw5NWI0\">Telegram News Bucovina<\/a><\/div>\n<p><\/strong><\/div>\n<p>Senatorul PSD de Suceava Ioan Stan a sus\u021binut miercuri, \u00een \u0219edin\u021ba Senatului, o declara\u021bie politic\u0103 vehement\u0103 prin care critic\u0103 inten\u021biile Guvernului condus de premierul Ilie Bolojan de a lista la burs\u0103 sau de a privatiza par\u021bial cele mai valoroase companii de stat ale Rom\u00e2niei.<\/p>\n<figure class=\"wp-block-image size-full\"><a href=\"https:\/\/cdn.newsbucovina.ro\/wp-content\/uploads\/2016\/12\/Ioan-Stan-4.jpg\"><img loading=\"lazy\" decoding=\"async\" width=\"1024\" height=\"683\" src=\"https:\/\/cdn.newsbucovina.ro\/wp-content\/uploads\/2016\/12\/Ioan-Stan-4.jpg.webp\" alt=\".\" class=\"wp-image-176560\"><\/a><\/figure>\n<p>\u201eSunt cu adev\u0103rat surprins de lipsa de considera\u021bie cu care suntem trata\u021bi de premierul Bolojan \u0219i aparatul s\u0103u de executan\u021bi la ordin\u201d, a declarat senatorul Ioan Stan. El a acuzat Executivul c\u0103 \u00eencearc\u0103 s\u0103 manipuleze PSD cu \u201efraze lacrimogene despre pierderi insuportabile\u201d pentru a accepta \u201epseudosolu\u021bii de consolidare financiar\u0103 a bugetului Rom\u00e2niei\u201d.<\/p>\n<p>Senatorul sucevean a pus sub semnul \u00eentreb\u0103rii mandatul cu care Guvernul preg\u0103te\u0219te listarea la burs\u0103 a unor companii strategice precum <strong>Hidroelectrica, Romgaz, CEC Bank, Po\u0219ta Rom\u00e2n\u0103, Portul Constan\u021ba \u0219i Compania Na\u021bional\u0103 Aeroporturi Bucure\u0219ti<\/strong>. \u201eCum s\u0103 calific\u0103m aceste inten\u021bii \u00eentr-un climat geopolitic \u00een care alte \u021b\u0103ri europene precum Germania, Fran\u021ba, Italia, Spania, Ungaria, Polonia sau Cehia \u00ee\u0219i consolideaz\u0103 companiile din sectoarele strategice? Vrem s\u0103 vindem tocmai ce ar trebui s\u0103 p\u0103str\u0103m\u201d, a afirmat Ioan Stan.<\/p>\n<p>El a atras aten\u021bia c\u0103 aceste manevre au fost preg\u0103tite \u201e\u00een secret\u201d, f\u0103r\u0103 mandat democratic \u0219i f\u0103r\u0103 consultarea partenerilor de coali\u021bie. Senatorul PSD sus\u021bine c\u0103 strategia a fost precedat\u0103 de m\u0103suri economice care au accentuat starea de panic\u0103 \u00een r\u00e2ndul popula\u021biei, iar acum se \u00eencearc\u0103 justificarea v\u00e2nz\u0103rii de ac\u021biuni la cele mai profitabile societ\u0103\u021bi unde statul este ac\u021bionar.<\/p>\n<p>\u201eNu exist\u0103 vreo obliga\u021bie a Rom\u00e2niei de a vinde, \u00een plin\u0103 criz\u0103 energetic\u0103 \u0219i financiar\u0103, companii precum Romgaz, Salrom, Romarm, CEC Bank, Portul Constan\u021ba sau Compania de Aeroporturi Bucure\u0219ti\u201d, a precizat senatorul. El a sus\u021binut necesitatea restructur\u0103rii unor companii de stat, dar s-a opus categoric v\u00e2nz\u0103rii lor, mai ales c\u0103 acestea realizeaz\u0103 profituri \u0219i au rol strategic pentru economia na\u021bional\u0103.<\/p>\n<p>Referitor la jalonul 443 din PNRR, care prevede listarea sau restructurarea a minimum trei companii de stat p\u00e2n\u0103 la 30 iunie 2026, Ioan Stan a ar\u0103tat c\u0103 termenul este nerealist: \u201ePentru a lista o companie \u00ee\u021bi trebuie minimum nou\u0103 luni, iar pentru a o restructura \u2013 \u00eentre unu \u0219i doi ani. C\u00e2\u021bi bani se pierd din nerealizarea acestui jalon? Nu cumva vreo 2 miliarde de euro?\u201d<\/p>\n<p>La finalul declara\u021biei, senatorul sucevean a concluzionat: \u201eCred c\u0103 am argumentat suficient pozi\u021bia noastr\u0103 de respingere categoric\u0103 a acestor m\u0103suri antirom\u00e2ne\u0219ti!\u201d<\/p>\n<p>Declara\u021bia politic\u0103 a senatorului Ioan Stan survine \u00een plin\u0103 criz\u0103 politic\u0103 generat\u0103 de retragerea sprijinului PSD pentru Guvernul Bolojan \u0219i reflect\u0103 pozi\u021bia ferm\u0103 a social-democra\u021bilor \u00eempotriva oric\u0103rei forme de privatizare a activelor strategice ale statului rom\u00e2n.<\/p>\n<div class=\"td-a-rec td-a-rec-id-content_bottom  tdi_4 td_block_template_1\"><strong>Intr\u0103 acum \u0219i \u00een grupul de <\/p>\n<div class=\"wp-block-button\"><a class=\"wp-block-button__link wp-element-button\" href=\"https:\/\/t.me\/+TH8wcfnp8fw5NWI0\">Telegram News Bucovina<\/a><\/div>\n<p><\/strong><\/div>\n<\/div>\n<div class=\"td-post-content tagdiv-type\">\n<div class=\"td-a-rec td-a-rec-id-content_top  tdi_3 td_block_template_1\"><strong>Intr\u0103 acum \u0219i \u00een grupul de <\/p>\n<div class=\"wp-block-button\"><a class=\"wp-block-button__link wp-element-button\" href=\"https:\/\/t.me\/+TH8wcfnp8fw5NWI0\">Telegram News Bucovina<\/a><\/div>\n<p><\/strong><\/div>\n<p>Senatorul PSD de Suceava Ioan Stan a sus\u021binut miercuri, \u00een \u0219edin\u021ba Senatului, o declara\u021bie politic\u0103 vehement\u0103 prin care critic\u0103 inten\u021biile Guvernului condus de premierul Ilie Bolojan de a lista la burs\u0103 sau de a privatiza par\u021bial cele mai valoroase companii de stat ale Rom\u00e2niei.<\/p>\n<figure class=\"wp-block-image size-full\"><a href=\"https:\/\/cdn.newsbucovina.ro\/wp-content\/uploads\/2016\/12\/Ioan-Stan-4.jpg\"><img loading=\"lazy\" decoding=\"async\" width=\"1024\" height=\"683\" src=\"https:\/\/cdn.newsbucovina.ro\/wp-content\/uploads\/2016\/12\/Ioan-Stan-4.jpg.webp\" alt=\".\" class=\"wp-image-176560\"><\/a><\/figure>\n<p>\u201eSunt cu adev\u0103rat surprins de lipsa de considera\u021bie cu care suntem trata\u021bi de premierul Bolojan \u0219i aparatul s\u0103u de executan\u021bi la ordin\u201d, a declarat senatorul Ioan Stan. El a acuzat Executivul c\u0103 \u00eencearc\u0103 s\u0103 manipuleze PSD cu \u201efraze lacrimogene despre pierderi insuportabile\u201d pentru a accepta \u201epseudosolu\u021bii de consolidare financiar\u0103 a bugetului Rom\u00e2niei\u201d.<\/p>\n<p>Senatorul sucevean a pus sub semnul \u00eentreb\u0103rii mandatul cu care Guvernul preg\u0103te\u0219te listarea la burs\u0103 a unor companii strategice precum <strong>Hidroelectrica, Romgaz, CEC Bank, Po\u0219ta Rom\u00e2n\u0103, Portul Constan\u021ba \u0219i Compania Na\u021bional\u0103 Aeroporturi Bucure\u0219ti<\/strong>. \u201eCum s\u0103 calific\u0103m aceste inten\u021bii \u00eentr-un climat geopolitic \u00een care alte \u021b\u0103ri europene precum Germania, Fran\u021ba, Italia, Spania, Ungaria, Polonia sau Cehia \u00ee\u0219i consolideaz\u0103 companiile din sectoarele strategice? Vrem s\u0103 vindem tocmai ce ar trebui s\u0103 p\u0103str\u0103m\u201d, a afirmat Ioan Stan.<\/p>\n<p>El a atras aten\u021bia c\u0103 aceste manevre au fost preg\u0103tite \u201e\u00een secret\u201d, f\u0103r\u0103 mandat democratic \u0219i f\u0103r\u0103 consultarea partenerilor de coali\u021bie. Senatorul PSD sus\u021bine c\u0103 strategia a fost precedat\u0103 de m\u0103suri economice care au accentuat starea de panic\u0103 \u00een r\u00e2ndul popula\u021biei, iar acum se \u00eencearc\u0103 justificarea v\u00e2nz\u0103rii de ac\u021biuni la cele mai profitabile societ\u0103\u021bi unde statul este ac\u021bionar.<\/p>\n<p>\u201eNu exist\u0103 vreo obliga\u021bie a Rom\u00e2niei de a vinde, \u00een plin\u0103 criz\u0103 energetic\u0103 \u0219i financiar\u0103, companii precum Romgaz, Salrom, Romarm, CEC Bank, Portul Constan\u021ba sau Compania de Aeroporturi Bucure\u0219ti\u201d, a precizat senatorul. El a sus\u021binut necesitatea restructur\u0103rii unor companii de stat, dar s-a opus categoric v\u00e2nz\u0103rii lor, mai ales c\u0103 acestea realizeaz\u0103 profituri \u0219i au rol strategic pentru economia na\u021bional\u0103.<\/p>\n<p>Referitor la jalonul 443 din PNRR, care prevede listarea sau restructurarea a minimum trei companii de stat p\u00e2n\u0103 la 30 iunie 2026, Ioan Stan a ar\u0103tat c\u0103 termenul este nerealist: \u201ePentru a lista o companie \u00ee\u021bi trebuie minimum nou\u0103 luni, iar pentru a o restructura \u2013 \u00eentre unu \u0219i doi ani. C\u00e2\u021bi bani se pierd din nerealizarea acestui jalon? Nu cumva vreo 2 miliarde de euro?\u201d<\/p>\n<p>La finalul declara\u021biei, senatorul sucevean a concluzionat: \u201eCred c\u0103 am argumentat suficient pozi\u021bia noastr\u0103 de respingere categoric\u0103 a acestor m\u0103suri antirom\u00e2ne\u0219ti!\u201d<\/p>\n<p>Declara\u021bia politic\u0103 a senatorului Ioan Stan survine \u00een plin\u0103 criz\u0103 politic\u0103 generat\u0103 de retragerea sprijinului PSD pentru Guvernul Bolojan \u0219i reflect\u0103 pozi\u021bia ferm\u0103 a social-democra\u021bilor \u00eempotriva oric\u0103rei forme de privatizare a activelor strategice ale statului rom\u00e2n.<\/p>\n<div class=\"td-a-rec td-a-rec-id-content_bottom  tdi_4 td_block_template_1\"><strong>Intr\u0103 acum \u0219i \u00een grupul de <\/p>\n<div class=\"wp-block-button\"><a class=\"wp-block-button__link wp-element-button\" href=\"https:\/\/t.me\/+TH8wcfnp8fw5NWI0\">Telegram News Bucovina<\/a><\/div>\n<p><\/strong><\/div>\n<\/div>\n<p>[analyse_source url=&#8221;https:\/\/www.newsbucovina.ro\/politica\/436807\/senatorul-psd-ioan-stan-declaratie-dura-in-senat-guvernul-bolojan-pregateste-instrainarea-companiilor-strategice-ale-romaniei-ne-opunem-categoric-listarii-la-bursa&#8221;]<\/p>\n","protected":false},"excerpt":{"rendered":"<p>[analyse_image type=&#8221;featured&#8221; src=&#8221;https:\/\/www.newsbucovina.ro\/wp-content\/uploads\/2016\/12\/Ioan-Stan-4.jpghttps:\/\/cdn.newsbucovina.ro\/wp-content\/uploads\/2016\/12\/Ioan-Stan-4.jpg&#8221;] Intr\u0103 acum \u0219i \u00een grupul de Telegram News Bucovina Senatorul PSD de Suceava Ioan Stan a sus\u021binut miercuri, \u00een \u0219edin\u021ba Senatului, o declara\u021bie politic\u0103 vehement\u0103 prin care critic\u0103 inten\u021biile Guvernului condus de premierul Ilie Bolojan de a lista la burs\u0103 sau de a privatiza par\u021bial cele mai valoroase companii de stat ale [&hellip;]<\/p>\n","protected":false},"author":1,"featured_media":0,"comment_status":"open","ping_status":"","sticky":false,"template":"","format":"standard","meta":{"footnotes":""},"categories":[89],"tags":[226,165],"class_list":["post-1898031","post","type-post","status-publish","format-standard","hentry","category-romania","tag-crawlmanager","tag-newsbucovina-ro"],"_links":{"self":[{"href":"https:\/\/analyse.optim.biz\/index.php?rest_route=\/wp\/v2\/posts\/1898031","targetHints":{"allow":["GET"]}}],"collection":[{"href":"https:\/\/analyse.optim.biz\/index.php?rest_route=\/wp\/v2\/posts"}],"about":[{"href":"https:\/\/analyse.optim.biz\/index.php?rest_route=\/wp\/v2\/types\/post"}],"author":[{"embeddable":true,"href":"https:\/\/analyse.optim.biz\/index.php?rest_route=\/wp\/v2\/users\/1"}],"replies":[{"embeddable":true,"href":"https:\/\/analyse.optim.biz\/index.php?rest_route=%2Fwp%2Fv2%2Fcomments&post=1898031"}],"version-history":[{"count":0,"href":"https:\/\/analyse.optim.biz\/index.php?rest_route=\/wp\/v2\/posts\/1898031\/revisions"}],"wp:attachment":[{"href":"https:\/\/analyse.optim.biz\/index.php?rest_route=%2Fwp%2Fv2%2Fmedia&parent=1898031"}],"wp:term":[{"taxonomy":"category","embeddable":true,"href":"https:\/\/analyse.optim.biz\/index.php?rest_route=%2Fwp%2Fv2%2Fcategories&post=1898031"},{"taxonomy":"post_tag","embeddable":true,"href":"https:\/\/analyse.optim.biz\/index.php?rest_route=%2Fwp%2Fv2%2Ftags&post=1898031"}],"curies":[{"name":"wp","href":"https:\/\/api.w.org\/{rel}","templated":true}]}}